{"id":58705,"date":"2017-01-28T09:17:56","date_gmt":"2017-01-28T12:17:56","guid":{"rendered":"https:\/\/espacoecologico.com.br\/arquivo\/?p=58705"},"modified":"2017-01-28T09:17:56","modified_gmt":"2017-01-28T12:17:56","slug":"premio-sustentabilidade-sindcon-esta-com-inscricoes-abertas","status":"publish","type":"post","link":"https:\/\/espacoecologico.com.br\/arquivo\/premio-sustentabilidade-sindcon-esta-com-inscricoes-abertas\/","title":{"rendered":"Pr\u00eamio Sustentabilidade Sindcon est\u00e1 com inscri\u00e7\u00f5es abertas"},"content":{"rendered":"<p><img loading=\"lazy\" class=\"irc_mi i3qbAYxni188-pQOPx8XEepE\" src=\"http:\/\/jornalggn.com.br\/sites\/default\/files\/u16\/tecnologia-verde.jpg\" alt=\"Imagem relacionada\" width=\"638\" height=\"460\" \/>O Sindcon (Sindicato Nacional das Concession\u00e1rias Privadas de Servi\u00e7os P\u00fablicos de \u00c1gua e Esgoto) recebe at\u00e9 o dia 24 de fevereiro as inscri\u00e7\u00f5es para a segunda edi\u00e7\u00e3o do Pr\u00eamio Sustentabilidade, iniciativa que visa reconhecer as melhores pr\u00e1ticas adotadas pelas empresas privadas que atuam no setor de saneamento b\u00e1sico.<\/p>\n<p>Podem concorrer ao Pr\u00eamio Sustentabilidade 2017 todos os profissionais das empresas e concession\u00e1rias ligadas ao Sindcon. As melhores ideias em cada uma das tr\u00eas categorias \u2013 Institucional, Gest\u00e3o e T\u00e9cnica \u2013 levam R$ 15.000. Os segundo e terceiros colocados de cada categoria recebem, respectivamente, R$ 6 mil e R$ 3 mil.<\/p>\n<p><iframe loading=\"lazy\" src=\"https:\/\/www.youtube.com\/embed\/YFLdcWrpfLI\" width=\"560\" height=\"315\" frameborder=\"0\" allowfullscreen=\"allowfullscreen\"><\/iframe><\/p>\n<p>&nbsp;<\/p>\n<p>Para participar, os interessados podem consultar o regulamento e se inscrever por meio do site <a href=\"http:\/\/www.abconsindcon.com.br\/premio\/\" target=\"_blank\">www.abconsindcon.com.br\/premio<\/a>.<\/p>\n<p>Os vencedores ser\u00e3o conhecidos na cerim\u00f4nia de premia\u00e7\u00e3o, que acontecer\u00e1 no segundo semestre deste ano.<\/p>\n<p>Na primeira edi\u00e7\u00e3o, foram avaliados 44 projetos. A Comiss\u00e3o Julgadora foi formada por profissionais de diversas \u00e1reas e entidades, como a ANA (Ag\u00eancia Nacional de \u00c1guas), Instituto Ethos, Unicef, Finep, UFMG, UFSC, Faculdade de Sa\u00fade P\u00fablica da USP, Eletrobr\u00e1s, Abes, BNDES e Caixa Econ\u00f4mica Federal.<\/p>\n","protected":false},"excerpt":{"rendered":"<p>O Sindcon (Sindicato Nacional das Concession\u00e1rias Privadas de Servi\u00e7os P\u00fablicos de \u00c1gua e Esgoto) recebe<\/p>\n","protected":false},"author":7,"featured_media":0,"comment_status":"open","ping_status":"open","sticky":false,"template":"","format":"standard","meta":[],"categories":[],"tags":[],"uagb_featured_image_src":{"full":false,"thumbnail":false,"medium":false,"medium_large":false,"large":false,"1536x1536":false,"2048x2048":false,"cream-magazine-thumbnail-2":false,"cream-magazine-thumbnail-3":false,"cream-magazine-thumbnail-4":false},"uagb_author_info":{"display_name":"","author_link":"https:\/\/espacoecologico.com.br\/arquivo\/author\/"},"uagb_comment_info":0,"uagb_excerpt":"O Sindcon (Sindicato Nacional das Concession\u00e1rias Privadas de Servi\u00e7os P\u00fablicos de \u00c1gua e Esgoto) recebe","_links":{"self":[{"href":"https:\/\/espacoecologico.com.br\/arquivo\/wp-json\/wp\/v2\/posts\/58705"}],"collection":[{"href":"https:\/\/espacoecologico.com.br\/arquivo\/wp-json\/wp\/v2\/posts"}],"about":[{"href":"https:\/\/espacoecologico.com.br\/arquivo\/wp-json\/wp\/v2\/types\/post"}],"author":[{"embeddable":true,"href":"https:\/\/espacoecologico.com.br\/arquivo\/wp-json\/wp\/v2\/users\/7"}],"replies":[{"embeddable":true,"href":"https:\/\/espacoecologico.com.br\/arquivo\/wp-json\/wp\/v2\/comments?post=58705"}],"version-history":[{"count":0,"href":"https:\/\/espacoecologico.com.br\/arquivo\/wp-json\/wp\/v2\/posts\/58705\/revisions"}],"wp:attachment":[{"href":"https:\/\/espacoecologico.com.br\/arquivo\/wp-json\/wp\/v2\/media?parent=58705"}],"wp:term":[{"taxonomy":"category","embeddable":true,"href":"https:\/\/espacoecologico.com.br\/arquivo\/wp-json\/wp\/v2\/categories?post=58705"},{"taxonomy":"post_tag","embeddable":true,"href":"https:\/\/espacoecologico.com.br\/arquivo\/wp-json\/wp\/v2\/tags?post=58705"}],"curies":[{"name":"wp","href":"https:\/\/api.w.org\/{rel}","templated":true}]}}