{"id":58703,"date":"2017-01-28T09:11:35","date_gmt":"2017-01-28T12:11:35","guid":{"rendered":"https:\/\/espacoecologico.com.br\/arquivo\/?p=58703"},"modified":"2017-01-28T09:11:35","modified_gmt":"2017-01-28T12:11:35","slug":"riquezas-naturais-no-mar-e-na-terra","status":"publish","type":"post","link":"https:\/\/espacoecologico.com.br\/arquivo\/riquezas-naturais-no-mar-e-na-terra\/","title":{"rendered":"Riquezas naturais no mar e na terra"},"content":{"rendered":"<p><em>Ao norte do Brasil, no litoral onde est\u00e3o os rec\u00e9m-descobertos recifes de corais da Amaz\u00f4nia, h\u00e1 peixes-boi, gente encantadora e at\u00e9 foguetes. Conhe\u00e7a algumas curiosidades dessa incr\u00edvel e bela regi\u00e3o do planeta, pouco conhecida at\u00e9 mesmo da maioria dos brasileiros e que merece ser protegida.<\/em><\/p>\n<div id=\"attachment_218383\" class=\"wp-caption aligncenter\" style=\"width: 650px;\"><img loading=\"lazy\" class=\"wp-image-218383\" src=\"http:\/\/www.envolverde.com.br\/wp-content\/uploads\/parque_natural.jpg\" sizes=\"(max-width: 560px) 100vw, 560px\" srcset=\"http:\/\/www.envolverde.com.br\/wp-content\/uploads\/parque_natural.jpg 605w, http:\/\/www.envolverde.com.br\/wp-content\/uploads\/parque_natural-300x200.jpg 300w, http:\/\/www.envolverde.com.br\/wp-content\/uploads\/parque_natural-272x182.jpg 272w\" width=\"640\" height=\"426\" \/><\/p>\n<p class=\"wp-caption-text\">A Reserva Biol\u00f3gica do Lago Piratuba, no Amap\u00e1, fica na Foz do Amazonas, repleta de mangues e \u00e1reas inund\u00e1veis. Foto: Rog\u00e9rio Reis \/ Tyba \/ Greenpeace<\/p>\n<\/div>\n<p>&nbsp;<\/p>\n<p>O navio Esperanza zarpou do porto de Santana, em Macap\u00e1, no \u00faltimo dia 23. A expedi\u00e7\u00e3o faz parte da nossa campanha <a href=\"https:\/\/br.amazonreefs.org\/\" target=\"_blank\">Defenda os Corais da Amaz\u00f4nia<\/a> e vai, justamente, rumo a esse recife oculto, para tentar v\u00ea-lo debaixo d\u2019\u00e1gua. Apesar do nome, eles n\u00e3o est\u00e3o nos rios da floresta, mas no mar, numa \u00e1rea de influ\u00eancia do Rio Amazonas.<\/p>\n<p>Ainda assim, o litoral pr\u00f3ximo \u00e0 extens\u00e3o de todo o recife, \u00e9 bem singular, com riquezas naturais, culturais e at\u00e9 foguetes! E essa bela regi\u00e3o, de onde depende a sobreviv\u00eancia de muitas comunidades e uma infinidade de esp\u00e9cies de animais, pode ser impactada pela atividade petrol\u00edfera que amea\u00e7a chegar na Bacia da Foz do Amazonas.<\/p>\n<p>Conhe\u00e7a dez curiosidades de l\u00e1:<\/p>\n<p>1. A maior parte dos recifes de corais fica na costa do Amap\u00e1, um estado no extremo norte do Brasil, com apenas 16 munic\u00edpios.<\/p>\n<div id=\"attachment_218384\" class=\"wp-caption aligncenter\" style=\"width: 650px;\"><img loading=\"lazy\" class=\"wp-image-218384\" src=\"http:\/\/www.envolverde.com.br\/wp-content\/uploads\/costa_amapa.jpg\" sizes=\"(max-width: 560px) 100vw, 560px\" srcset=\"http:\/\/www.envolverde.com.br\/wp-content\/uploads\/costa_amapa.jpg 605w, http:\/\/www.envolverde.com.br\/wp-content\/uploads\/costa_amapa-300x200.jpg 300w, http:\/\/www.envolverde.com.br\/wp-content\/uploads\/costa_amapa-272x182.jpg 272w\" width=\"640\" height=\"426\" \/><\/p>\n<p class=\"wp-caption-text\">\nA costa do estado do Amap\u00e1 congrega biomas variados, como mangues e florestas tropicais, e um importante bioma ainda pouco conhecido pela ci\u00eancia. Foto: Victor Moriyama \/ Greenpeace<\/p>\n<\/div>\n<p>&nbsp;<\/p>\n<p>2. A popula\u00e7\u00e3o estimada do Amap\u00e1 \u00e9 de 780 mil habitantes. \u00c9 o estado com a quinta menor concentra\u00e7\u00e3o de pessoas por quil\u00f4metro quadrado (4,6 habitantes por km2).<\/p>\n<p>3. A capital \u00e9 Macap\u00e1, por onde passa a Linha do Equador. Por isso, quase todos os recifes de corais da Amaz\u00f4nia est\u00e3o no hemisf\u00e9rio norte!<\/p>\n<p>4. No Amap\u00e1 vivem v\u00e1rias esp\u00e9cies de animais em risco de extin\u00e7\u00e3o. Alguns exemplos s\u00e3o: o peixe-boi-marinho (Trichechus manatus) e o peixe-boi-amaz\u00f4nico (Trichechus inunguis), a ariranha (Pteronura brasiliensis), o tracaj\u00e1 (Podocnemis unifilis), a tartaruga-de-couro (Dermochelys coriacea) e a tartaruga-oliva (Lepidochelys olivacea).<\/p>\n<div id=\"attachment_218385\" class=\"wp-caption aligncenter\" style=\"width: 648px;\"><img loading=\"lazy\" class=\"wp-image-218385\" src=\"http:\/\/www.envolverde.com.br\/wp-content\/uploads\/peixeboi.jpg\" sizes=\"(max-width: 560px) 100vw, 560px\" srcset=\"http:\/\/www.envolverde.com.br\/wp-content\/uploads\/peixeboi.jpg 605w, http:\/\/www.envolverde.com.br\/wp-content\/uploads\/peixeboi-300x203.jpg 300w\" width=\"638\" height=\"432\" \/><\/p>\n<p class=\"wp-caption-text\">Peixe-boi-marinho (Trichechus manatus) \u00e9 uma das esp\u00e9cies que habitam a costa do Amap\u00e1 Foto: Zig Koch<\/p>\n<\/div>\n<p>&nbsp;<\/p>\n<p>5. A pesca \u00e9 uma das principais atividades econ\u00f4micas do estado. E h\u00e1 uma forte presen\u00e7a da pesca tradicional, realizada por comunidades ribeirinhas. H\u00e1 muita pesca de lagosta por ali. E a presen\u00e7a desses crust\u00e1ceos era uma das pistas para a ocorr\u00eancia de corais na regi\u00e3o.<\/p>\n<div id=\"attachment_218386\" class=\"wp-caption aligncenter\" style=\"width: 650px;\"><img loading=\"lazy\" class=\"wp-image-218386\" src=\"http:\/\/www.envolverde.com.br\/wp-content\/uploads\/pescador-2.jpg\" sizes=\"(max-width: 560px) 100vw, 560px\" srcset=\"http:\/\/www.envolverde.com.br\/wp-content\/uploads\/pescador-2.jpg 605w, http:\/\/www.envolverde.com.br\/wp-content\/uploads\/pescador-2-300x200.jpg 300w, http:\/\/www.envolverde.com.br\/wp-content\/uploads\/pescador-2-272x182.jpg 272w\" width=\"640\" height=\"426\" \/><\/p>\n<p class=\"wp-caption-text\">Pescadores na cidade de Cal\u00e7oene. O Amap\u00e1 est\u00e1 no foco da ind\u00fastria petrol\u00edfera, que tem planos de explorar o combust\u00edvel f\u00f3ssil em sua costa, colocando em risco o modo de vida de popula\u00e7\u00f5es tradicionais e o ecossistema. Foto: Victor Moriyama\/Greenpeace<\/p>\n<\/div>\n<p>&nbsp;<\/p>\n<p>6. Est\u00e1 no Amap\u00e1 o ponto onde o Brasil come\u00e7a: o Oiapoque! Daqui alguns dias, o navio Esperanza vai chegar l\u00e1!<\/p>\n<p>7. Ali tamb\u00e9m fica o Parque Nacional do Cabo Orange, uma Unidade de Conserva\u00e7\u00e3o que se estende por 200 km no litoral. Est\u00e1 exatamente de frente para os blocos em que a Total e a BP querem explorar petr\u00f3leo em breve.<\/p>\n<div id=\"attachment_218387\" class=\"wp-caption aligncenter\" style=\"width: 650px;\"><img loading=\"lazy\" class=\"wp-image-218387\" src=\"http:\/\/www.envolverde.com.br\/wp-content\/uploads\/parqueorange.jpg\" sizes=\"(max-width: 560px) 100vw, 560px\" srcset=\"http:\/\/www.envolverde.com.br\/wp-content\/uploads\/parqueorange.jpg 605w, http:\/\/www.envolverde.com.br\/wp-content\/uploads\/parqueorange-300x200.jpg 300w, http:\/\/www.envolverde.com.br\/wp-content\/uploads\/parqueorange-272x182.jpg 272w\" width=\"640\" height=\"426\" \/><\/p>\n<p class=\"wp-caption-text\">O Parque Nacional do Cabo Orange \u00e9 uma importante \u00e1rea de prote\u00e7\u00e3o na regi\u00e3o. Foto: Victor Moriyama \/ Greenpeace<\/p>\n<\/div>\n<p>&nbsp;<\/p>\n<p>8. O Parque abriga a maior \u00e1rea cont\u00ednua de mangues protegidos do mundo. H\u00e1 faixas que chegam a 10 km de extens\u00e3o. Esses mangues, at\u00e9 agora est\u00e3o super bem preservados.<\/p>\n<div id=\"attachment_218388\" class=\"wp-caption aligncenter\" style=\"width: 648px;\"><img loading=\"lazy\" class=\"wp-image-218388\" src=\"http:\/\/www.envolverde.com.br\/wp-content\/uploads\/manguezais.jpg\" sizes=\"(max-width: 560px) 100vw, 560px\" srcset=\"http:\/\/www.envolverde.com.br\/wp-content\/uploads\/manguezais.jpg 605w, http:\/\/www.envolverde.com.br\/wp-content\/uploads\/manguezais-300x200.jpg 300w, http:\/\/www.envolverde.com.br\/wp-content\/uploads\/manguezais-272x182.jpg 272w\" width=\"638\" height=\"425\" \/><\/p>\n<p class=\"wp-caption-text\">Maior \u00e1rea cont\u00ednua de mangue do planeta no Parque Nacional do Cabo Orange. Foto: Victor Moriyama \/ Greenpeace<\/p>\n<\/div>\n<p>&nbsp;<\/p>\n<p>9. O Oiapoque \u00e9 vizinho da Fran\u00e7a! Isso porque faz fronteira com a Guiana Francesa, que foi col\u00f4nia do pa\u00eds europeu at\u00e9 1947. Hoje, \u00e9 considerado um \u201cdepartamento ultramarino franc\u00eas\u201d, ou seja, \u00e9 parte do pa\u00eds e, logo, da Uni\u00e3o Europeia.<\/p>\n<p>10. Na Guiana Francesa fica um centro de lan\u00e7amento de foguetes. Considera-se ali uma localiza\u00e7\u00e3o boa para este tipo de atividade. Mas nem sempre isso \u00e9 bom. H\u00e1 in\u00fameros relatos de peda\u00e7os de foguetes que caem no mar brasileiro e s\u00e3o levados pelas correntes para a costa e os mangues do Cabo Orange.<\/p>\n<div id=\"attachment_218389\" class=\"wp-caption aligncenter\" style=\"width: 650px;\"><img loading=\"lazy\" class=\"wp-image-218389\" src=\"http:\/\/www.envolverde.com.br\/wp-content\/uploads\/guaras.jpg\" sizes=\"(max-width: 560px) 100vw, 560px\" srcset=\"http:\/\/www.envolverde.com.br\/wp-content\/uploads\/guaras.jpg 605w, http:\/\/www.envolverde.com.br\/wp-content\/uploads\/guaras-300x200.jpg 300w, http:\/\/www.envolverde.com.br\/wp-content\/uploads\/guaras-272x182.jpg 272w\" width=\"640\" height=\"426\" \/><\/p>\n<p class=\"wp-caption-text\">Guar\u00e1s e Gar\u00e7as sobrevoam \u00e1rea de mangue no Parque Nacional do Cabo Orange. Foto: Victor Moriyama \/ Greenpeace<\/p>\n<\/div>\n","protected":false},"excerpt":{"rendered":"<p>Ao norte do Brasil, no litoral onde est\u00e3o os rec\u00e9m-descobertos recifes de corais da Amaz\u00f4nia,<\/p>\n","protected":false},"author":7,"featured_media":0,"comment_status":"open","ping_status":"open","sticky":false,"template":"","format":"standard","meta":[],"categories":[],"tags":[],"uagb_featured_image_src":{"full":false,"thumbnail":false,"medium":false,"medium_large":false,"large":false,"1536x1536":false,"2048x2048":false,"cream-magazine-thumbnail-2":false,"cream-magazine-thumbnail-3":false,"cream-magazine-thumbnail-4":false},"uagb_author_info":{"display_name":"","author_link":"https:\/\/espacoecologico.com.br\/arquivo\/author\/"},"uagb_comment_info":0,"uagb_excerpt":"Ao norte do Brasil, no litoral onde est\u00e3o os rec\u00e9m-descobertos recifes de corais da Amaz\u00f4nia,","_links":{"self":[{"href":"https:\/\/espacoecologico.com.br\/arquivo\/wp-json\/wp\/v2\/posts\/58703"}],"collection":[{"href":"https:\/\/espacoecologico.com.br\/arquivo\/wp-json\/wp\/v2\/posts"}],"about":[{"href":"https:\/\/espacoecologico.com.br\/arquivo\/wp-json\/wp\/v2\/types\/post"}],"author":[{"embeddable":true,"href":"https:\/\/espacoecologico.com.br\/arquivo\/wp-json\/wp\/v2\/users\/7"}],"replies":[{"embeddable":true,"href":"https:\/\/espacoecologico.com.br\/arquivo\/wp-json\/wp\/v2\/comments?post=58703"}],"version-history":[{"count":0,"href":"https:\/\/espacoecologico.com.br\/arquivo\/wp-json\/wp\/v2\/posts\/58703\/revisions"}],"wp:attachment":[{"href":"https:\/\/espacoecologico.com.br\/arquivo\/wp-json\/wp\/v2\/media?parent=58703"}],"wp:term":[{"taxonomy":"category","embeddable":true,"href":"https:\/\/espacoecologico.com.br\/arquivo\/wp-json\/wp\/v2\/categories?post=58703"},{"taxonomy":"post_tag","embeddable":true,"href":"https:\/\/espacoecologico.com.br\/arquivo\/wp-json\/wp\/v2\/tags?post=58703"}],"curies":[{"name":"wp","href":"https:\/\/api.w.org\/{rel}","templated":true}]}}