{"id":58694,"date":"2017-01-27T21:20:42","date_gmt":"2017-01-28T00:20:42","guid":{"rendered":"https:\/\/espacoecologico.com.br\/arquivo\/?p=58694"},"modified":"2017-01-27T21:20:42","modified_gmt":"2017-01-28T00:20:42","slug":"menos-lixo-e-poluicao-capital-da-india-proibe-uso-de-plastico-descartavel","status":"publish","type":"post","link":"https:\/\/espacoecologico.com.br\/arquivo\/menos-lixo-e-poluicao-capital-da-india-proibe-uso-de-plastico-descartavel\/","title":{"rendered":"Menos lixo e polui\u00e7\u00e3o: capital da \u00cdndia pro\u00edbe uso de pl\u00e1stico descart\u00e1vel"},"content":{"rendered":"<header><\/header>\n<div class=\"itemBodyWrap\">\n<div class=\"itemBody\">\n<div class=\"img-fulltext-none\"><img loading=\"lazy\" class=\"caption\" title=\"pl\u00e1stico \u00cdndia\" src=\"https:\/\/www.greenme.com.br\/images\/informar-se\/lixo-e-riciclagem\/plastico-india-lei.jpg\" alt=\"pl\u00e1stico \u00cdndia\" width=\"637\" height=\"329\" \/><\/div>\n<p>Uma \u00f3tima not\u00edcia vem do outro lado do mundo! A <strong>\u00cdndia acaba de proibir o uso de qualquer tipo de pl\u00e1stico descart\u00e1vel<\/strong> em Nova D\u00e9li, capital do pa\u00eds.<\/p>\n<p>Depois da <a href=\"https:\/\/www.greenme.com.br\/informar-se\/lixo-e-reciclagem\/4036-agora-e-lei-na-franca-chega-de-plastico\">Fran\u00e7a abolir o uso de pl\u00e1stico descart\u00e1vel<\/a>, chegou a vez da \u00cdndia. A justi\u00e7a indiana aprovou uma lei que pro\u00edbe copos, talheres, pratos e qualquer outro produto feito de pl\u00e1stico em Nova D\u00e9li como forma de <strong>minimizar a quantidade de pl\u00e1stico que o pa\u00eds descarta no meio ambiente<\/strong>, j\u00e1 que se estima que cerca de\u00a060% do lixo pl\u00e1stico presente dos oceanos \u00e9 proveniente da \u00cdndia.<\/p>\n<div><\/div>\n<p>Calcula-se que\u00a05,25 trilh\u00f5es de part\u00edculas de pl\u00e1stico estejam boiando, agora, nos oceanos, segundo <a href=\"http:\/\/oglobo.globo.com\/sociedade\/sustentabilidade\/india-proibe-uso-de-plastico-descartavel-na-capital-do-pais-20828393\" target=\"_blank\" rel=\"nofollow\">O Globo<\/a>. Ou seja, a participa\u00e7\u00e3o da \u00cdndia nesse montante \u00e9 muito grande.<\/p>\n<h2>Polui\u00e7\u00e3o na \u00cdndia<\/h2>\n<p>A lei, que atinge o\u00a0Territ\u00f3rio Nacional da Capital, foi aprovada porque houve muitas <strong>cr\u00edticas acerca de inc\u00eandios ilegais de pl\u00e1stico em lix\u00f5es a c\u00e9u aberto<\/strong>, que estariam provocando a polui\u00e7\u00e3o do ar &#8211; que j\u00e1 \u00e9 alarmante na \u00cdndia.<\/p>\n<p>O decreto, que entrou em vigor este m\u00eas, diz que esses locais onde estavam sendo realizados os inc\u00eandios provocam desordem para o meio ambiente e para a sa\u00fade das pessoas que vivem na capital do pa\u00eds.<\/p>\n<p>O documento, de acordo com o <em><a href=\"http:\/\/www.indiatimes.com\/news\/india\/all-forms-of-disposable-plastic-banned-in-delhi-ncr-270237.html\" target=\"_blank\" rel=\"nofollow\">India Times<\/a><\/em>, afirma, ainda, que a <strong>compensa\u00e7\u00e3o ambiental ser\u00e1 imposta aos vendedores de vegetais e matadouros que jogarem lixo em locais p\u00fablicos<\/strong>.<\/p>\n<p>Embora n\u00e3o abranja todo o pa\u00eds, pode-se considerar essa lei uma pequeno avan\u00e7o para dirimir problemas de sa\u00fade p\u00fablica para a popula\u00e7\u00e3o indiana e e para as pessoas de todo o planeta, como consequ\u00eancia.<\/p>\n<div class=\"secondadsmobile\"><\/div>\n<p>O lixo pl\u00e1stico nos mares \u00e9 um tema preocupante para todo mundo e para a vida marinha.<\/p>\n<\/div>\n<\/div>\n","protected":false},"excerpt":{"rendered":"<p>Uma \u00f3tima not\u00edcia vem do outro lado do mundo! A \u00cdndia acaba de proibir o<\/p>\n","protected":false},"author":7,"featured_media":0,"comment_status":"open","ping_status":"open","sticky":false,"template":"","format":"standard","meta":[],"categories":[],"tags":[],"uagb_featured_image_src":{"full":false,"thumbnail":false,"medium":false,"medium_large":false,"large":false,"1536x1536":false,"2048x2048":false,"cream-magazine-thumbnail-2":false,"cream-magazine-thumbnail-3":false,"cream-magazine-thumbnail-4":false},"uagb_author_info":{"display_name":"","author_link":"https:\/\/espacoecologico.com.br\/arquivo\/author\/"},"uagb_comment_info":0,"uagb_excerpt":"Uma \u00f3tima not\u00edcia vem do outro lado do mundo! A \u00cdndia acaba de proibir o","_links":{"self":[{"href":"https:\/\/espacoecologico.com.br\/arquivo\/wp-json\/wp\/v2\/posts\/58694"}],"collection":[{"href":"https:\/\/espacoecologico.com.br\/arquivo\/wp-json\/wp\/v2\/posts"}],"about":[{"href":"https:\/\/espacoecologico.com.br\/arquivo\/wp-json\/wp\/v2\/types\/post"}],"author":[{"embeddable":true,"href":"https:\/\/espacoecologico.com.br\/arquivo\/wp-json\/wp\/v2\/users\/7"}],"replies":[{"embeddable":true,"href":"https:\/\/espacoecologico.com.br\/arquivo\/wp-json\/wp\/v2\/comments?post=58694"}],"version-history":[{"count":0,"href":"https:\/\/espacoecologico.com.br\/arquivo\/wp-json\/wp\/v2\/posts\/58694\/revisions"}],"wp:attachment":[{"href":"https:\/\/espacoecologico.com.br\/arquivo\/wp-json\/wp\/v2\/media?parent=58694"}],"wp:term":[{"taxonomy":"category","embeddable":true,"href":"https:\/\/espacoecologico.com.br\/arquivo\/wp-json\/wp\/v2\/categories?post=58694"},{"taxonomy":"post_tag","embeddable":true,"href":"https:\/\/espacoecologico.com.br\/arquivo\/wp-json\/wp\/v2\/tags?post=58694"}],"curies":[{"name":"wp","href":"https:\/\/api.w.org\/{rel}","templated":true}]}}