{"id":54642,"date":"2016-11-28T13:00:22","date_gmt":"2016-11-28T16:00:22","guid":{"rendered":"https:\/\/espacoecologico.com.br\/arquivo\/?p=54642"},"modified":"2016-11-28T12:13:00","modified_gmt":"2016-11-28T15:13:00","slug":"periquito-cara-suja-retorna-a-natureza-gracas-ao-trabalho-de-pesquisadores-e-biologos","status":"publish","type":"post","link":"https:\/\/espacoecologico.com.br\/arquivo\/periquito-cara-suja-retorna-a-natureza-gracas-ao-trabalho-de-pesquisadores-e-biologos\/","title":{"rendered":"Periquito-cara-suja retorna \u00e0 natureza gra\u00e7as ao trabalho de pesquisadores e bi\u00f3logos"},"content":{"rendered":"<p><a href=\"https:\/\/espacoecologico.com.br\/arquivo\/?attachment_id=54643\" rel=\"attachment wp-att-54643\"><img loading=\"lazy\" class=\"alignleft size-medium wp-image-54643\" src=\"https:\/\/espacoecologico.com.br\/arquivo\/wp-content\/uploads\/2016\/11\/piriquito-2-300x192.jpg\" alt=\"\" width=\"300\" height=\"192\" srcset=\"https:\/\/espacoecologico.com.br\/arquivo\/wp-content\/uploads\/2016\/11\/piriquito-2-300x192.jpg 300w, https:\/\/espacoecologico.com.br\/arquivo\/wp-content\/uploads\/2016\/11\/piriquito-2.jpg 415w\" sizes=\"(max-width: 300px) 100vw, 300px\" \/><\/a>O Brasil \u00e9 o pa\u00eds com maior n\u00famero de <a title=\"Lista de aves brasileiras amea\u00e7adas de extin\u00e7\u00e3o\" href=\"http:\/\/www.pensamentoverde.com.br\/meio-ambiente\/lista-de-aves-brasileiras-ameacadas-de-extincao\/\">aves amea\u00e7adas de extin\u00e7\u00e3o<\/a> no mundo. Foram registradas no ano passado 165 esp\u00e9cies, o que representa 12% de todas as aves em risco no planeta. Por\u00e9m, em 2016 ganhamos uma nova esperan\u00e7a com o retorno do periquito-cara-sujo \u00e0 natureza.<\/p>\n<p>Em 2003, depois de uma pesquisa, foram encontradas apenas 250 esp\u00e9cies na regi\u00e3o da Serra de Baturit\u00e9 (CE), devido ao desmatamento e \u00e0 ca\u00e7a ilegal. Esse n\u00famero com certeza era bastante alarmante e desesperador, o que levou o periquito a ser listado como uma esp\u00e9cie com risco grav\u00edssimo de extin\u00e7\u00e3o e um dos psitac\u00eddeos mais amea\u00e7ado das Am\u00e9ricas.<\/p>\n<p>Entretanto, gra\u00e7as ao trabalho \u00e1rduo de pesquisadores e bi\u00f3logos da ONG Aquasis, junto com a Funda\u00e7\u00e3o O Botic\u00e1rio de Prote\u00e7\u00e3o \u00e0 Natureza, iniciado em 2006, cerca de 440 filhotes nasceram nos \u00faltimos sete anos. Este ano a expectativa \u00e9 que mais de 180 pequenos periquitos-cara-suja se juntem ao grupo.<\/p>\n<h2><strong>Fim da esp\u00e9cie poderia comprometer florestas<\/strong><\/h2>\n<p>O resultado obtido \u00e9 bastante significativo, afinal, atualmente s\u00e3o encontrados menos de mil indiv\u00edduos livres na natureza, n\u00famero extremamente pequeno e assustador. Essa esp\u00e9cie tem grande import\u00e2ncia na floresta e para os moradores da regi\u00e3o, j\u00e1 que s\u00e3o respons\u00e1veis pelo espalhamento de sementes maiores. Se esta ave desaparecesse, \u00e1rvores como o camunz\u00e9 seriam seriamente prejudicadas, empobrecendo a floresta e, consequentemente, afetando o bem-estar das comunidades.<\/p>\n<p>A esp\u00e9cie ainda n\u00e3o tem um Plano de A\u00e7\u00e3o Nacional (PAN), mas espera-se que at\u00e9 2020, de acordo com a Conserva\u00e7\u00e3o da Diversidade Bi\u00f3loga (CDB), o pa\u00eds coloque em pr\u00e1tica planos de a\u00e7\u00e3o para todas as esp\u00e9cies oficialmente amea\u00e7adas.<\/p>\n<p>Os pesquisadores ainda destacam a import\u00e2ncia da cria\u00e7\u00e3o de unidades de conserva\u00e7\u00e3o de prote\u00e7\u00e3o integral e a urg\u00eancia da fiscaliza\u00e7\u00e3o ao redor da \u00c1rea de Prote\u00e7\u00e3o Ambiental (APA) da regi\u00e3o. Para eles a amea\u00e7a central, no caso do periquito-cara-suja, \u00e9 a aus\u00eancia de \u00e1rvores de grande porte e o tr\u00e1fico de animais silvestres. Para reverter o cen\u00e1rio deveriam ser adotadas duas a\u00e7\u00f5es emergenciais: uma de conscientiza\u00e7\u00e3o da popula\u00e7\u00e3o para a import\u00e2ncia da esp\u00e9cie e outra de implanta\u00e7\u00e3o de caixas-ninho.<\/p>\n","protected":false},"excerpt":{"rendered":"<p>O Brasil \u00e9 o pa\u00eds com maior n\u00famero de aves amea\u00e7adas de extin\u00e7\u00e3o no mundo.<\/p>\n","protected":false},"author":6,"featured_media":54643,"comment_status":"open","ping_status":"open","sticky":false,"template":"","format":"standard","meta":[],"categories":[],"tags":[],"uagb_featured_image_src":{"full":["https:\/\/espacoecologico.com.br\/arquivo\/wp-content\/uploads\/2016\/11\/piriquito-2.jpg",415,265,false],"thumbnail":["https:\/\/espacoecologico.com.br\/arquivo\/wp-content\/uploads\/2016\/11\/piriquito-2-150x150.jpg",150,150,true],"medium":["https:\/\/espacoecologico.com.br\/arquivo\/wp-content\/uploads\/2016\/11\/piriquito-2-300x192.jpg",300,192,true],"medium_large":["https:\/\/espacoecologico.com.br\/arquivo\/wp-content\/uploads\/2016\/11\/piriquito-2.jpg",415,265,false],"large":["https:\/\/espacoecologico.com.br\/arquivo\/wp-content\/uploads\/2016\/11\/piriquito-2.jpg",415,265,false],"1536x1536":["https:\/\/espacoecologico.com.br\/arquivo\/wp-content\/uploads\/2016\/11\/piriquito-2.jpg",415,265,false],"2048x2048":["https:\/\/espacoecologico.com.br\/arquivo\/wp-content\/uploads\/2016\/11\/piriquito-2.jpg",415,265,false],"cream-magazine-thumbnail-2":["https:\/\/espacoecologico.com.br\/arquivo\/wp-content\/uploads\/2016\/11\/piriquito-2.jpg",415,265,false],"cream-magazine-thumbnail-3":["https:\/\/espacoecologico.com.br\/arquivo\/wp-content\/uploads\/2016\/11\/piriquito-2.jpg",415,265,false],"cream-magazine-thumbnail-4":["https:\/\/espacoecologico.com.br\/arquivo\/wp-content\/uploads\/2016\/11\/piriquito-2.jpg",415,265,false]},"uagb_author_info":{"display_name":"","author_link":"https:\/\/espacoecologico.com.br\/arquivo\/author\/"},"uagb_comment_info":0,"uagb_excerpt":"O Brasil \u00e9 o pa\u00eds com maior n\u00famero de aves amea\u00e7adas de extin\u00e7\u00e3o no mundo.","_links":{"self":[{"href":"https:\/\/espacoecologico.com.br\/arquivo\/wp-json\/wp\/v2\/posts\/54642"}],"collection":[{"href":"https:\/\/espacoecologico.com.br\/arquivo\/wp-json\/wp\/v2\/posts"}],"about":[{"href":"https:\/\/espacoecologico.com.br\/arquivo\/wp-json\/wp\/v2\/types\/post"}],"author":[{"embeddable":true,"href":"https:\/\/espacoecologico.com.br\/arquivo\/wp-json\/wp\/v2\/users\/6"}],"replies":[{"embeddable":true,"href":"https:\/\/espacoecologico.com.br\/arquivo\/wp-json\/wp\/v2\/comments?post=54642"}],"version-history":[{"count":0,"href":"https:\/\/espacoecologico.com.br\/arquivo\/wp-json\/wp\/v2\/posts\/54642\/revisions"}],"wp:featuredmedia":[{"embeddable":true,"href":"https:\/\/espacoecologico.com.br\/arquivo\/wp-json\/wp\/v2\/media\/54643"}],"wp:attachment":[{"href":"https:\/\/espacoecologico.com.br\/arquivo\/wp-json\/wp\/v2\/media?parent=54642"}],"wp:term":[{"taxonomy":"category","embeddable":true,"href":"https:\/\/espacoecologico.com.br\/arquivo\/wp-json\/wp\/v2\/categories?post=54642"},{"taxonomy":"post_tag","embeddable":true,"href":"https:\/\/espacoecologico.com.br\/arquivo\/wp-json\/wp\/v2\/tags?post=54642"}],"curies":[{"name":"wp","href":"https:\/\/api.w.org\/{rel}","templated":true}]}}