{"id":54624,"date":"2016-11-28T11:00:43","date_gmt":"2016-11-28T14:00:43","guid":{"rendered":"https:\/\/espacoecologico.com.br\/arquivo\/?p=54624"},"modified":"2016-11-28T08:41:29","modified_gmt":"2016-11-28T11:41:29","slug":"pesquisa-da-usp-aponta-que-plantacao-de-cana-causa-danos-as-aves","status":"publish","type":"post","link":"https:\/\/espacoecologico.com.br\/arquivo\/pesquisa-da-usp-aponta-que-plantacao-de-cana-causa-danos-as-aves\/","title":{"rendered":"Pesquisa da USP aponta que planta\u00e7\u00e3o de cana causa danos \u00e0s aves"},"content":{"rendered":"<p><a href=\"https:\/\/espacoecologico.com.br\/arquivo\/?attachment_id=54625\" rel=\"attachment wp-att-54625\"><img loading=\"lazy\" class=\"alignleft size-medium wp-image-54625\" src=\"https:\/\/espacoecologico.com.br\/arquivo\/wp-content\/uploads\/2016\/11\/plantacao-1-300x192.jpg\" alt=\"\" width=\"300\" height=\"192\" srcset=\"https:\/\/espacoecologico.com.br\/arquivo\/wp-content\/uploads\/2016\/11\/plantacao-1-300x192.jpg 300w, https:\/\/espacoecologico.com.br\/arquivo\/wp-content\/uploads\/2016\/11\/plantacao-1.jpg 415w\" sizes=\"(max-width: 300px) 100vw, 300px\" \/><\/a>Uma pesquisa da USP Piracicaba (SP) mostra que a monocultura canavieira causa impacto danoso \u00e0 biodiversidade de aves. De acordo com o estudo do bi\u00f3logo Eduardo Roberto Alexandrino, onde h\u00e1 o predom\u00ednio de grandes planta\u00e7\u00f5es de cana de a\u00e7\u00facar h\u00e1 uma ocorr\u00eancia menor de esp\u00e9cies de aves em compara\u00e7\u00e3o a locais onde h\u00e1 pequenas propriedades agr\u00edcolas.<\/p>\n<p>Durante um ano, Alexandrino colheu informa\u00e7\u00f5es mensalmente sobrea aves ocorrentes em oito \u00e1reas localizadas no interior de pastagens e canaviais, e tamb\u00e9m em oito \u00e1reas florestais inseridas em cinco paisagens agr\u00edcolas (cada paisagem com 16 km\u00b2, ocupado predominantemente por pasto ou cana-de-a\u00e7\u00facar e com algumas \u00e1reas florestais) da Bacia do Rio Corumbata\u00ed, no estado de S\u00e3o Paulo.<\/p>\n<div id=\"attachment_631534\" class=\"wp-caption alignleft\"><img loading=\"lazy\" class=\"size-full wp-image-631534\" src=\"http:\/\/www.anda.jor.br\/wp-content\/uploads\/2016\/11\/av.jpg\" sizes=\"(max-width: 300px) 100vw, 300px\" srcset=\"http:\/\/www.anda.jor.br\/wp-content\/uploads\/2016\/11\/av.jpg 300w, http:\/\/www.anda.jor.br\/wp-content\/uploads\/2016\/11\/av-100x75.jpg 100w, http:\/\/www.anda.jor.br\/wp-content\/uploads\/2016\/11\/av-157x118.jpg 157w\" alt=\"Foto: Terra da Gente\" width=\"300\" height=\"225\" \/><\/p>\n<p class=\"wp-caption-text\">Foto: Terra da Gente<\/p>\n<\/div>\n<p>Foram registradas 132 esp\u00e9cies no meio das pastagens enquanto que apenas 72 nos canaviais, sendo que tanto a riqueza geral quanto a abund\u00e2ncia relativa de alguns grupos de aves foram explicadas pela varia\u00e7\u00e3o na heterogeneidade da paisagem, avalia o pesquisador.<\/p>\n<p>\u201cMuitas pastagens existentes na parte norte desta bacia hidrogr\u00e1fica est\u00e3o localizadas dentro de pequenas propriedades familiares, e l\u00e1 existem diferentes elementos estruturais, como \u00e1rvores isoladas, constru\u00e7\u00f5es rurais, pequenos jardins. Tudo isso ajuda a criar uma paisagem agr\u00edcola mais heterog\u00eanea e diversa, favorecendo a presen\u00e7a de uma grande quantidade de aves. Essa situa\u00e7\u00e3o n\u00e3o \u00e9 facilmente encontrada na paisagem agr\u00edcola dominada por grandes canaviais\u201d, comenta Alexandrino.<\/p>\n<p><strong>Risco ambiental<\/strong><br \/>\nCom este resultado, o bi\u00f3logo alerta que se uma expans\u00e3o canavieira ocorrer, substituindo demais culturas, o impacto \u00e0 biodiversidade de aves poder\u00e1 ser elevado, por conta do atual manejo e ordena\u00e7\u00e3o territorial do setor canavieiro. \u201cEste \u00e9 um risco potencial j\u00e1 que existem clamores em esfera mundial pelo o uso de biocombust\u00edveis\u201d,diz.<\/p>\n<p>A pesquisa tamb\u00e9m constatou que dois m\u00e9todos obtidos por meio dos dados de aves, como a riqueza de esp\u00e9cies e \u00edndice de diversidade, n\u00e3o funcionavam como par\u00e2metros para avalia\u00e7\u00f5es de impacto ambiental em \u00e1reas florestais.<\/p>\n<p>\u201cTodos estes resultados s\u00e3o chocantes, j\u00e1 que as atuais legisla\u00e7\u00f5es ambientais, paulista e nacional, solicitam que estes m\u00e9todos anal\u00edticos sejam empregados em estudos de impactos ambientais de empreendimentos que visam obter as licen\u00e7as ambientais necess\u00e1rias para seu funcionamento. Ou seja, \u00e9 bem prov\u00e1vel que v\u00e1rios empreendimentos j\u00e1 instalados, tenham avaliado erradamente os fragmentos florestais que tiveram que sofrer interven\u00e7\u00f5es ou corte por conta da chegada do empreendimento\u201d, alerta o pesquisador.<\/p>\n","protected":false},"excerpt":{"rendered":"<p>Uma pesquisa da USP Piracicaba (SP) mostra que a monocultura canavieira causa impacto danoso \u00e0<\/p>\n","protected":false},"author":6,"featured_media":54625,"comment_status":"open","ping_status":"open","sticky":false,"template":"","format":"standard","meta":[],"categories":[],"tags":[],"uagb_featured_image_src":{"full":["https:\/\/espacoecologico.com.br\/arquivo\/wp-content\/uploads\/2016\/11\/plantacao-1.jpg",415,265,false],"thumbnail":["https:\/\/espacoecologico.com.br\/arquivo\/wp-content\/uploads\/2016\/11\/plantacao-1-150x150.jpg",150,150,true],"medium":["https:\/\/espacoecologico.com.br\/arquivo\/wp-content\/uploads\/2016\/11\/plantacao-1-300x192.jpg",300,192,true],"medium_large":["https:\/\/espacoecologico.com.br\/arquivo\/wp-content\/uploads\/2016\/11\/plantacao-1.jpg",415,265,false],"large":["https:\/\/espacoecologico.com.br\/arquivo\/wp-content\/uploads\/2016\/11\/plantacao-1.jpg",415,265,false],"1536x1536":["https:\/\/espacoecologico.com.br\/arquivo\/wp-content\/uploads\/2016\/11\/plantacao-1.jpg",415,265,false],"2048x2048":["https:\/\/espacoecologico.com.br\/arquivo\/wp-content\/uploads\/2016\/11\/plantacao-1.jpg",415,265,false],"cream-magazine-thumbnail-2":["https:\/\/espacoecologico.com.br\/arquivo\/wp-content\/uploads\/2016\/11\/plantacao-1.jpg",415,265,false],"cream-magazine-thumbnail-3":["https:\/\/espacoecologico.com.br\/arquivo\/wp-content\/uploads\/2016\/11\/plantacao-1.jpg",415,265,false],"cream-magazine-thumbnail-4":["https:\/\/espacoecologico.com.br\/arquivo\/wp-content\/uploads\/2016\/11\/plantacao-1.jpg",415,265,false]},"uagb_author_info":{"display_name":"","author_link":"https:\/\/espacoecologico.com.br\/arquivo\/author\/"},"uagb_comment_info":0,"uagb_excerpt":"Uma pesquisa da USP Piracicaba (SP) mostra que a monocultura canavieira causa impacto danoso \u00e0","_links":{"self":[{"href":"https:\/\/espacoecologico.com.br\/arquivo\/wp-json\/wp\/v2\/posts\/54624"}],"collection":[{"href":"https:\/\/espacoecologico.com.br\/arquivo\/wp-json\/wp\/v2\/posts"}],"about":[{"href":"https:\/\/espacoecologico.com.br\/arquivo\/wp-json\/wp\/v2\/types\/post"}],"author":[{"embeddable":true,"href":"https:\/\/espacoecologico.com.br\/arquivo\/wp-json\/wp\/v2\/users\/6"}],"replies":[{"embeddable":true,"href":"https:\/\/espacoecologico.com.br\/arquivo\/wp-json\/wp\/v2\/comments?post=54624"}],"version-history":[{"count":0,"href":"https:\/\/espacoecologico.com.br\/arquivo\/wp-json\/wp\/v2\/posts\/54624\/revisions"}],"wp:featuredmedia":[{"embeddable":true,"href":"https:\/\/espacoecologico.com.br\/arquivo\/wp-json\/wp\/v2\/media\/54625"}],"wp:attachment":[{"href":"https:\/\/espacoecologico.com.br\/arquivo\/wp-json\/wp\/v2\/media?parent=54624"}],"wp:term":[{"taxonomy":"category","embeddable":true,"href":"https:\/\/espacoecologico.com.br\/arquivo\/wp-json\/wp\/v2\/categories?post=54624"},{"taxonomy":"post_tag","embeddable":true,"href":"https:\/\/espacoecologico.com.br\/arquivo\/wp-json\/wp\/v2\/tags?post=54624"}],"curies":[{"name":"wp","href":"https:\/\/api.w.org\/{rel}","templated":true}]}}