{"id":5402,"date":"2020-12-05T00:00:46","date_gmt":"2020-12-05T03:00:46","guid":{"rendered":"https:\/\/espacoecologico.com.br\/arquivo\/?p=5402"},"modified":"2020-12-05T14:22:00","modified_gmt":"2020-12-05T17:22:00","slug":"malta","status":"publish","type":"post","link":"https:\/\/espacoecologico.com.br\/arquivo\/malta\/","title":{"rendered":"Malta"},"content":{"rendered":"<p><img loading=\"lazy\" style=\"max-width: 1343px; max-height: 518px;\" src=\"http:\/\/upload.wikimedia.org\/wikipedia\/commons\/1\/1a\/Insc.jpg\" alt=\"\" width=\"637\" height=\"448\" \/><\/p>\n<p><small>Vista noturna da Igreja Matriz de Nossa Senhora da Concei\u00e7\u00e3o<\/small><\/p>\n<p>Malta \u00e9 uma pequena cidade no interior do estado brasileiro da Para\u00edba, localizada na Regi\u00e3o Metropolitana de Patos. Distante cerca de 332 quil\u00f4metros de Jo\u00e3o Pessoa, a capital, e 31 quil\u00f4metros do centro de Patos, seu n\u00facleo urbano importante mais pr\u00f3ximo.<\/p>\n<p>Situa-se na Mesorregi\u00e3o do Sert\u00e3o Paraibano e na Microrregi\u00e3o de Sousa, limita-se com os munic\u00edpios de Catingueira, Condado, Patos, S\u00e3o Jos\u00e9 de Espinharas, Santa Teresinha e Vista Serrana. Possui uma \u00e1rea de 156 km\u00b27 e apresenta uma densidade demogr\u00e1fica da ordem de 35,93 habitantes por quil\u00f4metro quadrado.<\/p>\n<p><strong>Hist\u00f3ria<\/strong><\/p>\n<p>A povoa\u00e7\u00e3o de Malta data da chegada dos primeiros colonizadores europeus em 1695, \u00e9poca em que Teod\u00f3sio de Oliveira L\u00eado chegou ao Local e dominou os P\u00eagas, tribo de \u00edndios que habitava o local.<\/p>\n<p>Por volta de 1830, Jo\u00e3o Fernandes de Freitas, construiu uma capela em homenagem \u00e0 Nossa Senhora da Concei\u00e7\u00e3o e em volta, se desenvolveu o n\u00facleo que mais tarde seria a cidade de Malta. O solo f\u00e9rtil, atraiu muitos criadores de gado, que organizaram fazendas tanto para cria\u00e7\u00e3o como para o cultivo do algod\u00e3o.<\/p>\n<p><img loading=\"lazy\" id=\"irc_mi\" style=\"margin-top: 9px;\" src=\"https:\/\/c1.staticflickr.com\/3\/2774\/4185125276_9346e0b428.jpg\" alt=\"\" width=\"640\" height=\"480\" \/><\/p>\n<p>Em 1938 o povoado foi elevado a categoria de Distrito de Pombal pelo Decreto Lei n\u00ba 1164 de 13 de novembro de 1938, integrante do munic\u00edpio de Pombal assim permanecendo em divis\u00e3o territorial datada de 1 de julho de 1950. Elevado \u00e0 categoria de munic\u00edpio, com a denomina\u00e7\u00e3o de Malta, pela lei estadual n\u00ba 985, de 9 de dezembro de 1953, desmembrado de Pombal. Sede no antigo distrito de Malta. Constitu\u00eddo apenas do distrito sede, instalado em 26 de dezembro de 1953. Ap\u00f3s essa data desmembraram-se os distritos de Condado e Desterro de Malta, que hoje fazem parte da 51\u00aa Zona Eleitoral da Comarca de Malta, e ent\u00e3o o munic\u00edpio de Malta toma a forma atual assim permanecendo em divis\u00e3o territorial datada de 2007.<\/p>\n<p><strong>Origem do nome<\/strong><\/p>\n<p>Acredita-se que o nome de Malta, apesar de incerto, tenha sido dado em homenagem \u00e0 freguesia portuguesa de Malta, posto que na \u00e9poca de sua funda\u00e7\u00e3o, o Brasil e a Para\u00edba estavam sob o dom\u00ednio de Portugal e a coloniza\u00e7\u00e3o presente era muito forte.<\/p>\n<p><strong>Clima<\/strong><\/p>\n<p>O munic\u00edpio de Malta insere-se no Pol\u00edgono das Secas. Possui clima quente \u00famido com chuvas de ver\u00e3o e outono. Segundo a divis\u00e3o do Estado da Para\u00edba em regi\u00f5es bioclim\u00e1ticas possui o munic\u00edpio bioclima 4aTh-Tropical quente de seca acentuada com 7 a 8 meses secos. A pluviometria m\u00e9dia anual \u00e9 de 769,7 mm, com 81,3% do seu total concentrando-se em 04 meses (Janeiro &#8211; Abril). A temperatura m\u00e9dia anual \u00e9 de 25,6\u00b0C.10<\/p>\n<p><strong>Vegeta\u00e7\u00e3o<\/strong><\/p>\n<p>A vegeta\u00e7\u00e3o \u00e9 do tipo Caatinga-Sert\u00e3o. Sendo sua flora t\u00edpica composta principalmente por esp\u00e9cies como a catingueira verdadeira e a catingueira rasteira, o xique-xique, o cardeiro, a coroa-de-frade, a favela, o moror\u00f3, o juazeiro, o jatob\u00e1, a jurema, a aroeira, a bara\u00fana, o pinh\u00e3o, o marmeleiro, o angico, entre outras.<\/p>\n<p><strong>Hidrografia<\/strong><\/p>\n<p>Malta encontra-se inserida nos dom\u00ednios da bacia hidrogr\u00e1fica do Rio Piranhas, sub-bacia do Rio Espinharas. Os principais tribut\u00e1rios s\u00e3o os riachos: do Castelo, do Feij\u00e3o, Pitombeira, Aguilhada, da Furna, de Malta, Po\u00e7o de Malta, Macap\u00e1, Timbaubinha, do Ju\u00e1 e o c\u00f3rrego Ara\u00fajo.<\/p>\n<p>Todos os cursos d\u2019\u00e1gua do munic\u00edpio t\u00eam regime de fluxo intermitente e o padr\u00e3o da drenagem \u00e9 do tipo dendr\u00edtico.<\/p>\n<p>&nbsp;<\/p>\n","protected":false},"excerpt":{"rendered":"<p>Vista noturna da Igreja Matriz de Nossa Senhora da Concei\u00e7\u00e3o Malta \u00e9 uma pequena cidade<\/p>\n","protected":false},"author":2,"featured_media":0,"comment_status":"open","ping_status":"open","sticky":false,"template":"","format":"standard","meta":[],"categories":[],"tags":[],"uagb_featured_image_src":{"full":false,"thumbnail":false,"medium":false,"medium_large":false,"large":false,"1536x1536":false,"2048x2048":false,"cream-magazine-thumbnail-2":false,"cream-magazine-thumbnail-3":false,"cream-magazine-thumbnail-4":false},"uagb_author_info":{"display_name":"","author_link":"https:\/\/espacoecologico.com.br\/arquivo\/author\/"},"uagb_comment_info":0,"uagb_excerpt":"Vista noturna da Igreja Matriz de Nossa Senhora da Concei\u00e7\u00e3o Malta \u00e9 uma pequena cidade","_links":{"self":[{"href":"https:\/\/espacoecologico.com.br\/arquivo\/wp-json\/wp\/v2\/posts\/5402"}],"collection":[{"href":"https:\/\/espacoecologico.com.br\/arquivo\/wp-json\/wp\/v2\/posts"}],"about":[{"href":"https:\/\/espacoecologico.com.br\/arquivo\/wp-json\/wp\/v2\/types\/post"}],"author":[{"embeddable":true,"href":"https:\/\/espacoecologico.com.br\/arquivo\/wp-json\/wp\/v2\/users\/2"}],"replies":[{"embeddable":true,"href":"https:\/\/espacoecologico.com.br\/arquivo\/wp-json\/wp\/v2\/comments?post=5402"}],"version-history":[{"count":2,"href":"https:\/\/espacoecologico.com.br\/arquivo\/wp-json\/wp\/v2\/posts\/5402\/revisions"}],"predecessor-version":[{"id":137966,"href":"https:\/\/espacoecologico.com.br\/arquivo\/wp-json\/wp\/v2\/posts\/5402\/revisions\/137966"}],"wp:attachment":[{"href":"https:\/\/espacoecologico.com.br\/arquivo\/wp-json\/wp\/v2\/media?parent=5402"}],"wp:term":[{"taxonomy":"category","embeddable":true,"href":"https:\/\/espacoecologico.com.br\/arquivo\/wp-json\/wp\/v2\/categories?post=5402"},{"taxonomy":"post_tag","embeddable":true,"href":"https:\/\/espacoecologico.com.br\/arquivo\/wp-json\/wp\/v2\/tags?post=5402"}],"curies":[{"name":"wp","href":"https:\/\/api.w.org\/{rel}","templated":true}]}}