{"id":40627,"date":"2018-08-18T11:59:38","date_gmt":"2018-08-18T14:59:38","guid":{"rendered":"https:\/\/espacoecologico.com.br\/arquivo\/?p=40627"},"modified":"2018-08-18T18:50:34","modified_gmt":"2018-08-18T21:50:34","slug":"borborema","status":"publish","type":"post","link":"https:\/\/espacoecologico.com.br\/arquivo\/borborema\/","title":{"rendered":"Borborema"},"content":{"rendered":"<p><a href=\"https:\/\/espacoecologico.com.br\/arquivo\/wp-content\/uploads\/2016\/04\/borborema.jpg\"><img loading=\"lazy\" class=\"alignnone size-full wp-image-40628\" src=\"https:\/\/espacoecologico.com.br\/arquivo\/wp-content\/uploads\/2016\/04\/borborema.jpg\" alt=\"\" width=\"640\" height=\"392\" srcset=\"https:\/\/espacoecologico.com.br\/arquivo\/wp-content\/uploads\/2016\/04\/borborema.jpg 640w, https:\/\/espacoecologico.com.br\/arquivo\/wp-content\/uploads\/2016\/04\/borborema-300x184.jpg 300w\" sizes=\"(max-width: 640px) 100vw, 640px\" \/><\/a>Borborema, munic\u00edpio no Estado da Para\u00edba (Brasil), localizado na microrregi\u00e3o do Brejo Paraibano. \u00c1rea territorial \u00e9 de 26 km\u00b2. \u00c9 a primeira cidade brasileira a possuir uma hidroel\u00e9trica constru\u00edda por alem\u00e3es que moravam na regi\u00e3o. Realiza no m\u00eas de janeiro a melhor festa de S\u00e3o Sebasti\u00e3o da regi\u00e3o.<\/p>\n<p><strong>Hist\u00f3ria<\/strong><\/p>\n<p><a href=\"https:\/\/espacoecologico.com.br\/arquivo\/wp-content\/uploads\/2016\/04\/borborema12.jpg\"><img loading=\"lazy\" class=\"alignnone size-full wp-image-40640\" src=\"https:\/\/espacoecologico.com.br\/arquivo\/wp-content\/uploads\/2016\/04\/borborema12.jpg\" alt=\"\" width=\"640\" height=\"295\" srcset=\"https:\/\/espacoecologico.com.br\/arquivo\/wp-content\/uploads\/2016\/04\/borborema12.jpg 640w, https:\/\/espacoecologico.com.br\/arquivo\/wp-content\/uploads\/2016\/04\/borborema12-300x138.jpg 300w\" sizes=\"(max-width: 640px) 100vw, 640px\" \/><\/a>A ocupa\u00e7\u00e3o das terras onde hoje se localiza o munic\u00edpio iniciou-se em 1912 com a aquisi\u00e7\u00e3o de terras pelo advogado Jos\u00e9 Am\u00e2ncio Ramalho, vindo da cidade vizinha de Araruna \u2013 PB. Ramalho construiu um a\u00e7ude e a seguir uma hidrel\u00e9trica que forneceu ilumina\u00e7\u00e3o \u00e0s cidades de Pil\u00f5es, Serraria, Sol\u00e2nea, Bananeiras e a pr\u00f3pria Borborema at\u00e9 1962.<\/p>\n<p><a href=\"https:\/\/espacoecologico.com.br\/arquivo\/wp-content\/uploads\/2016\/04\/borborema1.jpg\"><img loading=\"lazy\" class=\"alignnone size-full wp-image-40629\" src=\"https:\/\/espacoecologico.com.br\/arquivo\/wp-content\/uploads\/2016\/04\/borborema1.jpg\" alt=\"\" width=\"640\" height=\"254\" srcset=\"https:\/\/espacoecologico.com.br\/arquivo\/wp-content\/uploads\/2016\/04\/borborema1.jpg 640w, https:\/\/espacoecologico.com.br\/arquivo\/wp-content\/uploads\/2016\/04\/borborema1-300x119.jpg 300w\" sizes=\"(max-width: 640px) 100vw, 640px\" \/><\/a>Posteriormente, instalou uma despolpadeira de arroz e um fecularia. Isto deu origem \u00e0 vila de Camuc\u00e1, que originaria a sede do munic\u00edpio. Em 1913, o trem chegou \u00e0 regi\u00e3o, ajudando a consolidar o povoamento, que se expandia gra\u00e7as \u00e0 agricultura. Na d\u00e9cada de 20 do s\u00e9culo XX foi constru\u00edda da igreja de Nossa Senhora do Carmo e Jos\u00e9 Ramalho, muito empreendedor, teve a preocupa\u00e7\u00e3o de contratar um engenheiro para planejar a cidade.<\/p>\n<p><a href=\"https:\/\/espacoecologico.com.br\/arquivo\/wp-content\/uploads\/2016\/04\/borborema2.jpg\"><img loading=\"lazy\" class=\"alignnone size-full wp-image-40630\" src=\"https:\/\/espacoecologico.com.br\/arquivo\/wp-content\/uploads\/2016\/04\/borborema2.jpg\" alt=\"\" width=\"640\" height=\"254\" srcset=\"https:\/\/espacoecologico.com.br\/arquivo\/wp-content\/uploads\/2016\/04\/borborema2.jpg 640w, https:\/\/espacoecologico.com.br\/arquivo\/wp-content\/uploads\/2016\/04\/borborema2-300x119.jpg 300w\" sizes=\"(max-width: 640px) 100vw, 640px\" \/><\/a>Percebe-se tal marco onde as ruas s\u00e3o todas largas e com m\u00e3o e contra-m\u00e3o complentamente separadas por canteiros de \u00e1rvores, e as ruas s\u00e3o feitas em blocos todas com sa\u00eddas distintas. Logo ap\u00f3s a vontade de emancipar-se tomou conta dos grandes homens da vila que recebeu dentre outros nomes: Camuc\u00e1, Borborema, Boa Vista e por fim Borborema.<\/p>\n<p><a href=\"https:\/\/espacoecologico.com.br\/arquivo\/wp-content\/uploads\/2016\/04\/borborema3.jpg\"><img loading=\"lazy\" class=\"alignnone size-full wp-image-40631\" src=\"https:\/\/espacoecologico.com.br\/arquivo\/wp-content\/uploads\/2016\/04\/borborema3.jpg\" alt=\"\" width=\"640\" height=\"255\" srcset=\"https:\/\/espacoecologico.com.br\/arquivo\/wp-content\/uploads\/2016\/04\/borborema3.jpg 640w, https:\/\/espacoecologico.com.br\/arquivo\/wp-content\/uploads\/2016\/04\/borborema3-300x120.jpg 300w\" sizes=\"(max-width: 640px) 100vw, 640px\" \/><\/a>De acordo com a Lei 2.133 de 18 de Maio de 1959, foi elevado \u00e0 categoria de munic\u00edpio com a denomina\u00e7\u00e3o de Borborema, desmembrado de Bananeiras. A Lei 1.198 de 2 de Abril de 1955 que fixa a divis\u00e3o administrativa e judici\u00e1ria do Estado:<\/p>\n<p><strong>Limites<\/strong><\/p>\n<p><a href=\"https:\/\/espacoecologico.com.br\/arquivo\/wp-content\/uploads\/2016\/04\/borborema9.jpg\"><img loading=\"lazy\" class=\"alignnone size-full wp-image-40637\" src=\"https:\/\/espacoecologico.com.br\/arquivo\/wp-content\/uploads\/2016\/04\/borborema9.jpg\" alt=\"\" width=\"640\" height=\"396\" srcset=\"https:\/\/espacoecologico.com.br\/arquivo\/wp-content\/uploads\/2016\/04\/borborema9.jpg 640w, https:\/\/espacoecologico.com.br\/arquivo\/wp-content\/uploads\/2016\/04\/borborema9-300x186.jpg 300w\" sizes=\"(max-width: 640px) 100vw, 640px\" \/><\/a>Munic\u00edpio de Bananeiras partindo do ponto onde o riacho bananeiras penetra em Pirpirituba onde na margem esquerda deste mesmo riacho e por ela seguindo at\u00e9 a cachoeira do roncador; prossegue da\u00ed em linha reta at\u00e9 o cruzamento da linha f\u00e9rrea Pirpirituba-Borborema, com a linha f\u00e9rrea no lugar de samambaia, prosseguindo por esta linha f\u00e9rrea at\u00e9 a fecularia do Dr. Jos\u00e9 Am\u00e2ncio, onde seguem em linha reta a antiga esta\u00e7\u00e3o ferrovi\u00e1ria de Manit\u00fa, continuando desta tamb\u00e9m em linha reta at\u00e9 encontrar com a divisa do munic\u00edpio de sol\u00e2nea passando entre as casas sedes do engenho Canaf\u00edstula e C\u00e2mar\u00e1.<\/p>\n<p><a href=\"https:\/\/espacoecologico.com.br\/arquivo\/wp-content\/uploads\/2016\/04\/borborema8.jpg\"><img loading=\"lazy\" class=\"alignnone size-full wp-image-40636\" src=\"https:\/\/espacoecologico.com.br\/arquivo\/wp-content\/uploads\/2016\/04\/borborema8.jpg\" alt=\"\" width=\"640\" height=\"255\" srcset=\"https:\/\/espacoecologico.com.br\/arquivo\/wp-content\/uploads\/2016\/04\/borborema8.jpg 640w, https:\/\/espacoecologico.com.br\/arquivo\/wp-content\/uploads\/2016\/04\/borborema8-300x120.jpg 300w\" sizes=\"(max-width: 640px) 100vw, 640px\" \/><\/a>As ruas bem definidas, as casas em estilo barroco, a pr\u00f3pria casa do fundador da cidade que fica em frente a um grande largo que d\u00e1 de frente com a Igreja Matriz, a curiosidade fica por conta de que a torre da Igreja Cat\u00f3lica pode ser vista de qualquer ponto da cidade.<\/p>\n<p><a href=\"https:\/\/espacoecologico.com.br\/arquivo\/wp-content\/uploads\/2016\/04\/borborema7.jpg\"><img loading=\"lazy\" class=\"alignnone size-full wp-image-40635\" src=\"https:\/\/espacoecologico.com.br\/arquivo\/wp-content\/uploads\/2016\/04\/borborema7.jpg\" alt=\"\" width=\"640\" height=\"392\" srcset=\"https:\/\/espacoecologico.com.br\/arquivo\/wp-content\/uploads\/2016\/04\/borborema7.jpg 640w, https:\/\/espacoecologico.com.br\/arquivo\/wp-content\/uploads\/2016\/04\/borborema7-300x184.jpg 300w\" sizes=\"(max-width: 640px) 100vw, 640px\" \/><\/a>Na cidade ainda encontramos a famosa \u201cIlha da Fantasia\u201d, ideia do prefeito Am\u00e2ncio Ramalho, que na d\u00e9cada de 1990 atraiu grande quantidade de turistas para a regi\u00e3o e ainda hoje se pode comer diariamente no local al\u00e9m de poder admirar a bela vista da natureza do brejo paraibano.<\/p>\n<p><strong>Geografia<\/strong><\/p>\n<p><a href=\"https:\/\/espacoecologico.com.br\/arquivo\/wp-content\/uploads\/2016\/04\/borborema6.jpg\"><img loading=\"lazy\" class=\"alignnone size-full wp-image-40634\" src=\"https:\/\/espacoecologico.com.br\/arquivo\/wp-content\/uploads\/2016\/04\/borborema6.jpg\" alt=\"\" width=\"640\" height=\"255\" srcset=\"https:\/\/espacoecologico.com.br\/arquivo\/wp-content\/uploads\/2016\/04\/borborema6.jpg 640w, https:\/\/espacoecologico.com.br\/arquivo\/wp-content\/uploads\/2016\/04\/borborema6-300x120.jpg 300w\" sizes=\"(max-width: 640px) 100vw, 640px\" \/><\/a>Encravado dentro de uma regi\u00e3o bela por natureza, possui a famosa cachoeira do Roncador que recebe visitantes de diversas cidades e estados diversos do Brasil. Os munic\u00edpio circunvizinhos s\u00e3o: Bananeiras, Sol\u00e2nea, Serraria e Pirpirituba. \u00c9 ligada pela PB 087 a cerca de 132 quil\u00f4metros de dist\u00e2ncia da capital. O Nome Borborema foi dado por est\u00e1 inserido no in\u00edcio do Planalto da Borborema, regi\u00e3o montanhosa presente no Agreste Para\u00edba, acabando na cidade de Campina Grande. Borborema situa-se na unidade geoambiental do Planalto da Borborema.<\/p>\n<p><strong>Clima<\/strong><\/p>\n<p><a href=\"https:\/\/espacoecologico.com.br\/arquivo\/wp-content\/uploads\/2016\/04\/borborema5.jpg\"><img loading=\"lazy\" class=\"alignnone size-full wp-image-40633\" src=\"https:\/\/espacoecologico.com.br\/arquivo\/wp-content\/uploads\/2016\/04\/borborema5.jpg\" alt=\"\" width=\"640\" height=\"254\" srcset=\"https:\/\/espacoecologico.com.br\/arquivo\/wp-content\/uploads\/2016\/04\/borborema5.jpg 640w, https:\/\/espacoecologico.com.br\/arquivo\/wp-content\/uploads\/2016\/04\/borborema5-300x119.jpg 300w\" sizes=\"(max-width: 640px) 100vw, 640px\" \/><\/a>O Munic\u00edpio de Borborema tem clima agrad\u00e1vel, estando situado na mesorregi\u00e3o do Agreste Paraibano e na Microrregi\u00e3o do Brejo Paraibano. Com temperatura amenas e com per\u00edodo chuvoso entre os meses de abril e julho.<\/p>\n<p><strong>Vegeta\u00e7\u00e3o<\/strong><\/p>\n<p><a href=\"https:\/\/espacoecologico.com.br\/arquivo\/wp-content\/uploads\/2016\/04\/borborema4.jpg\"><img loading=\"lazy\" class=\"alignnone size-full wp-image-40632\" src=\"https:\/\/espacoecologico.com.br\/arquivo\/wp-content\/uploads\/2016\/04\/borborema4.jpg\" alt=\"\" width=\"640\" height=\"255\" srcset=\"https:\/\/espacoecologico.com.br\/arquivo\/wp-content\/uploads\/2016\/04\/borborema4.jpg 640w, https:\/\/espacoecologico.com.br\/arquivo\/wp-content\/uploads\/2016\/04\/borborema4-300x120.jpg 300w\" sizes=\"(max-width: 640px) 100vw, 640px\" \/><\/a>A vegeta\u00e7\u00e3o \u00e9 composta por Florestas Subcaducif\u00f3lica e Caducif\u00f3lica, caracter\u00edsticas das \u00e1reas agrestes.<\/p>\n<p><strong>Recursos h\u00eddricos<\/strong><\/p>\n<p><a href=\"https:\/\/espacoecologico.com.br\/arquivo\/wp-content\/uploads\/2016\/04\/borborema10.jpg\"><img loading=\"lazy\" class=\"alignnone size-full wp-image-40638\" src=\"https:\/\/espacoecologico.com.br\/arquivo\/wp-content\/uploads\/2016\/04\/borborema10.jpg\" alt=\"\" width=\"640\" height=\"370\" srcset=\"https:\/\/espacoecologico.com.br\/arquivo\/wp-content\/uploads\/2016\/04\/borborema10.jpg 640w, https:\/\/espacoecologico.com.br\/arquivo\/wp-content\/uploads\/2016\/04\/borborema10-300x173.jpg 300w\" sizes=\"(max-width: 640px) 100vw, 640px\" \/><\/a>O munic\u00edpio de Borborema encontra-se inserido nos dom\u00ednios da bacia hidrogr\u00e1fica do Rio Mamanguape . Cercada por rios e a\u00e7udes belos, \u00e9 recortada por rios perenes, por\u00e9m de pequena vaz\u00e3o e o potencial de \u00e1gua subterr\u00e2nea \u00e9 baixo.<\/p>\n<p><a href=\"https:\/\/espacoecologico.com.br\/arquivo\/wp-content\/uploads\/2016\/04\/borborema11.jpg\"><img loading=\"lazy\" class=\"alignnone size-full wp-image-40639\" src=\"https:\/\/espacoecologico.com.br\/arquivo\/wp-content\/uploads\/2016\/04\/borborema11.jpg\" alt=\"\" width=\"640\" height=\"391\" srcset=\"https:\/\/espacoecologico.com.br\/arquivo\/wp-content\/uploads\/2016\/04\/borborema11.jpg 640w, https:\/\/espacoecologico.com.br\/arquivo\/wp-content\/uploads\/2016\/04\/borborema11-300x183.jpg 300w\" sizes=\"(max-width: 640px) 100vw, 640px\" \/><\/a>Existe dentro de seu territ\u00f3rio duas barragens: Senador Humberto Lucena e Canaf\u00edstula II, com capacidade de acumula\u00e7\u00e3o de 4.102.626 m35 , servindo de abastecimento d\u2019\u00e1gua para os munic\u00edpios de: Bananeiras, Sol\u00e2nea, Araruna, Riach\u00e3o, Cacimba de Dentro, Dami\u00e3o e Pirpirituba.<\/p>\n","protected":false},"excerpt":{"rendered":"<p>Borborema, munic\u00edpio no Estado da Para\u00edba (Brasil), localizado na microrregi\u00e3o do Brejo Paraibano. \u00c1rea territorial<\/p>\n","protected":false},"author":2,"featured_media":0,"comment_status":"open","ping_status":"open","sticky":false,"template":"","format":"standard","meta":[],"categories":[],"tags":[],"uagb_featured_image_src":{"full":false,"thumbnail":false,"medium":false,"medium_large":false,"large":false,"1536x1536":false,"2048x2048":false,"cream-magazine-thumbnail-2":false,"cream-magazine-thumbnail-3":false,"cream-magazine-thumbnail-4":false},"uagb_author_info":{"display_name":"","author_link":"https:\/\/espacoecologico.com.br\/arquivo\/author\/"},"uagb_comment_info":0,"uagb_excerpt":"Borborema, munic\u00edpio no Estado da Para\u00edba (Brasil), localizado na microrregi\u00e3o do Brejo Paraibano. \u00c1rea territorial","_links":{"self":[{"href":"https:\/\/espacoecologico.com.br\/arquivo\/wp-json\/wp\/v2\/posts\/40627"}],"collection":[{"href":"https:\/\/espacoecologico.com.br\/arquivo\/wp-json\/wp\/v2\/posts"}],"about":[{"href":"https:\/\/espacoecologico.com.br\/arquivo\/wp-json\/wp\/v2\/types\/post"}],"author":[{"embeddable":true,"href":"https:\/\/espacoecologico.com.br\/arquivo\/wp-json\/wp\/v2\/users\/2"}],"replies":[{"embeddable":true,"href":"https:\/\/espacoecologico.com.br\/arquivo\/wp-json\/wp\/v2\/comments?post=40627"}],"version-history":[{"count":0,"href":"https:\/\/espacoecologico.com.br\/arquivo\/wp-json\/wp\/v2\/posts\/40627\/revisions"}],"wp:attachment":[{"href":"https:\/\/espacoecologico.com.br\/arquivo\/wp-json\/wp\/v2\/media?parent=40627"}],"wp:term":[{"taxonomy":"category","embeddable":true,"href":"https:\/\/espacoecologico.com.br\/arquivo\/wp-json\/wp\/v2\/categories?post=40627"},{"taxonomy":"post_tag","embeddable":true,"href":"https:\/\/espacoecologico.com.br\/arquivo\/wp-json\/wp\/v2\/tags?post=40627"}],"curies":[{"name":"wp","href":"https:\/\/api.w.org\/{rel}","templated":true}]}}