{"id":32924,"date":"2015-12-07T16:00:09","date_gmt":"2015-12-07T19:00:09","guid":{"rendered":"https:\/\/espacoecologico.com.br\/arquivo\/?p=32924"},"modified":"2015-12-06T22:08:39","modified_gmt":"2015-12-07T01:08:39","slug":"seca-no-sertao-da-paraiba-leva-agricultores-a-mudar-de-profissao","status":"publish","type":"post","link":"https:\/\/espacoecologico.com.br\/arquivo\/seca-no-sertao-da-paraiba-leva-agricultores-a-mudar-de-profissao\/","title":{"rendered":"Seca no Sert\u00e3o da Para\u00edba leva agricultores a mudar de profiss\u00e3o"},"content":{"rendered":"<p><a href=\"https:\/\/espacoecologico.com.br\/arquivo\/wp-content\/uploads\/2015\/12\/seca_pb.jpg\"><img loading=\"lazy\" class=\"alignleft size-medium wp-image-32925\" src=\"https:\/\/espacoecologico.com.br\/arquivo\/wp-content\/uploads\/2015\/12\/seca_pb-300x192.jpg\" alt=\"\" width=\"300\" height=\"192\" srcset=\"https:\/\/espacoecologico.com.br\/arquivo\/wp-content\/uploads\/2015\/12\/seca_pb-300x192.jpg 300w, https:\/\/espacoecologico.com.br\/arquivo\/wp-content\/uploads\/2015\/12\/seca_pb.jpg 415w\" sizes=\"(max-width: 300px) 100vw, 300px\" \/><\/a>A seca na Para\u00edba torna cada vez mais dif\u00edcil a capta\u00e7\u00e3o de \u00e1gua nos a\u00e7udes. Sem ter como produzir coco, muitos agricultores do alto sert\u00e3o abandonam a terra ou mudam de profiss\u00e3o.<\/p>\n<p>Francisco Ramiro era agricultor. Ele plantava coco no munic\u00edpio de Sousa, no sert\u00e3o da Para\u00edba. A seca destruiu as planta\u00e7\u00f5es e o obrigou a mudar de ramo. Nessa \u00e9poca, \u00e9 mais rent\u00e1vel vender \u00e1gua. &#8220;Pego no cacimb\u00e3o do vizinho. Paga para encher e distribuir nas casas R$ 15,00 mil litros\u201d, diz.<\/p>\n<p>O agricultor Ant\u00f4nio Gon\u00e7alves fez at\u00e9 empr\u00e9stimo para salvar os p\u00e9s de coco, mas perdeu tudo. \u201cSou devedor. Al\u00e9m do capital que investi, que tinha pouco tempo atr\u00e1s, arriscando para ver se salvava e n\u00e3o deu\u201d, lamenta.<\/p>\n<p>H\u00e1 quatro anos, no tempo de fartura, eram 2,2 mil hectares de planta\u00e7\u00e3o e 120 toneladas saiam por dia da regi\u00e3o para v\u00e1rios estados do pa\u00eds. Hoje, a produ\u00e7\u00e3o n\u00e3o chega a 50 hectares e \u00e9 preciso muito esfor\u00e7o para conseguir tirar seis toneladas por m\u00eas. Houve 95% de queda.<\/p>\n<p><img loading=\"lazy\" class=\" alignleft\" title=\"Seca derruba produ\u00e7\u00e3o de coco e leva agricultores de Sousa a mudar de profiss\u00e3o\" src=\"http:\/\/www.clickpb.com.br\/static\/images\/dynamic\/articles\/2015\/12\/seca-derruba-producao-de-coco-em-sousa-e-leva-agricultores-a-mudar-de-profissao.jpg.280x200_q85_crop.jpg\" alt=\"Seca derruba produ\u00e7\u00e3o de coco e leva agricultores de Sousa a mudar de profiss\u00e3o\" width=\"300\" height=\"214\" \/>Sousa est\u00e1 entre as 170 cidades paraibanas em situa\u00e7\u00e3o de emerg\u00eancia por causa da estiagem. Este ano, a seca est\u00e1 pior porque \u00e9 o quarto ano seguido com chuvas abaixo da m\u00e9dia. O per\u00edodo chuvoso deve demorar mais de um m\u00eas para come\u00e7ar.<\/p>\n<p>O a\u00e7ude S\u00e3o Gon\u00e7alo, principal da regi\u00e3o, est\u00e1 com 3,3% da capacidade total. Os moradores de Sousa est\u00e3o acostumados a pegar \u00e1gua em cisternas comunit\u00e1rias que s\u00e3o abastecidas por carro-pipa. Quatro mil pessoas perderam a principal renda da fam\u00edlia e muitos moradores est\u00e3o deixando o munic\u00edpio. Alguns ex-produtores de coco est\u00e3o desempregados e outros vivem da venda de \u00e1gua.<\/p>\n<p>H\u00e1 54 a\u00e7udes na Para\u00edba em situa\u00e7\u00e3o cr\u00edtica, ou seja, com menos de 5% da capacidade.<\/p>\n","protected":false},"excerpt":{"rendered":"<p>A seca na Para\u00edba torna cada vez mais dif\u00edcil a capta\u00e7\u00e3o de \u00e1gua nos a\u00e7udes.<\/p>\n","protected":false},"author":2,"featured_media":32925,"comment_status":"open","ping_status":"open","sticky":false,"template":"","format":"standard","meta":[],"categories":[],"tags":[],"uagb_featured_image_src":{"full":["https:\/\/espacoecologico.com.br\/arquivo\/wp-content\/uploads\/2015\/12\/seca_pb.jpg",415,265,false],"thumbnail":["https:\/\/espacoecologico.com.br\/arquivo\/wp-content\/uploads\/2015\/12\/seca_pb-150x150.jpg",150,150,true],"medium":["https:\/\/espacoecologico.com.br\/arquivo\/wp-content\/uploads\/2015\/12\/seca_pb-300x192.jpg",300,192,true],"medium_large":["https:\/\/espacoecologico.com.br\/arquivo\/wp-content\/uploads\/2015\/12\/seca_pb.jpg",415,265,false],"large":["https:\/\/espacoecologico.com.br\/arquivo\/wp-content\/uploads\/2015\/12\/seca_pb.jpg",415,265,false],"1536x1536":["https:\/\/espacoecologico.com.br\/arquivo\/wp-content\/uploads\/2015\/12\/seca_pb.jpg",415,265,false],"2048x2048":["https:\/\/espacoecologico.com.br\/arquivo\/wp-content\/uploads\/2015\/12\/seca_pb.jpg",415,265,false],"cream-magazine-thumbnail-2":["https:\/\/espacoecologico.com.br\/arquivo\/wp-content\/uploads\/2015\/12\/seca_pb.jpg",415,265,false],"cream-magazine-thumbnail-3":["https:\/\/espacoecologico.com.br\/arquivo\/wp-content\/uploads\/2015\/12\/seca_pb.jpg",415,265,false],"cream-magazine-thumbnail-4":["https:\/\/espacoecologico.com.br\/arquivo\/wp-content\/uploads\/2015\/12\/seca_pb.jpg",415,265,false]},"uagb_author_info":{"display_name":"","author_link":"https:\/\/espacoecologico.com.br\/arquivo\/author\/"},"uagb_comment_info":0,"uagb_excerpt":"A seca na Para\u00edba torna cada vez mais dif\u00edcil a capta\u00e7\u00e3o de \u00e1gua nos a\u00e7udes.","_links":{"self":[{"href":"https:\/\/espacoecologico.com.br\/arquivo\/wp-json\/wp\/v2\/posts\/32924"}],"collection":[{"href":"https:\/\/espacoecologico.com.br\/arquivo\/wp-json\/wp\/v2\/posts"}],"about":[{"href":"https:\/\/espacoecologico.com.br\/arquivo\/wp-json\/wp\/v2\/types\/post"}],"author":[{"embeddable":true,"href":"https:\/\/espacoecologico.com.br\/arquivo\/wp-json\/wp\/v2\/users\/2"}],"replies":[{"embeddable":true,"href":"https:\/\/espacoecologico.com.br\/arquivo\/wp-json\/wp\/v2\/comments?post=32924"}],"version-history":[{"count":0,"href":"https:\/\/espacoecologico.com.br\/arquivo\/wp-json\/wp\/v2\/posts\/32924\/revisions"}],"wp:featuredmedia":[{"embeddable":true,"href":"https:\/\/espacoecologico.com.br\/arquivo\/wp-json\/wp\/v2\/media\/32925"}],"wp:attachment":[{"href":"https:\/\/espacoecologico.com.br\/arquivo\/wp-json\/wp\/v2\/media?parent=32924"}],"wp:term":[{"taxonomy":"category","embeddable":true,"href":"https:\/\/espacoecologico.com.br\/arquivo\/wp-json\/wp\/v2\/categories?post=32924"},{"taxonomy":"post_tag","embeddable":true,"href":"https:\/\/espacoecologico.com.br\/arquivo\/wp-json\/wp\/v2\/tags?post=32924"}],"curies":[{"name":"wp","href":"https:\/\/api.w.org\/{rel}","templated":true}]}}