{"id":32880,"date":"2015-12-06T14:52:27","date_gmt":"2015-12-06T17:52:27","guid":{"rendered":"https:\/\/espacoecologico.com.br\/arquivo\/?p=32880"},"modified":"2015-12-06T14:52:27","modified_gmt":"2015-12-06T17:52:27","slug":"papa-pede-decisoes-importantes-diante-de-mudancas-climaticas","status":"publish","type":"post","link":"https:\/\/espacoecologico.com.br\/arquivo\/papa-pede-decisoes-importantes-diante-de-mudancas-climaticas\/","title":{"rendered":"Papa pede &#8216;decis\u00f5es importantes&#8217; diante de mudan\u00e7as clim\u00e1ticas"},"content":{"rendered":"<p><a href=\"https:\/\/espacoecologico.com.br\/arquivo\/wp-content\/uploads\/2015\/12\/papa.jpg\"><img loading=\"lazy\" class=\"alignleft size-medium wp-image-32881\" src=\"https:\/\/espacoecologico.com.br\/arquivo\/wp-content\/uploads\/2015\/12\/papa-300x192.jpg\" alt=\"\" width=\"300\" height=\"192\" srcset=\"https:\/\/espacoecologico.com.br\/arquivo\/wp-content\/uploads\/2015\/12\/papa-300x192.jpg 300w, https:\/\/espacoecologico.com.br\/arquivo\/wp-content\/uploads\/2015\/12\/papa.jpg 415w\" sizes=\"(max-width: 300px) 100vw, 300px\" \/><\/a>O Papa Francisco pediu neste domingo (6) aos ministros de 195 pa\u00edses reunidos na COP 21, a Confer\u00eancia da ONU sobre Mudan\u00e7as Clim\u00e1ticas, que tenham &#8220;valor&#8221; para adotar decis\u00f5es importantes para as gera\u00e7\u00f5es futuras.<\/p>\n<p>&#8220;Que tipo de mundo desejamos transmitir aos que vir\u00e3o depois de n\u00f3s, \u00e0s crian\u00e7as que est\u00e3o crescendo?&#8221;, se perguntou o Papa durante o \u00c2ngelus diante de milhares de fi\u00e9is reunidos na pra\u00e7a de S\u00e3o Pedro.<\/p>\n<p>&#8220;Pelo bem da casa comum, de todos n\u00f3s e das gera\u00e7\u00f5es futuras, devem ser realizados todos os esfor\u00e7os em Paris para mitigar os impactos das mudan\u00e7as clim\u00e1ticas e, ao mesmo tempo, para lutar contra a pobreza e aumentar a dignidade humana. As duas quest\u00f5es andam de m\u00e3os dadas&#8221;, insistiu, lembrando a enc\u00edclica sobre o meio-ambiente, &#8220;Laudato si&#8221;, que publicou no in\u00edcio do ano.<\/p>\n<p>&#8220;Rezamos para que o Esp\u00edrito Santo ilumine os que devem tomar decis\u00f5es t\u00e3o importantes e lhes d\u00ea valor para conservar sempre como crit\u00e9rio preferencial o bem soberano de toda a fam\u00edlia humana&#8221;, acrescentou o pont\u00edfice.<\/p>\n<p>A COP21 entra agora na segunda semana de negocia\u00e7\u00e3o com o objetivo de fechar um acordo na pr\u00f3xima sexta-feira (11). A ministra do Meio Ambiente do Brasil, Izabella Teixeira, ser\u00e1 respons\u00e1vel no papel de &#8220;facilitadora&#8221; por propor solu\u00e7\u00f5es para que haja consenso na quest\u00e3o de diferencia\u00e7\u00e3o entre pa\u00edses ricos e pobres na COP21. Ela atuar\u00e1 ao lado do ministro de rela\u00e7\u00f5es exteriores de Cingapura, Vivian Balakrishnan.<\/p>\n<p>Na segunda-feira (30), no avi\u00e3o que o levava de volta ao Vaticano ap\u00f3s seu giro pela \u00c1frica, Francisco afirmou que o mundo est\u00e1 &#8220;\u00e0 beira do suic\u00eddio&#8221; e que a comunidade internacional reunida na c\u00fapula de Paris deve alcan\u00e7ar um acordo &#8220;agora ou nunca&#8221;.<\/p>\n<p>Na enc\u00edclica &#8220;Laudato si&#8221;, o Papa abordou algumas quest\u00f5es chave antes da COP 21: reconhecimento da responsabilidade humana no aquecimento global, abandono das energias f\u00f3sseis e grandes ajudas financeiras e tecnol\u00f3gicas aos pa\u00edses pobres para realizar as mudan\u00e7as necess\u00e1rias.<\/p>\n","protected":false},"excerpt":{"rendered":"<p>O Papa Francisco pediu neste domingo (6) aos ministros de 195 pa\u00edses reunidos na COP<\/p>\n","protected":false},"author":2,"featured_media":32881,"comment_status":"open","ping_status":"open","sticky":false,"template":"","format":"standard","meta":[],"categories":[],"tags":[],"uagb_featured_image_src":{"full":["https:\/\/espacoecologico.com.br\/arquivo\/wp-content\/uploads\/2015\/12\/papa.jpg",415,265,false],"thumbnail":["https:\/\/espacoecologico.com.br\/arquivo\/wp-content\/uploads\/2015\/12\/papa-150x150.jpg",150,150,true],"medium":["https:\/\/espacoecologico.com.br\/arquivo\/wp-content\/uploads\/2015\/12\/papa-300x192.jpg",300,192,true],"medium_large":["https:\/\/espacoecologico.com.br\/arquivo\/wp-content\/uploads\/2015\/12\/papa.jpg",415,265,false],"large":["https:\/\/espacoecologico.com.br\/arquivo\/wp-content\/uploads\/2015\/12\/papa.jpg",415,265,false],"1536x1536":["https:\/\/espacoecologico.com.br\/arquivo\/wp-content\/uploads\/2015\/12\/papa.jpg",415,265,false],"2048x2048":["https:\/\/espacoecologico.com.br\/arquivo\/wp-content\/uploads\/2015\/12\/papa.jpg",415,265,false],"cream-magazine-thumbnail-2":["https:\/\/espacoecologico.com.br\/arquivo\/wp-content\/uploads\/2015\/12\/papa.jpg",415,265,false],"cream-magazine-thumbnail-3":["https:\/\/espacoecologico.com.br\/arquivo\/wp-content\/uploads\/2015\/12\/papa.jpg",415,265,false],"cream-magazine-thumbnail-4":["https:\/\/espacoecologico.com.br\/arquivo\/wp-content\/uploads\/2015\/12\/papa.jpg",415,265,false]},"uagb_author_info":{"display_name":"","author_link":"https:\/\/espacoecologico.com.br\/arquivo\/author\/"},"uagb_comment_info":0,"uagb_excerpt":"O Papa Francisco pediu neste domingo (6) aos ministros de 195 pa\u00edses reunidos na COP","_links":{"self":[{"href":"https:\/\/espacoecologico.com.br\/arquivo\/wp-json\/wp\/v2\/posts\/32880"}],"collection":[{"href":"https:\/\/espacoecologico.com.br\/arquivo\/wp-json\/wp\/v2\/posts"}],"about":[{"href":"https:\/\/espacoecologico.com.br\/arquivo\/wp-json\/wp\/v2\/types\/post"}],"author":[{"embeddable":true,"href":"https:\/\/espacoecologico.com.br\/arquivo\/wp-json\/wp\/v2\/users\/2"}],"replies":[{"embeddable":true,"href":"https:\/\/espacoecologico.com.br\/arquivo\/wp-json\/wp\/v2\/comments?post=32880"}],"version-history":[{"count":0,"href":"https:\/\/espacoecologico.com.br\/arquivo\/wp-json\/wp\/v2\/posts\/32880\/revisions"}],"wp:featuredmedia":[{"embeddable":true,"href":"https:\/\/espacoecologico.com.br\/arquivo\/wp-json\/wp\/v2\/media\/32881"}],"wp:attachment":[{"href":"https:\/\/espacoecologico.com.br\/arquivo\/wp-json\/wp\/v2\/media?parent=32880"}],"wp:term":[{"taxonomy":"category","embeddable":true,"href":"https:\/\/espacoecologico.com.br\/arquivo\/wp-json\/wp\/v2\/categories?post=32880"},{"taxonomy":"post_tag","embeddable":true,"href":"https:\/\/espacoecologico.com.br\/arquivo\/wp-json\/wp\/v2\/tags?post=32880"}],"curies":[{"name":"wp","href":"https:\/\/api.w.org\/{rel}","templated":true}]}}