{"id":32874,"date":"2015-12-06T12:39:18","date_gmt":"2015-12-06T15:39:18","guid":{"rendered":"https:\/\/espacoecologico.com.br\/arquivo\/?p=32874"},"modified":"2015-12-06T13:30:01","modified_gmt":"2015-12-06T16:30:01","slug":"5-acoes-sustentaveis-que-voce-pode-comecar-nas-ferias","status":"publish","type":"post","link":"https:\/\/espacoecologico.com.br\/arquivo\/5-acoes-sustentaveis-que-voce-pode-comecar-nas-ferias\/","title":{"rendered":"Cinco a\u00e7\u00f5es sustent\u00e1veis que voc\u00ea pode come\u00e7ar nas f\u00e9rias"},"content":{"rendered":"<header><\/header>\n<div class=\"itemBody\">\n<div class=\"itemIntroText\">\n<p><img loading=\"lazy\" class=\"caption\" title=\"Imagem: Shutterstock\" src=\"http:\/\/consumidorconsciente.eco.br\/images\/habitos-sustentaveis-ferias.jpg\" alt=\"\" width=\"639\" height=\"478\" \/><\/p>\n<div><em>O per\u00edodo de f\u00e9rias pode ser essencial para que voc\u00ea mude ou inicie um h\u00e1bito mais saud\u00e1vel para todos \u00e0 sua volta\u00a0<\/em><\/div>\n<\/div>\n<div class=\"itemFullText\">\n<div><\/div>\n<div>Ap\u00f3s d\u00e9cadas de explora\u00e7\u00e3o, o planeta Terra d\u00e1 sinais de esgotamento e apenas com medidas eficazes \u00e9 poss\u00edvel reverter parte deste cen\u00e1rio e garantir um futuro mais limpo e saud\u00e1vel na preserva\u00e7\u00e3o ambiental.<\/div>\n<p>Conhe\u00e7a cinco a\u00e7\u00f5es que todos podem fazer regularmente \u2013 e voc\u00ea pode come\u00e7ar hoje.<\/p>\n<div><strong>Cuide de \u00e1rvores<\/strong> \u2013 n\u00e3o basta apenas plantar \u00e1rvores; \u00e9 preciso cuidar para garantir seu crescimento. Al\u00e9m de permitir um ar mais limpo e auxiliar no combate ao aquecimento global, as mudas de diversas esp\u00e9cies tamb\u00e9m deixam a zona urbana mais bonita e agrad\u00e1vel aos moradores.<\/div>\n<p><strong>Recicle o lixo<\/strong> \u2013 em 2014, o Brasil gerou 78,6 milh\u00f5es de toneladas de lixo, de acordo com a Associa\u00e7\u00e3o Brasileira de Empresas de Limpeza P\u00fablica e Res\u00edduos Especiais (Abrelpe). Com um n\u00famero t\u00e3o elevado, \u00e9 preciso implementar medidas para reciclar grande parte dos res\u00edduos s\u00f3lidos. Este servi\u00e7o deve come\u00e7ar em casa, com a separa\u00e7\u00e3o adequada dos materiais. Caso n\u00e3o haja coleta de lixo reciclado na sua rua, entre em contato com a prefeitura da sua cidade e descubra como incluir a sua resid\u00eancia no trajeto do coletor. Afinal, de nada adiantar separar se o processo adiante n\u00e3o cumprir com o mesmo objetivo.<\/p>\n<div><strong>Reutilize \u00e1gua<\/strong> \u2013 principal fonte de vida, a \u00e1gua deve ser consumida de forma racional. Um importante recurso \u00e9 reutiliz\u00e1-la nas atividades rotineiras, como a limpeza da casa. Al\u00e9m disso, \u00e9 importante tomar cuidado com o tempo desperdi\u00e7ado no banho e o conserto de vazamentos nos encanamentos da casa.<\/div>\n<p>Reduza o uso do carro \u2013 ao inv\u00e9s de utilizar apenas o carro, busque alternar com meios de transporte mais limpos para se locomover pela cidade, como o transporte p\u00fablico ou at\u00e9 mesmo bicicletas e skate (para o caso de pequenas dist\u00e2ncias).<\/p>\n<div><strong>Mantenha uma horta <\/strong>\u2013 uma boa dica \u00e9 instalar uma horta dentro de casa, com verduras, legumes e especiarias. Al\u00e9m de deixar o ambiente mais agrad\u00e1vel, ela consegue suprir algumas necessidades de alimenta\u00e7\u00e3o da fam\u00edlia.<\/div>\n<div><em>***<\/em><\/div>\n<div><em>Fl\u00e1via Pini \u00e9 Diretora de Marketing da GreenClick, empresa que contribui com a neutraliza\u00e7\u00e3o da emiss\u00e3o de CO2 no pa\u00eds.<\/em><\/div>\n<div><\/div>\n<div>Fonte: Consumidor Consciente<\/div>\n<\/div>\n<\/div>\n","protected":false},"excerpt":{"rendered":"<p>O per\u00edodo de f\u00e9rias pode ser essencial para que voc\u00ea mude ou inicie um h\u00e1bito<\/p>\n","protected":false},"author":2,"featured_media":0,"comment_status":"open","ping_status":"open","sticky":false,"template":"","format":"standard","meta":[],"categories":[],"tags":[],"uagb_featured_image_src":{"full":false,"thumbnail":false,"medium":false,"medium_large":false,"large":false,"1536x1536":false,"2048x2048":false,"cream-magazine-thumbnail-2":false,"cream-magazine-thumbnail-3":false,"cream-magazine-thumbnail-4":false},"uagb_author_info":{"display_name":"","author_link":"https:\/\/espacoecologico.com.br\/arquivo\/author\/"},"uagb_comment_info":0,"uagb_excerpt":"O per\u00edodo de f\u00e9rias pode ser essencial para que voc\u00ea mude ou inicie um h\u00e1bito","_links":{"self":[{"href":"https:\/\/espacoecologico.com.br\/arquivo\/wp-json\/wp\/v2\/posts\/32874"}],"collection":[{"href":"https:\/\/espacoecologico.com.br\/arquivo\/wp-json\/wp\/v2\/posts"}],"about":[{"href":"https:\/\/espacoecologico.com.br\/arquivo\/wp-json\/wp\/v2\/types\/post"}],"author":[{"embeddable":true,"href":"https:\/\/espacoecologico.com.br\/arquivo\/wp-json\/wp\/v2\/users\/2"}],"replies":[{"embeddable":true,"href":"https:\/\/espacoecologico.com.br\/arquivo\/wp-json\/wp\/v2\/comments?post=32874"}],"version-history":[{"count":0,"href":"https:\/\/espacoecologico.com.br\/arquivo\/wp-json\/wp\/v2\/posts\/32874\/revisions"}],"wp:attachment":[{"href":"https:\/\/espacoecologico.com.br\/arquivo\/wp-json\/wp\/v2\/media?parent=32874"}],"wp:term":[{"taxonomy":"category","embeddable":true,"href":"https:\/\/espacoecologico.com.br\/arquivo\/wp-json\/wp\/v2\/categories?post=32874"},{"taxonomy":"post_tag","embeddable":true,"href":"https:\/\/espacoecologico.com.br\/arquivo\/wp-json\/wp\/v2\/tags?post=32874"}],"curies":[{"name":"wp","href":"https:\/\/api.w.org\/{rel}","templated":true}]}}