{"id":32871,"date":"2015-12-06T12:34:53","date_gmt":"2015-12-06T15:34:53","guid":{"rendered":"https:\/\/espacoecologico.com.br\/arquivo\/?p=32871"},"modified":"2015-12-06T13:33:00","modified_gmt":"2015-12-06T16:33:00","slug":"nova-tecnica-produz-plastico-biodegradavel-em-minutos","status":"publish","type":"post","link":"https:\/\/espacoecologico.com.br\/arquivo\/nova-tecnica-produz-plastico-biodegradavel-em-minutos\/","title":{"rendered":"Nova t\u00e9cnica produz em minutos pl\u00e1stico biodegrad\u00e1vel  que \u00e9 melhor absorvido pela natureza"},"content":{"rendered":"<p><a href=\"https:\/\/espacoecologico.com.br\/arquivo\/wp-content\/uploads\/2015\/12\/plastico.jpg\"><img loading=\"lazy\" class=\"alignleft size-medium wp-image-32872\" src=\"https:\/\/espacoecologico.com.br\/arquivo\/wp-content\/uploads\/2015\/12\/plastico-300x192.jpg\" alt=\"\" width=\"300\" height=\"192\" srcset=\"https:\/\/espacoecologico.com.br\/arquivo\/wp-content\/uploads\/2015\/12\/plastico-300x192.jpg 300w, https:\/\/espacoecologico.com.br\/arquivo\/wp-content\/uploads\/2015\/12\/plastico.jpg 415w\" sizes=\"(max-width: 300px) 100vw, 300px\" \/><\/a>Todo mundo sabe que as sacolas pl\u00e1sticas s\u00e3o grandes inimigas do meio ambiente, no entanto, n\u00e3o \u00e9 f\u00e1cil para muitas pessoas abrirem m\u00e3o das embalagens em nosso dia a dia. A\u00a0Embrapa\u00a0acaba de desenvolver um produto amigo do meio ambiente, que \u00e9 de f\u00e1cil produ\u00e7\u00e3o e que pode ser um substituto \u00e0 altura das sacolas convencionais. O pl\u00e1stico biodegrad\u00e1vel \u00e9 melhor absorvido pela natureza e alivia o ambiente de um dos piores produtos para se decompor: as embalagens pl\u00e1sticas feitas de polietilenos (derivados do petr\u00f3leo).<\/p>\n<p>As part\u00edculas biodegrad\u00e1veis s\u00e3o feitas \u00e0 base de subst\u00e2ncias provenientes da agricultura e da agroind\u00fastria e s\u00e3o 100% naturais. A t\u00e9cnica elaborada no Laborat\u00f3rio de Nanotecnologia da Embrapa Instrumenta\u00e7\u00e3o (SP) foi batizada de casting cont\u00ednuo e \u00e9 resultado de 20 anos de estudos com pol\u00edmeros naturais. Para fazer o pl\u00e1stico s\u00e3o utilizadas prote\u00ednas como o col\u00e1geno, polissacar\u00eddeos como a quitosana ou amidos como os presentes em mandiocas, derivados de celulose etc.<\/p>\n<p>Essas subst\u00e2ncias entram em formula\u00e7\u00f5es aquosas e s\u00e3o transformadas em pel\u00edculas finas de alta transpar\u00eancia. Elas s\u00e3o feitas em apenas 10 minutos com a nova t\u00e9cnica, que n\u00e3o necessita de materiais t\u00f3xicos para compor o resultado final. Al\u00e9m de \u201camigos\u201d do meio ambiente, esses pl\u00e1sticos s\u00e3o tamb\u00e9m mais seguros para embalar alimentos, j\u00e1 que reduzem a zero o risco de contamina\u00e7\u00e3o por elementos t\u00f3xicos.<\/p>\n<p><img loading=\"lazy\" class=\" wp-image-32063\" src=\"http:\/\/www.pensamentoverde.com.br\/wp-content\/uploads\/2015\/11\/2-laboratorio-plastico-biodegradavel.jpg\" alt=\"\" width=\"637\" height=\"455\" \/><\/p>\n<p>Por ser t\u00e3o r\u00e1pido de ser produzido, o pl\u00e1stico biodegrad\u00e1vel pode ter uma boa inser\u00e7\u00e3o no mercado e ser produzido e vendido a pre\u00e7os menos elevados. Como ele tamb\u00e9m se degrada rapidamente durante a compostagem, n\u00e3o precisa ser separado dos outros rejeitos org\u00e2nicos. No momento, a t\u00e9cnica ainda passa por mais pesquisas e n\u00e3o tem previs\u00e3o de ser lan\u00e7ada no mercado.<\/p>\n<p>Os recursos da pesquisa s\u00e3o do Conselho Nacional de Desenvolvimento Cient\u00edfico e Tecnol\u00f3gico (CNPq), Funda\u00e7\u00e3o de Amparo \u00e0 Pesquisa do Estado de S\u00e3o Paulo (Fapesp) e do Minist\u00e9rio da Ci\u00eancia, Tecnologia e Inova\u00e7\u00e3o (MCTI) por meio da rede SisNANO, sistema de laborat\u00f3rios multiusu\u00e1rios que o Laborat\u00f3rio Nacional de Nanotecnologia para o Agroneg\u00f3cio (LNNA)\u00a0passou a integrar em 2013. A pesquisa conta ainda com uma parceria entre a Embrapa e o Servi\u00e7o de Pesquisa Agr\u00edcola dos Estados Unidos (ARS).<\/p>\n","protected":false},"excerpt":{"rendered":"<p>Todo mundo sabe que as sacolas pl\u00e1sticas s\u00e3o grandes inimigas do meio ambiente, no entanto,<\/p>\n","protected":false},"author":2,"featured_media":32872,"comment_status":"open","ping_status":"open","sticky":false,"template":"","format":"standard","meta":[],"categories":[],"tags":[],"uagb_featured_image_src":{"full":["https:\/\/espacoecologico.com.br\/arquivo\/wp-content\/uploads\/2015\/12\/plastico.jpg",415,265,false],"thumbnail":["https:\/\/espacoecologico.com.br\/arquivo\/wp-content\/uploads\/2015\/12\/plastico-150x150.jpg",150,150,true],"medium":["https:\/\/espacoecologico.com.br\/arquivo\/wp-content\/uploads\/2015\/12\/plastico-300x192.jpg",300,192,true],"medium_large":["https:\/\/espacoecologico.com.br\/arquivo\/wp-content\/uploads\/2015\/12\/plastico.jpg",415,265,false],"large":["https:\/\/espacoecologico.com.br\/arquivo\/wp-content\/uploads\/2015\/12\/plastico.jpg",415,265,false],"1536x1536":["https:\/\/espacoecologico.com.br\/arquivo\/wp-content\/uploads\/2015\/12\/plastico.jpg",415,265,false],"2048x2048":["https:\/\/espacoecologico.com.br\/arquivo\/wp-content\/uploads\/2015\/12\/plastico.jpg",415,265,false],"cream-magazine-thumbnail-2":["https:\/\/espacoecologico.com.br\/arquivo\/wp-content\/uploads\/2015\/12\/plastico.jpg",415,265,false],"cream-magazine-thumbnail-3":["https:\/\/espacoecologico.com.br\/arquivo\/wp-content\/uploads\/2015\/12\/plastico.jpg",415,265,false],"cream-magazine-thumbnail-4":["https:\/\/espacoecologico.com.br\/arquivo\/wp-content\/uploads\/2015\/12\/plastico.jpg",415,265,false]},"uagb_author_info":{"display_name":"","author_link":"https:\/\/espacoecologico.com.br\/arquivo\/author\/"},"uagb_comment_info":0,"uagb_excerpt":"Todo mundo sabe que as sacolas pl\u00e1sticas s\u00e3o grandes inimigas do meio ambiente, no entanto,","_links":{"self":[{"href":"https:\/\/espacoecologico.com.br\/arquivo\/wp-json\/wp\/v2\/posts\/32871"}],"collection":[{"href":"https:\/\/espacoecologico.com.br\/arquivo\/wp-json\/wp\/v2\/posts"}],"about":[{"href":"https:\/\/espacoecologico.com.br\/arquivo\/wp-json\/wp\/v2\/types\/post"}],"author":[{"embeddable":true,"href":"https:\/\/espacoecologico.com.br\/arquivo\/wp-json\/wp\/v2\/users\/2"}],"replies":[{"embeddable":true,"href":"https:\/\/espacoecologico.com.br\/arquivo\/wp-json\/wp\/v2\/comments?post=32871"}],"version-history":[{"count":0,"href":"https:\/\/espacoecologico.com.br\/arquivo\/wp-json\/wp\/v2\/posts\/32871\/revisions"}],"wp:featuredmedia":[{"embeddable":true,"href":"https:\/\/espacoecologico.com.br\/arquivo\/wp-json\/wp\/v2\/media\/32872"}],"wp:attachment":[{"href":"https:\/\/espacoecologico.com.br\/arquivo\/wp-json\/wp\/v2\/media?parent=32871"}],"wp:term":[{"taxonomy":"category","embeddable":true,"href":"https:\/\/espacoecologico.com.br\/arquivo\/wp-json\/wp\/v2\/categories?post=32871"},{"taxonomy":"post_tag","embeddable":true,"href":"https:\/\/espacoecologico.com.br\/arquivo\/wp-json\/wp\/v2\/tags?post=32871"}],"curies":[{"name":"wp","href":"https:\/\/api.w.org\/{rel}","templated":true}]}}