{"id":27631,"date":"2015-09-05T16:12:31","date_gmt":"2015-09-05T19:12:31","guid":{"rendered":"https:\/\/espacoecologico.com.br\/arquivo\/?p=27631"},"modified":"2015-09-05T16:12:31","modified_gmt":"2015-09-05T19:12:31","slug":"alimentacao-dos-pais-deve-ser-exemplo-para-habitos-das-criancas","status":"publish","type":"post","link":"https:\/\/espacoecologico.com.br\/arquivo\/alimentacao-dos-pais-deve-ser-exemplo-para-habitos-das-criancas\/","title":{"rendered":"Alimenta\u00e7\u00e3o dos pais deve ser exemplo para h\u00e1bitos das crian\u00e7as"},"content":{"rendered":"<div id=\"HOTWordsTxt\" class=\"textoInterna\">\n<p><a href=\"https:\/\/espacoecologico.com.br\/arquivo\/wp-content\/uploads\/2015\/09\/crianca.jpg\"><img loading=\"lazy\" class=\"alignleft size-medium wp-image-27632\" src=\"https:\/\/espacoecologico.com.br\/arquivo\/wp-content\/uploads\/2015\/09\/crianca-300x192.jpg\" alt=\"\" width=\"300\" height=\"192\" srcset=\"https:\/\/espacoecologico.com.br\/arquivo\/wp-content\/uploads\/2015\/09\/crianca-300x192.jpg 300w, https:\/\/espacoecologico.com.br\/arquivo\/wp-content\/uploads\/2015\/09\/crianca.jpg 415w\" sizes=\"(max-width: 300px) 100vw, 300px\" \/><\/a>Se o ditado j\u00e1 diz que \u201ceduca\u00e7\u00e3o vem de ber\u00e7o\u201d, a alimenta\u00e7\u00e3o saud\u00e1vel segue a mesma linha. Desde a gesta\u00e7\u00e3o at\u00e9 a amamenta\u00e7\u00e3o, a m\u00e3e \u00e9 a \u00fanica respons\u00e1vel por nutrir o beb\u00ea e, por isso, precisa atentar-se ao equil\u00edbrio de nutrientes no prato.<\/p>\n<p>Por volta dos seis meses de idade, quando come\u00e7am as papinhas, a tend\u00eancia dos beb\u00eas, segundo a professora Priscila Chasseraux, coordenadora do curso de Nutri\u00e7\u00e3o da Universidade Anhanguera de S\u00e3o Paulo, \u00e9 por alimentos doces. \u201cPedimos que n\u00e3o adicione a\u00e7\u00facar branco de mesa (sacarose) e deixe a crian\u00e7a acostumar-se com o a\u00e7\u00facar natural das frutas (frutose).\u201d<\/p>\n<p>Nos primeiros anos de vida, a recomenda\u00e7\u00e3o da coordenadora de Nutri\u00e7\u00e3o \u00e9 deixar os alimentos na forma integral e crua. \u201cDessa maneira, \u00e9 poss\u00edvel saber que a cenoura \u00e9 uma raiz e que n\u00e3o \u00e9 sempre ralada. Optar sempre por alimentos frescos e evitar ao m\u00e1ximo os industrializados e com conservantes.\u201d<\/p>\n<p>A alimenta\u00e7\u00e3o adequada para as crian\u00e7as deve conter todos os alimentos previstos pela pir\u00e2mide: cereais, tub\u00e9rculos e ra\u00edzes, prote\u00ednas animais (carnes, peixes, aves, leite e derivados, ovos) e vegetais (feij\u00e3o, lentilha, ervilha seca), frutas, verduras e legumes, gorduras saud\u00e1veis, mas em pequena quantidade, como azeite de oliva, \u00f3leo de soja ou de canola (n\u00e3o aquecidos), e uma m\u00ednima quantidade de a\u00e7\u00facar simples e doces.<\/p>\n<p>A mesma regra deve ser observada na hora de montar a lancheira para a escola. \u201cFrutas podem ser colocadas com certeza por serem saud\u00e1veis. Para bolachas \u00e9 preciso cuidado, pois as crian\u00e7as preferem as recheadas, que possuem gorduras trans, que s\u00e3o mal\u00e9ficas ao organismo. P\u00e3o com requeij\u00e3o ou com geleia de frutas e leite ou suco de frutas naturais tamb\u00e9m s\u00e3o op\u00e7\u00f5es saud\u00e1veis. N\u00e3o h\u00e1 alimentos proibidos, e sim alimentos que devem ser consumidos esporadicamente. Uma alimenta\u00e7\u00e3o saud\u00e1vel \u00e9 composta por um card\u00e1pio equilibrado em quantidade e qualidade\u201d, explicam a pediatra Denise de Oliveira Schoeps e a nutr\u00f3loga Fabiola Isabel Suano de Souza, professoras do Departamento de Pediatria da FMABC (Faculdade de Medicina do ABC).<\/p>\n<p><img loading=\"lazy\" src=\"http:\/\/www.dgabc.com.br\/Versao2012\/Painel\/img\/editorTexto\/original\/db42142f6a874f6b9ee2.jpg\" alt=\"\" width=\"600\" height=\"360\" \/><\/p>\n<p>Apesar dos esfor\u00e7os para h\u00e1bitos saud\u00e1veis, n\u00e3o \u00e9 poss\u00edvel privar a crian\u00e7a de experimentar doces, refrigerantes ou salgadinhos. \u201cEm algum momento ela vai ingerir tais alimentos, ent\u00e3o deixe que isso seja feito em casa, com controle. Porque quando for oferecida \u00e0 ela, n\u00e3o ir\u00e1 atacar e comer\u00e1 como outro alimento, sem tabus. Hoje h\u00e1 tamb\u00e9m op\u00e7\u00f5es com baixa caloria e com fibras e frutas\u201d, conta Priscila.<\/p>\n<p>Para as especialistas da FMABC, o exemplo dos pais \u00e9 de extrema import\u00e2ncia na hora da educa\u00e7\u00e3o alimentar dos pequenos, que s\u00e3o constantemente bombardeados por propagandas. \u201cA vida corrida de hoje obriga muitas fam\u00edlias a consumirem alimentos prontos, sendo as op\u00e7\u00f5es frutas e verduras pouco frequentes at\u00e9 pela maior dificuldade de preparo e deteriora\u00e7\u00e3o mais r\u00e1pida. Portanto, para que a crian\u00e7a aprenda a comer bem, a fam\u00edlia tamb\u00e9m deve comer bem.\u201d<\/p>\n<p>Uma outra dica da nutricionista da Anhanguera para fazer com que as crian\u00e7as se interessem mais por alimentos saud\u00e1veis \u00e9 pedir ajuda delas na prepara\u00e7\u00e3o das refei\u00e7\u00f5es. \u201cOu mesmo andar pelo supermercado explicando sobre cada alimento. Se for poss\u00edvel, mantenha uma horta de temperos em casa. Isso, al\u00e9m de mais saud\u00e1vel, traz responsabilidade \u00e0 crian\u00e7a para que ela cuide e regue.\u201d<\/p>\n<p>Mas, caso o pequeno j\u00e1 esteja acostumado com comida mais industrializada e se recuse a experimentar outras refei\u00e7\u00f5es pode ser preciso at\u00e9 interfer\u00eancia profissional, que trabalhar\u00e1 a inser\u00e7\u00e3o de novos alimentos de forma l\u00fadica. \u201cSe a crian\u00e7a aprender que n\u00e3o comendo o alimento que lhe \u00e9 oferecido ela ganhar\u00e1 aquele que quer, vai usar desse fato para conseguir do adulto apenas a comida que deseja, que geralmente n\u00e3o \u00e9 a mais adequada. Quando a crian\u00e7a se recusar a aceitar os alimentos, eles n\u00e3o devem ser substitu\u00eddos. \u00c9 preciso dizer que entende que ela n\u00e3o esteja com fome naquele momento e quando estiver receber\u00e1 a mesma refei\u00e7\u00e3o que recusou agora\u201d, afirmam a nutr\u00f3loga e a pediatra da FMABC.<\/p>\n<p><strong>Comida saud\u00e1vel atrai buffets infantis<\/strong><br \/>\nPara n\u00e3o ficar atr\u00e1s na onda de alimenta\u00e7\u00e3o saud\u00e1vel, o mercado de festas infantis tamb\u00e9m est\u00e1 investindo no setor. O buffet itinerante Bicho de P\u00e9, que est\u00e1 entrando agora na \u00e1rea e atende a regi\u00e3o, aposta tamb\u00e9m na sustentabilidade.<\/p>\n<p>J\u00e1 conhecido no meio de eventos, Paulo Parente pesquisou por 10 meses sobre comida saud\u00e1vel, vegana e op\u00e7\u00f5es para quem tem intoler\u00e2ncia alimentar. \u201cTodas as nossas comidas s\u00e3o sem gordura, sem a\u00e7\u00facar, n\u00e3o tem frituras nem refrigerantes\u201d, conta o propriet\u00e1rio do buffet.<\/p>\n<p>Entre as op\u00e7\u00f5es de guloseimas saud\u00e1veis est\u00e3o cookies de farinha de banana verde, muffin de laranja com am\u00eandoa, hamb\u00farguer de quinoa, tapioca, p\u00e3o de queijo, pizza com massa feita pelos cozinheiros do buffet.<\/p>\n<p>\u201cA apresenta\u00e7\u00e3o \u00e9 muito importante para as crian\u00e7as. A melancia, por exemplo, \u00e9 oferecida em formato de sorvete de palito, a carambola \u00e9 uma fruta bem bonita, ent\u00e3o fatiamos de uma forma agrad\u00e1vel\u201d, afirma Parente.<\/p>\n<p>Al\u00e9m da alimenta\u00e7\u00e3o, o Bicho de P\u00e9 tamb\u00e9m fica respons\u00e1vel pela recrea\u00e7\u00e3o da festa, que pode custar entre R$ 96 a R$ 130 por convidado. \u201cPreservamos o lado ecol\u00f3gico. Ent\u00e3o, se no espa\u00e7o da festa n\u00e3o tiver acesso \u00e0 terra, levamos grama sint\u00e9tica porque a ideia \u00e9 que as crian\u00e7as passem todo o tempo com o p\u00e9 no ch\u00e3o para descarregar energia. Mais para frente, vamos oferecer tinta a base de urucum, mas como mancha a roupa, vamos oferecer camisetas para os pais n\u00e3o se preocuparem com a sujeira.\u201d<\/p>\n<\/div>\n","protected":false},"excerpt":{"rendered":"<p>Se o ditado j\u00e1 diz que \u201ceduca\u00e7\u00e3o vem de ber\u00e7o\u201d, a alimenta\u00e7\u00e3o saud\u00e1vel segue a<\/p>\n","protected":false},"author":2,"featured_media":27632,"comment_status":"open","ping_status":"open","sticky":false,"template":"","format":"standard","meta":[],"categories":[],"tags":[],"uagb_featured_image_src":{"full":["https:\/\/espacoecologico.com.br\/arquivo\/wp-content\/uploads\/2015\/09\/crianca.jpg",415,265,false],"thumbnail":["https:\/\/espacoecologico.com.br\/arquivo\/wp-content\/uploads\/2015\/09\/crianca-150x150.jpg",150,150,true],"medium":["https:\/\/espacoecologico.com.br\/arquivo\/wp-content\/uploads\/2015\/09\/crianca-300x192.jpg",300,192,true],"medium_large":["https:\/\/espacoecologico.com.br\/arquivo\/wp-content\/uploads\/2015\/09\/crianca.jpg",415,265,false],"large":["https:\/\/espacoecologico.com.br\/arquivo\/wp-content\/uploads\/2015\/09\/crianca.jpg",415,265,false],"1536x1536":["https:\/\/espacoecologico.com.br\/arquivo\/wp-content\/uploads\/2015\/09\/crianca.jpg",415,265,false],"2048x2048":["https:\/\/espacoecologico.com.br\/arquivo\/wp-content\/uploads\/2015\/09\/crianca.jpg",415,265,false],"cream-magazine-thumbnail-2":["https:\/\/espacoecologico.com.br\/arquivo\/wp-content\/uploads\/2015\/09\/crianca.jpg",415,265,false],"cream-magazine-thumbnail-3":["https:\/\/espacoecologico.com.br\/arquivo\/wp-content\/uploads\/2015\/09\/crianca.jpg",415,265,false],"cream-magazine-thumbnail-4":["https:\/\/espacoecologico.com.br\/arquivo\/wp-content\/uploads\/2015\/09\/crianca.jpg",415,265,false]},"uagb_author_info":{"display_name":"","author_link":"https:\/\/espacoecologico.com.br\/arquivo\/author\/"},"uagb_comment_info":0,"uagb_excerpt":"Se o ditado j\u00e1 diz que \u201ceduca\u00e7\u00e3o vem de ber\u00e7o\u201d, a alimenta\u00e7\u00e3o saud\u00e1vel segue a","_links":{"self":[{"href":"https:\/\/espacoecologico.com.br\/arquivo\/wp-json\/wp\/v2\/posts\/27631"}],"collection":[{"href":"https:\/\/espacoecologico.com.br\/arquivo\/wp-json\/wp\/v2\/posts"}],"about":[{"href":"https:\/\/espacoecologico.com.br\/arquivo\/wp-json\/wp\/v2\/types\/post"}],"author":[{"embeddable":true,"href":"https:\/\/espacoecologico.com.br\/arquivo\/wp-json\/wp\/v2\/users\/2"}],"replies":[{"embeddable":true,"href":"https:\/\/espacoecologico.com.br\/arquivo\/wp-json\/wp\/v2\/comments?post=27631"}],"version-history":[{"count":0,"href":"https:\/\/espacoecologico.com.br\/arquivo\/wp-json\/wp\/v2\/posts\/27631\/revisions"}],"wp:featuredmedia":[{"embeddable":true,"href":"https:\/\/espacoecologico.com.br\/arquivo\/wp-json\/wp\/v2\/media\/27632"}],"wp:attachment":[{"href":"https:\/\/espacoecologico.com.br\/arquivo\/wp-json\/wp\/v2\/media?parent=27631"}],"wp:term":[{"taxonomy":"category","embeddable":true,"href":"https:\/\/espacoecologico.com.br\/arquivo\/wp-json\/wp\/v2\/categories?post=27631"},{"taxonomy":"post_tag","embeddable":true,"href":"https:\/\/espacoecologico.com.br\/arquivo\/wp-json\/wp\/v2\/tags?post=27631"}],"curies":[{"name":"wp","href":"https:\/\/api.w.org\/{rel}","templated":true}]}}