{"id":27629,"date":"2015-09-05T16:06:48","date_gmt":"2015-09-05T19:06:48","guid":{"rendered":"https:\/\/espacoecologico.com.br\/arquivo\/?p=27629"},"modified":"2015-09-05T16:06:48","modified_gmt":"2015-09-05T19:06:48","slug":"aves-ameacadas-de-extincao-recebem-cuidados-em-centro-especial-de-araras","status":"publish","type":"post","link":"https:\/\/espacoecologico.com.br\/arquivo\/aves-ameacadas-de-extincao-recebem-cuidados-em-centro-especial-de-araras\/","title":{"rendered":"Aves amea\u00e7adas de extin\u00e7\u00e3o recebem cuidados em centro especial de Araras"},"content":{"rendered":"<div class=\"glb-bloco\">\n<div class=\"glb-grid-8\">\n<div id=\"glb-materia\" class=\"hfeed hentry\">\n<div class=\"materia-cabecalho\">\n<p><abbr class=\"published\"><\/abbr><abbr class=\"updated\"><img loading=\"lazy\" class=\"irc_mi\" src=\"http:\/\/s03.video.glbimg.com\/x360\/4445034.jpg\" alt=\"\" width=\"640\" height=\"360\" \/><\/abbr><\/p>\n<\/div>\n<div class=\"materia-titulo\">\n<h1 class=\"entry-title\">Aves amea\u00e7adas de extin\u00e7\u00e3o recebem cuidados em centro especial de Araras<\/h1>\n<h2>P\u00e1ssaros da esp\u00e9cie Sporophila Maximiliani s\u00e3o conhecidos como bicudos.<br \/>\nV\u00edtimas de tr\u00e1fico, aves costumam chegar ao local com machucados.<\/h2>\n<\/div>\n<\/div>\n<\/div>\n<\/div>\n<p>Em extin\u00e7\u00e3o, aves da esp\u00e9cie Sporophila Maximiliani, os bicudos, est\u00e3o recebendo tratamento especial em <a class=\"premium-tip\" href=\"http:\/\/g1.globo.com\/sp\/sao-carlos-regiao\/cidade\/araras-sp.html\">Araras<\/a> (SP). V\u00edtimas de tr\u00e1fico, os p\u00e1ssaros costumam chegar ao local machucados. A pena para este tipo de crime ambiental \u00e9 a mesma para quem vende ou compra animais silvestres sem autoriza\u00e7\u00e3o. O suspeito pode ficar preso por at\u00e9 um ano, al\u00e9m de pagar uma multa. As den\u00fancias podem ser feitas para a Pol\u00edcia Ambiental ou para a Pol\u00edcia Militar.<\/p>\n<p>O bicudo tem o bico parecido com o de uma arara, mas \u00e9 um p\u00e1ssaro menor. Os animais est\u00e3o sendo levados ao Centro de Reabilita\u00e7\u00e3o Pr\u00f3-Araras, uma vez que s\u00e3o v\u00edtimas do tr\u00e1fico de aves. Os bicudos foram apreendidos pela Pol\u00edcia Ambiental de Ribeir\u00e3o Preto (SP). Tr\u00eas deles chegaram ao local h\u00e1 cerca de um ano e j\u00e1 est\u00e3o bem. Os novatos, que chegaram h\u00e1 15 dias, ainda est\u00e3o com marcas da viol\u00eancia que sofreram. \u201cChegam, normalmente, com a testa machucada de tanto se debater por ficar em ambientes pequenos, muitas vezes desnutridos porque ficaram um per\u00edodo grande sem se alimentar ou recebendo alimenta\u00e7\u00e3o inadequada\u201d, explicou a veterin\u00e1ria Fernanda Magajevski.<\/p>\n<div class=\"foto componente_materia midia-largura-300\"><img loading=\"lazy\" title=\"Bicudos s\u00e3o tratados em centro de Araras (Foto: Cesar Fontenelle\/EPTV)\" src=\"http:\/\/s2.glbimg.com\/NlWYNjx9svBvZNdxp4BamtuAq_o=\/300x225\/s.glbimg.com\/jo\/g1\/f\/original\/2015\/09\/04\/bicudo.png\" alt=\"Bicudos s\u00e3o tratados em centro de Araras (Foto: Cesar Fontenelle\/EPTV)\" width=\"300\" height=\"225\" \/><strong>Bicudos s\u00e3o tratados em centro de Araras (Foto:<br \/>\nCesar Fontenelle\/EPTV)<\/strong><\/div>\n<p>A prova de que foram capturados de maneira ilegal \u00e9 que chegaram ao centro sem as anilhas que servem como identidade para este tipo de animal. Os bicudos se alimentam de gr\u00e3os, mas quando chegaram ao local estavam t\u00e3o fracos que, al\u00e9m de terem sido tratados contra vermes, est\u00e3o recebendo uma alimenta\u00e7\u00e3o \u00e0 base de suplementos. \u201cSe eles n\u00e3o recebem a alimenta\u00e7\u00e3o adequada, v\u00e3o ter uma defici\u00eancia de v\u00e1rias vitaminas e minerais. Assim como a gente, eles acabam ficando debilitados e mais suscet\u00edveis a doen\u00e7as. Ent\u00e3o por isso \u00e9 importante a suplementa\u00e7\u00e3o que a gente faz. Todo o tratamento que recebem aqui, \u00e9 sempre na expectativa de reintroduzi-los na natureza, que fiquem fortes, saud\u00e1veis e em liberdade\u201d, comentou Fernanda.<\/p>\n<p><strong>Esp\u00e9cie em extin\u00e7\u00e3o<\/strong><br \/>\nUm levantamento do Ibama apontou que os bicudos s\u00e3o classificados como animais criticamente em perigo de extin\u00e7\u00e3o. No Estado de S\u00e3o Paulo, eles n\u00e3o s\u00e3o mais encontrados soltos na natureza. Em Araras o problema \u00e9 ainda mais grave, j\u00e1 que os seis p\u00e1ssaros s\u00e3o f\u00eameas e ao n\u00e3o encontrar os machos, ainda mais raros, prejudica a reprodu\u00e7\u00e3o.<\/p>\n<div class=\"frase-materia componente_materia expandido\">\n<div class=\"frase\">Est\u00e3o procurando animais dessa esp\u00e9cie para conseguir reproduzir em cativeiro e assim ter o sucesso para reintroduzi-los na natureza&#8221;<\/div>\n<div class=\"autor\">M\u00f4nica Risso de Brito, bi\u00f3loga<\/div>\n<\/div>\n<p>Para salvar a esp\u00e9cie, existe uma esperan\u00e7a: um projeto desenvolvido por pesquisadores da Universidade de S\u00e3o Paulo (USP). \u201cEles est\u00e3o procurando animais dessa esp\u00e9cie para conseguir reproduzir em cativeiro e assim ter o sucesso para reintroduzi-los na natureza\u201d, comentou a bi\u00f3loga M\u00f4nica Risso de Brito.<\/p>\n<p>O centro j\u00e1 pediu \u00e0 Secretaria Estadual de Meio Ambiente uma autoriza\u00e7\u00e3o para levar as aves para a USP, em S\u00e3o Paulo, que faz o trabalho de reintrodu\u00e7\u00e3o da esp\u00e9cie. A previs\u00e3o \u00e9 que sejam transferidas em at\u00e9 15 dias e que l\u00e1 tenham condi\u00e7\u00f5es de se reproduzir em cativeiro antes de serem soltas. \u201cPode ser que demore 10 anos, a gente n\u00e3o sabe, \u00e9 um projeto experimental. Por enquanto a gente tem que esperar e vamos torcer para que tudo d\u00ea certo\u201d, falou M\u00f4nica.<\/p>\n<p>\u201cTem que denunciar, ajudar e n\u00e3o comprar, porque quando a popula\u00e7\u00e3o compra, incentiva o tr\u00e1fico\u201d, afirmou a dentista Let\u00edcia Cristina Rodrigues Carneiro.<\/p>\n<p>Fonte: <span class=\"adr\"><span class=\"locality\"> G1 S\u00e3o Carlos e Araraquara<\/span><\/span><\/p>\n","protected":false},"excerpt":{"rendered":"<p>Aves amea\u00e7adas de extin\u00e7\u00e3o recebem cuidados em centro especial de Araras P\u00e1ssaros da esp\u00e9cie Sporophila<\/p>\n","protected":false},"author":2,"featured_media":0,"comment_status":"open","ping_status":"open","sticky":false,"template":"","format":"standard","meta":[],"categories":[],"tags":[],"uagb_featured_image_src":{"full":false,"thumbnail":false,"medium":false,"medium_large":false,"large":false,"1536x1536":false,"2048x2048":false,"cream-magazine-thumbnail-2":false,"cream-magazine-thumbnail-3":false,"cream-magazine-thumbnail-4":false},"uagb_author_info":{"display_name":"","author_link":"https:\/\/espacoecologico.com.br\/arquivo\/author\/"},"uagb_comment_info":0,"uagb_excerpt":"Aves amea\u00e7adas de extin\u00e7\u00e3o recebem cuidados em centro especial de Araras P\u00e1ssaros da esp\u00e9cie Sporophila","_links":{"self":[{"href":"https:\/\/espacoecologico.com.br\/arquivo\/wp-json\/wp\/v2\/posts\/27629"}],"collection":[{"href":"https:\/\/espacoecologico.com.br\/arquivo\/wp-json\/wp\/v2\/posts"}],"about":[{"href":"https:\/\/espacoecologico.com.br\/arquivo\/wp-json\/wp\/v2\/types\/post"}],"author":[{"embeddable":true,"href":"https:\/\/espacoecologico.com.br\/arquivo\/wp-json\/wp\/v2\/users\/2"}],"replies":[{"embeddable":true,"href":"https:\/\/espacoecologico.com.br\/arquivo\/wp-json\/wp\/v2\/comments?post=27629"}],"version-history":[{"count":0,"href":"https:\/\/espacoecologico.com.br\/arquivo\/wp-json\/wp\/v2\/posts\/27629\/revisions"}],"wp:attachment":[{"href":"https:\/\/espacoecologico.com.br\/arquivo\/wp-json\/wp\/v2\/media?parent=27629"}],"wp:term":[{"taxonomy":"category","embeddable":true,"href":"https:\/\/espacoecologico.com.br\/arquivo\/wp-json\/wp\/v2\/categories?post=27629"},{"taxonomy":"post_tag","embeddable":true,"href":"https:\/\/espacoecologico.com.br\/arquivo\/wp-json\/wp\/v2\/tags?post=27629"}],"curies":[{"name":"wp","href":"https:\/\/api.w.org\/{rel}","templated":true}]}}