{"id":27626,"date":"2015-09-05T15:55:48","date_gmt":"2015-09-05T18:55:48","guid":{"rendered":"https:\/\/espacoecologico.com.br\/arquivo\/?p=27626"},"modified":"2015-09-05T15:56:26","modified_gmt":"2015-09-05T18:56:26","slug":"advogado-cuida-de-horta-comunitaria-em-praca-na-avenida-paulista","status":"publish","type":"post","link":"https:\/\/espacoecologico.com.br\/arquivo\/advogado-cuida-de-horta-comunitaria-em-praca-na-avenida-paulista\/","title":{"rendered":"Advogado cuida de horta comunit\u00e1ria em pra\u00e7a na Avenida Paulista"},"content":{"rendered":"<p><img loading=\"lazy\" class=\"irc_mi\" src=\"http:\/\/s04.video.glbimg.com\/x360\/4445499.jpg\" alt=\"\" width=\"638\" height=\"359\" \/><\/p>\n<p>Plantar ervas e temperos, al\u00e9m de ser uma terapia, \u00e9 um jeito de cuidar do que \u00e9 de todos. Uma forma de colaborar com os espa\u00e7os urbanos, mesmo naqueles lugares mais inesperados. Como em meio \u00e0 movimentad\u00edssima Avenida Paulista.<\/p>\n<p>De enxada e regador na m\u00e3o, o advogado Luciano chega para mexer na horta que cuida com tanto carinho. Mostra, orgulhoso, os temperos cultivados.<\/p>\n<p><strong>Globo Rep\u00f3rter: <\/strong>E como \u00e9 que voc\u00ea se sente assim, de terno e gravata, no meio da terra, no meio de uma horta, no meio de S\u00e3o Paulo?<br \/>\n<strong>Luciano Santos, advogado: <\/strong>Olha, eu acho que quem um dia j\u00e1 teve uma experi\u00eancia dessa sente muita falta vivendo uma selva de pedra dessas, em que voc\u00ea n\u00e3o tem espa\u00e7o. Ent\u00e3o, aqui \u00e9 como se fosse o meu s\u00edtio. Eu des\u00e7o e venho trabalhar, cuidar um pouquinho da horta e espairecer o um pouquinho.<br \/>\n<strong>Globo Rep\u00f3rter: <\/strong>E esses temperos, voc\u00ea costuma levar pra casa, preparar a sua comida?<br \/>\n<strong>Luciano Santos: <\/strong>Como isso \u00e9 benef\u00edcio para todo mundo, todo mundo colhe. Tem muita gente que passa e cumprimenta, agradece pelo que a gente faz aqui na horta que \u00e9 na verdade cuidar da pra\u00e7a e da horta pra todo mundo.<\/p>\n<p>Ele protege tudo com tanto carinho que n\u00e3o tem como a gente n\u00e3o se encantar com esse gesto, assim, t\u00e3o inesperado.<\/p>\n<p>A equipe do Globo Rep\u00f3rter se despede do Luciano torcendo para que a hortinha da Paulista tenha sempre \u00f3timas colheitas e sirva de inspira\u00e7\u00e3o para a maior cidade da Am\u00e9rica Latina.<\/p>\n<p>Fonte: Globo Rep\u00f3rter<\/p>\n","protected":false},"excerpt":{"rendered":"<p>Plantar ervas e temperos, al\u00e9m de ser uma terapia, \u00e9 um jeito de cuidar do<\/p>\n","protected":false},"author":2,"featured_media":0,"comment_status":"open","ping_status":"open","sticky":false,"template":"","format":"standard","meta":[],"categories":[],"tags":[],"uagb_featured_image_src":{"full":false,"thumbnail":false,"medium":false,"medium_large":false,"large":false,"1536x1536":false,"2048x2048":false,"cream-magazine-thumbnail-2":false,"cream-magazine-thumbnail-3":false,"cream-magazine-thumbnail-4":false},"uagb_author_info":{"display_name":"","author_link":"https:\/\/espacoecologico.com.br\/arquivo\/author\/"},"uagb_comment_info":0,"uagb_excerpt":"Plantar ervas e temperos, al\u00e9m de ser uma terapia, \u00e9 um jeito de cuidar do","_links":{"self":[{"href":"https:\/\/espacoecologico.com.br\/arquivo\/wp-json\/wp\/v2\/posts\/27626"}],"collection":[{"href":"https:\/\/espacoecologico.com.br\/arquivo\/wp-json\/wp\/v2\/posts"}],"about":[{"href":"https:\/\/espacoecologico.com.br\/arquivo\/wp-json\/wp\/v2\/types\/post"}],"author":[{"embeddable":true,"href":"https:\/\/espacoecologico.com.br\/arquivo\/wp-json\/wp\/v2\/users\/2"}],"replies":[{"embeddable":true,"href":"https:\/\/espacoecologico.com.br\/arquivo\/wp-json\/wp\/v2\/comments?post=27626"}],"version-history":[{"count":0,"href":"https:\/\/espacoecologico.com.br\/arquivo\/wp-json\/wp\/v2\/posts\/27626\/revisions"}],"wp:attachment":[{"href":"https:\/\/espacoecologico.com.br\/arquivo\/wp-json\/wp\/v2\/media?parent=27626"}],"wp:term":[{"taxonomy":"category","embeddable":true,"href":"https:\/\/espacoecologico.com.br\/arquivo\/wp-json\/wp\/v2\/categories?post=27626"},{"taxonomy":"post_tag","embeddable":true,"href":"https:\/\/espacoecologico.com.br\/arquivo\/wp-json\/wp\/v2\/tags?post=27626"}],"curies":[{"name":"wp","href":"https:\/\/api.w.org\/{rel}","templated":true}]}}