{"id":27623,"date":"2015-09-05T15:42:06","date_gmt":"2015-09-05T18:42:06","guid":{"rendered":"https:\/\/espacoecologico.com.br\/arquivo\/?p=27623"},"modified":"2015-09-05T15:43:08","modified_gmt":"2015-09-05T18:43:08","slug":"pimenta-vermelha-ajuda-a-emagrecer-e-diminuir-doencas-cardiovasculares","status":"publish","type":"post","link":"https:\/\/espacoecologico.com.br\/arquivo\/pimenta-vermelha-ajuda-a-emagrecer-e-diminuir-doencas-cardiovasculares\/","title":{"rendered":"Pimenta vermelha ajuda a emagrecer e diminuir doen\u00e7as cardiovasculares"},"content":{"rendered":"<p><img loading=\"lazy\" class=\"irc_mi\" src=\"http:\/\/s02.video.glbimg.com\/x360\/4445513.jpg\" alt=\"\" width=\"640\" height=\"360\" \/><\/p>\n<p>Vai uma pimentinha? A primeira esp\u00e9cie, trazida da \u00cdndia, pode crescer at\u00e9 oito cent\u00edmetros de comprimento. A pimenta chocolate, marrom, \u00e9 diferente, \u00e9 mais doce. Mas n\u00e3o se iluda \u2013 ela tamb\u00e9m n\u00e3o \u00e9 p\u00e1reo para qualquer um.<\/p>\n<p>E elas s\u00e3o o xod\u00f3 do Seu Gilson. O agricultor \u00e9 um dos \u00fanicos a cultivar a esp\u00e9cie em Turu\u00e7u, no sul ga\u00facho, a terra da pimenta. Na propriedade, a colheita \u00e9 farta &#8211; e tirada do p\u00e9 com todo o cuidado.<\/p>\n<p>A esp\u00e9cie \u00e9 uma das pimentas mais ardidas do mundo. \u00c9 chamada, por isso, de \u201cpimenta nuclear\u201d. \u00c9 t\u00e3o forte, mas t\u00e3o forte, que para colher, quem n\u00e3o est\u00e1 acostumado precisa usar luvas de borracha.<\/p>\n<p>Para entender a magnitude desse cheiro, imaginem que pra neutralizar uma gotinha dessa pimenta s\u00e3o necess\u00e1rios um milh\u00e3o de gotas de \u00e1gua. E \u00e9 justamente esse o segredo. Quanto mais ardida a pimenta, melhor para a nossa sa\u00fade. \u00c9 por causa da capsaicina! O princ\u00edpio ativo da pimenta vermelha diminui o risco de doen\u00e7as cardiovasculares e ainda ajuda a emagrecer, porque acelera o metabolismo.<\/p>\n<p>No mercado p\u00fablico de Belo Horizonte, as pimentas s\u00e3o um sucesso. Uma explos\u00e3o de cores que ati\u00e7a paladares corajosos. \u00c9 uma quest\u00e3o de gosto, ainda mais quando se fala de um outro tempero que muita gente torce o nariz: o coentro \u2013 folhinhas rendadas que lembram a salsa, mas s\u00f3 no visual. Coentro \u00e9 sa\u00fade. A especialista em alimentos funcionais da Unicamp, Glaucia Pastore, diz que ele \u00e9 um protetor natural das c\u00e9lulas. Consegue absorver at\u00e9 metais pesados que provocam doen\u00e7as.<\/p>\n<p><strong>Especialista d\u00e1 dicas e conta curiosidades sobre temperos<\/strong><\/p>\n<div class=\"saibamais componente_materia\">\n<ul>\n<li><a href=\"http:\/\/g1.globo.com\/globo-reporter\/noticia\/2015\/09\/saiba-como-fazer-o-suco-contra-estresse.html\" target=\"_blank\">Saiba como fazer o suco contra estresse<\/a><\/li>\n<\/ul>\n<\/div>\n<p><strong>Globo Rep\u00f3rter: <\/strong>Quais s\u00e3o as suas receitas simples para quem quiser fazer em casa?<br \/>\n<strong>Glaucia Pastore, cientista de alimentos da Unicamp: <\/strong>\u00c9 um suco que se chama antistress. Ent\u00e3o esse antistress vai levar pepino, porque esse pepino tem subst\u00e2ncias calmantes, para fazer os vasos ficarem mais dilatados e v\u00e3o, o conjunto de pepino, de aipo e de coentro vai fazer com que o organismo sinta menos o efeito do horm\u00f4nio do stress que \u00e9 o cortisol.<br \/>\n<strong>Globo Rep\u00f3rter: <\/strong>E quanto de \u00e1gua coloca?<br \/>\n<strong>Glaucia Pastore: <\/strong>Uma m\u00e9dia de um copo, um copo e meio<strong>. <\/strong>Geralmente no final da tarde.<\/p>\n<p>O coentro faz parte da lista de temperos que a especialista acredita que deveriam estar mais na mesa dos brasileiros.<\/p>\n<p><strong>Globo Rep\u00f3rter: <\/strong>Eles t\u00eam poder para curar, ou s\u00f3 para prevenir doen\u00e7as?<br \/>\n<strong>Glaucia Pastore:<\/strong> Eles t\u00eam as duas propriedades. Na verdade, n\u00f3s, principalmente aqui no Brasil, utilizamos mais o conceito de preven\u00e7\u00e3o para que n\u00e3o haja uma certa confus\u00e3o e substitui\u00e7\u00e3o de medicamentos com determinados alimentos.<\/p>\n<p>E o pozinho m\u00e1gico da canela? Ela \u00e9 indicada para quem precisa controlar o n\u00edvel de a\u00e7\u00facar no sangue.<\/p>\n<p><strong>Glaucia Pastore:<\/strong> Ajuda o diab\u00e9tico a baixar a glicemia, mas tamb\u00e9m os atletas, porque faz com que o f\u00edgado absorva a glicose, portanto o glicog\u00eanio fica como reserva para quando ele vai fazer seu esporte.<br \/>\n<strong>Globo Rep\u00f3rter:<\/strong>Agora, eu queria ver com voc\u00ea um tempero que muita gente diz que \u00e9 poderoso, potente: o cravo.<br \/>\n<strong>Glaucia Pastore: <\/strong>Tem propriedades de melhorar, ajudar na disfun\u00e7\u00e3o sexual masculina.<\/p>\n<p>\u00c9 claro que a c\u00farcuma, o or\u00e9gano, o alecrim e o alho, que voc\u00ea viu durante o programa, n\u00e3o poderiam ficar de fora.<\/p>\n<p><strong>Globo Rep\u00f3rter: <\/strong>Quanto a gente deveria consumir? Existe essa conta?<br \/>\n<strong>Glaucia Pastore: <\/strong>Em geral, alguns alimentos funcionais, \u00e9 muito importante a const\u00e2ncia. Voc\u00ea, quando tem isso constantemente na dieta, o seu organismo, ele se prepara para a absor\u00e7\u00e3o, para transforma\u00e7\u00e3o, voc\u00ea modifica a quantidade de bact\u00e9rias importantes no intestino conforme a quantidade e conforme a frequ\u00eancia, melhor dizendo, que a gente utiliza.<\/p>\n<p><strong>Globo Rep\u00f3rter:<\/strong> Quer dizer, mais importante que a quantidade \u00e9 a frequ\u00eancia?<br \/>\n<strong>Glaucia Pastore:<\/strong> \u00c9 frequ\u00eancia, exatamente.<\/p>\n<p>Quem \u00e9 iniciante nesse universo dos temperos pode come\u00e7ar com ervas mais suaves, como a salsa, que \u00e9 boa para o cora\u00e7\u00e3o, afina o sangue e estimula a digest\u00e3o. E o manjeric\u00e3o, com seus in\u00fameros benef\u00edcios.<\/p>\n<p>\u201cPreserva\u00e7\u00e3o de pele, do f\u00edgado, do sistema g\u00e1strico como um todo, \u00e9 realmente muito importante e muito saboroso\u201d, afirmou Glaucia Pastore.<\/p>\n<p><strong>Saiba dicas e cuidados para quem deseja ter uma horta em casa<\/strong><\/p>\n<p>Se voc\u00ea tamb\u00e9m quer uma hortinha para chamar de sua, \u00e9 preciso ter alguns cuidados.<\/p>\n<p>Num apartamento em S\u00e3o Paulo, o manjeric\u00e3o e as outras plantas est\u00e3o bem verdinhas e vi\u00e7osas. Pegam de tr\u00eas a cinco horas de sol por dia. E se o espa\u00e7o for pequeno, \u00e9 preciso escolher bem o vaso.<\/p>\n<p>\u201cPlantas que precisam de mais profundidade, no caso de manjeric\u00e3o, alecrim, voc\u00ea precisa ter, no m\u00ednimo, 30 cent\u00edmetros de profundidade\u201d, afirma o agr\u00f4nomo Marcelo Noronha.<\/p>\n<p>Para drenar a \u00e1gua, coloque bolinhas de argila ou pedrinhas no fundo, uma camada fina de areia grossa e terra adubada. Pronto!<\/p>\n<p><strong>Globo Rep\u00f3rter:<\/strong> Rega todo dia, ou depende do tempero?<br \/>\n<strong>Marcelo Noronha, agr\u00f4nomo: <\/strong>Se tiver muito calor, \u00e9 todo o dia. Sempre no per\u00edodo da manh\u00e3, eu prefiro. \u00c0s vezes, t\u00e1 seco na superf\u00edcie e \u00famido embaixo. A\u00ed a pessoa vai l\u00e1 e molha de novo. E n\u00e3o \u00e9 pra fazer isso. T\u00e1 molhado embaixo, para.<\/p>\n<p>Pra que os temperos sobrevivam, o segredo \u00e9 podar.<\/p>\n<p><strong>Marcelo Noronha: <\/strong>Sempre um corte, que a gente chama, apical, que \u00e9 um corte com caimento. No caso da cebolinha, o que acontece, tem muita gente que fica cortando no meio. Voc\u00ea tem que cortar com dois dedinhos rente ao solo. A\u00ed eu venho e vou cortando. Mesmo se voc\u00ea n\u00e3o usar, voc\u00ea deixa num copinho d&#8217;agua do lado da janela.<br \/>\n<strong>Globo Rep\u00f3rter: <\/strong>Quanto tempo dura na \u00e1gua?<br \/>\n<strong>Marcelo Noronha: Uns <\/strong>tr\u00eas dias.<\/p>\n<p>Fonte: Globo Rep\u00f3rter<\/p>\n","protected":false},"excerpt":{"rendered":"<p>Vai uma pimentinha? A primeira esp\u00e9cie, trazida da \u00cdndia, pode crescer at\u00e9 oito cent\u00edmetros de<\/p>\n","protected":false},"author":2,"featured_media":0,"comment_status":"open","ping_status":"open","sticky":false,"template":"","format":"standard","meta":[],"categories":[],"tags":[],"uagb_featured_image_src":{"full":false,"thumbnail":false,"medium":false,"medium_large":false,"large":false,"1536x1536":false,"2048x2048":false,"cream-magazine-thumbnail-2":false,"cream-magazine-thumbnail-3":false,"cream-magazine-thumbnail-4":false},"uagb_author_info":{"display_name":"","author_link":"https:\/\/espacoecologico.com.br\/arquivo\/author\/"},"uagb_comment_info":0,"uagb_excerpt":"Vai uma pimentinha? A primeira esp\u00e9cie, trazida da \u00cdndia, pode crescer at\u00e9 oito cent\u00edmetros de","_links":{"self":[{"href":"https:\/\/espacoecologico.com.br\/arquivo\/wp-json\/wp\/v2\/posts\/27623"}],"collection":[{"href":"https:\/\/espacoecologico.com.br\/arquivo\/wp-json\/wp\/v2\/posts"}],"about":[{"href":"https:\/\/espacoecologico.com.br\/arquivo\/wp-json\/wp\/v2\/types\/post"}],"author":[{"embeddable":true,"href":"https:\/\/espacoecologico.com.br\/arquivo\/wp-json\/wp\/v2\/users\/2"}],"replies":[{"embeddable":true,"href":"https:\/\/espacoecologico.com.br\/arquivo\/wp-json\/wp\/v2\/comments?post=27623"}],"version-history":[{"count":0,"href":"https:\/\/espacoecologico.com.br\/arquivo\/wp-json\/wp\/v2\/posts\/27623\/revisions"}],"wp:attachment":[{"href":"https:\/\/espacoecologico.com.br\/arquivo\/wp-json\/wp\/v2\/media?parent=27623"}],"wp:term":[{"taxonomy":"category","embeddable":true,"href":"https:\/\/espacoecologico.com.br\/arquivo\/wp-json\/wp\/v2\/categories?post=27623"},{"taxonomy":"post_tag","embeddable":true,"href":"https:\/\/espacoecologico.com.br\/arquivo\/wp-json\/wp\/v2\/tags?post=27623"}],"curies":[{"name":"wp","href":"https:\/\/api.w.org\/{rel}","templated":true}]}}