{"id":22537,"date":"2015-06-09T12:00:05","date_gmt":"2015-06-09T12:00:05","guid":{"rendered":"https:\/\/espacoecologico.com.br\/arquivo\/?p=22537"},"modified":"2015-06-08T23:14:55","modified_gmt":"2015-06-08T23:14:55","slug":"saiba-se-o-antibiotico-corta-o-efeito-da-pilula-anticoncepcional-e-se-o-alcool-corta-o-efeito-do-antibiotico","status":"publish","type":"post","link":"https:\/\/espacoecologico.com.br\/arquivo\/saiba-se-o-antibiotico-corta-o-efeito-da-pilula-anticoncepcional-e-se-o-alcool-corta-o-efeito-do-antibiotico\/","title":{"rendered":"\u00c1lcool corta o efeito do antibi\u00f3tico? Veja o que dizem os especialistas"},"content":{"rendered":"<p><a href=\"https:\/\/espacoecologico.com.br\/arquivo\/wp-content\/uploads\/2015\/06\/antibiotico_alcool.jpg\"><img loading=\"lazy\" class=\"alignleft size-medium wp-image-22542\" src=\"https:\/\/espacoecologico.com.br\/arquivo\/wp-content\/uploads\/2015\/06\/antibiotico_alcool-300x192.jpg\" alt=\"\" width=\"300\" height=\"192\" srcset=\"https:\/\/espacoecologico.com.br\/arquivo\/wp-content\/uploads\/2015\/06\/antibiotico_alcool-300x192.jpg 300w, https:\/\/espacoecologico.com.br\/arquivo\/wp-content\/uploads\/2015\/06\/antibiotico_alcool.jpg 415w\" sizes=\"(max-width: 300px) 100vw, 300px\" \/><\/a>O <span class=\"premium-tip\">Bem Estar<\/span> tirou as d\u00favidas sobre o antibi\u00f3tico. O antibi\u00f3tico corta o efeito da p\u00edlula anticoncepcional? Esqueci de tomar na hora, posso tomar depois? \u00c1lcool corta o efeito do medicamento? Para ajudar a responder essas perguntas, convidamos o consultor e infectologista <a class=\"premium-tip\" href=\"http:\/\/g1.globo.com\/tudo-sobre\/caio-rosenthal\/\">Caio Rosenthal<\/a> e o farmac\u00eautico Fernando de S\u00e1 Del Fiol.<\/p>\n<p>Por que temos que tomar o antibi\u00f3tico na hora certa? Segundo os especialistas, quando a pessoa deixa de tomar o medicamento na hora determinada, a concentra\u00e7\u00e3o de antibi\u00f3tico que deveria estar presente no sangue sofre uma queda, deixando de agir no combate \u00e0 infec\u00e7\u00e3o.<\/p>\n<p>Al\u00e9m do hor\u00e1rio, \u00e9 preciso respeitar o prazo do tratamento. Quando ele \u00e9 interrompido antes do tempo, as bact\u00e9rias n\u00e3o s\u00e3o eliminadas completamente. Os sintomas desaparecem em quatro dias, mas o tratamento dura uma semana? Continue a tomar o medicamento! E de prefer\u00eancia com \u00e1gua. Nada de leite, suco, refrigerante.<\/p>\n<p>Muita gente acredita que o \u00e1lcool corta o efeito do antibi\u00f3tico, mas n\u00e3o \u00e9 por isso que devemos evitar o consumo. O \u00e1lcool n\u00e3o corta o efeito, mas pode aumentar a irrita\u00e7\u00e3o na mucosa do est\u00f4mago e voc\u00ea pode ficar b\u00eabado e esquecer de tomar o pr\u00f3ximo comprimido. O \u00fanico antibi\u00f3tico que jamais deve ser consumido com o \u00e1lcool \u00e9 o \u2018metronidaz\u2019.<\/p>\n<div id=\"4237029\" class=\"video componente_materia\" data-height=\"349\" data-width=\"620\">\n<div class=\"wm-poster-wrapper\">\n<div class=\"wm-poster-inner-wrapper\">\n<div class=\"wm-poster-play\"><\/div>\n<p><img class=\"wm-poster-image\" src=\"http:\/\/s02.video.glbimg.com\/x360\/4237029.jpg\" alt=\"\" \/><\/p>\n<\/div>\n<\/div>\n<\/div>\n<p>Antibi\u00f3tico e anticoncepcional: pode? Sim. \u201cEstudos mais recentes mostram que n\u00e3o existe nenhuma rela\u00e7\u00e3o entre voc\u00ea usar o antibi\u00f3tico e ter um risco maior de engravidar\u201d, explica a infectologista Rosana Richtmann. S\u00f3 tem duas exce\u00e7\u00f5es: a rifampicina, usada para tratar a tuberculose, e as drogas antirretrovirais, usadas contra O HIV.<\/p>\n<div id=\"4237125\" class=\"video componente_materia\" data-height=\"349\" data-width=\"620\">\n<div class=\"wm-poster-wrapper\">\n<div class=\"wm-poster-inner-wrapper\">\n<div class=\"wm-poster-play\"><\/div>\n<p><img class=\"wm-poster-image\" src=\"http:\/\/s02.video.glbimg.com\/x360\/4237125.jpg\" alt=\"\" \/><\/p>\n<\/div>\n<\/div>\n<\/div>\n<div id=\"4237148\" class=\"video componente_materia\" data-height=\"349\" data-width=\"620\">\n<div class=\"wm-poster-wrapper\">\n<div class=\"wm-poster-inner-wrapper\">\n<div class=\"wm-poster-play\"><\/div>\n<p><img class=\"wm-poster-image\" src=\"http:\/\/s01.video.glbimg.com\/x360\/4237148.jpg\" alt=\"\" \/><\/p>\n<\/div>\n<\/div>\n<\/div>\n<div id=\"4237067\" class=\"video componente_materia\" data-height=\"349\" data-width=\"620\">\n<div class=\"wm-poster-wrapper\">\n<div class=\"wm-poster-inner-wrapper\">\n<div class=\"wm-poster-play\"><\/div>\n<p><img class=\"wm-poster-image\" src=\"http:\/\/s04.video.glbimg.com\/x360\/4237067.jpg\" alt=\"\" \/><\/p>\n<\/div>\n<\/div>\n<\/div>\n<p>&nbsp;<\/p>\n","protected":false},"excerpt":{"rendered":"<p>O Bem Estar tirou as d\u00favidas sobre o antibi\u00f3tico. O antibi\u00f3tico corta o efeito da<\/p>\n","protected":false},"author":2,"featured_media":22542,"comment_status":"open","ping_status":"open","sticky":false,"template":"","format":"standard","meta":[],"categories":[],"tags":[],"uagb_featured_image_src":{"full":["https:\/\/espacoecologico.com.br\/arquivo\/wp-content\/uploads\/2015\/06\/antibiotico_alcool.jpg",415,265,false],"thumbnail":["https:\/\/espacoecologico.com.br\/arquivo\/wp-content\/uploads\/2015\/06\/antibiotico_alcool-150x150.jpg",150,150,true],"medium":["https:\/\/espacoecologico.com.br\/arquivo\/wp-content\/uploads\/2015\/06\/antibiotico_alcool-300x192.jpg",300,192,true],"medium_large":["https:\/\/espacoecologico.com.br\/arquivo\/wp-content\/uploads\/2015\/06\/antibiotico_alcool.jpg",415,265,false],"large":["https:\/\/espacoecologico.com.br\/arquivo\/wp-content\/uploads\/2015\/06\/antibiotico_alcool.jpg",415,265,false],"1536x1536":["https:\/\/espacoecologico.com.br\/arquivo\/wp-content\/uploads\/2015\/06\/antibiotico_alcool.jpg",415,265,false],"2048x2048":["https:\/\/espacoecologico.com.br\/arquivo\/wp-content\/uploads\/2015\/06\/antibiotico_alcool.jpg",415,265,false],"cream-magazine-thumbnail-2":["https:\/\/espacoecologico.com.br\/arquivo\/wp-content\/uploads\/2015\/06\/antibiotico_alcool.jpg",415,265,false],"cream-magazine-thumbnail-3":["https:\/\/espacoecologico.com.br\/arquivo\/wp-content\/uploads\/2015\/06\/antibiotico_alcool.jpg",415,265,false],"cream-magazine-thumbnail-4":["https:\/\/espacoecologico.com.br\/arquivo\/wp-content\/uploads\/2015\/06\/antibiotico_alcool.jpg",415,265,false]},"uagb_author_info":{"display_name":"","author_link":"https:\/\/espacoecologico.com.br\/arquivo\/author\/"},"uagb_comment_info":0,"uagb_excerpt":"O Bem Estar tirou as d\u00favidas sobre o antibi\u00f3tico. O antibi\u00f3tico corta o efeito da","_links":{"self":[{"href":"https:\/\/espacoecologico.com.br\/arquivo\/wp-json\/wp\/v2\/posts\/22537"}],"collection":[{"href":"https:\/\/espacoecologico.com.br\/arquivo\/wp-json\/wp\/v2\/posts"}],"about":[{"href":"https:\/\/espacoecologico.com.br\/arquivo\/wp-json\/wp\/v2\/types\/post"}],"author":[{"embeddable":true,"href":"https:\/\/espacoecologico.com.br\/arquivo\/wp-json\/wp\/v2\/users\/2"}],"replies":[{"embeddable":true,"href":"https:\/\/espacoecologico.com.br\/arquivo\/wp-json\/wp\/v2\/comments?post=22537"}],"version-history":[{"count":0,"href":"https:\/\/espacoecologico.com.br\/arquivo\/wp-json\/wp\/v2\/posts\/22537\/revisions"}],"wp:featuredmedia":[{"embeddable":true,"href":"https:\/\/espacoecologico.com.br\/arquivo\/wp-json\/wp\/v2\/media\/22542"}],"wp:attachment":[{"href":"https:\/\/espacoecologico.com.br\/arquivo\/wp-json\/wp\/v2\/media?parent=22537"}],"wp:term":[{"taxonomy":"category","embeddable":true,"href":"https:\/\/espacoecologico.com.br\/arquivo\/wp-json\/wp\/v2\/categories?post=22537"},{"taxonomy":"post_tag","embeddable":true,"href":"https:\/\/espacoecologico.com.br\/arquivo\/wp-json\/wp\/v2\/tags?post=22537"}],"curies":[{"name":"wp","href":"https:\/\/api.w.org\/{rel}","templated":true}]}}