{"id":22529,"date":"2015-06-08T16:25:16","date_gmt":"2015-06-08T16:25:16","guid":{"rendered":"https:\/\/espacoecologico.com.br\/arquivo\/?p=22529"},"modified":"2015-06-08T16:29:07","modified_gmt":"2015-06-08T16:29:07","slug":"dia-mundial-dos-oceanos-onu-ve-oceanos-como-fundamentais-em-planos-contra-mudanca-climatica-e-pobreza","status":"publish","type":"post","link":"https:\/\/espacoecologico.com.br\/arquivo\/dia-mundial-dos-oceanos-onu-ve-oceanos-como-fundamentais-em-planos-contra-mudanca-climatica-e-pobreza\/","title":{"rendered":"ONU v\u00ea oceanos como fundamentais em planos contra mudan\u00e7a clim\u00e1tica e pobreza"},"content":{"rendered":"<p><img loading=\"lazy\" class=\"\" src=\"https:\/\/fbcdn-sphotos-a-a.akamaihd.net\/hphotos-ak-xtf1\/v\/t1.0-9\/p720x720\/11415330_860851883982632_2466639516993748585_n.jpg?oh=dc029c0a69a6c90b46a6b51354b55d63&amp;oe=55FE3548&amp;__gda__=1446231654_723805e71fc015a9ab2a691e9860ceb7\" alt=\"\" width=\"639\" height=\"639\" \/><\/p>\n<p>O secret\u00e1rio-geral da ONU, Ban Ki-moon, destacou nesta segunda-feira (8), Dia Mundial dos Oceanos, o papel-chave dos oceanos nas negocia\u00e7\u00f5es internacionais para responder \u00e0 mudan\u00e7a clim\u00e1tica e impulsionar o desenvolvimento no mundo todo.<\/p>\n<p>&#8220;Neste ano, os governos est\u00e3o tentando adotar acordos emblem\u00e1ticos sobre a mudan\u00e7a clim\u00e1tica e para acabar com a pobreza. Para ter \u00eaxito, ter\u00e3o que prestar aten\u00e7\u00e3o no papel essencial dos oceanos&#8221;, destacou Ban em comunicado por causa do Dia Mundial dos Oceanos.<\/p>\n<p>O principal respons\u00e1vel das Na\u00e7\u00f5es Unidas lembrou que os oceanos s\u00e3o &#8220;fundamentais para a sa\u00fade de nosso planeta e a prosperidade do povo&#8221;, por isso que defendeu que tenham um lugar destacado na nova agenda global de desenvolvimento.<\/p>\n<p>Essa estrat\u00e9gia, que ser\u00e1 aprovada neste ano para substituir os chamados Objetivos do Mil\u00eanio, guiar\u00e1 a luta contra a pobreza no mundo todo durante os pr\u00f3ximos 15 anos.<\/p>\n<p>Ban lembrou nesse sentido que dois em cada cinco habitantes do mundo vivem perto de uma costa e tr\u00eas em cada sete dependem dos recursos mar\u00edtimos para sobreviver.<\/p>\n<p>Ao mesmo tempo, o l\u00edder da ONU destacou os riscos que a mudan\u00e7a clim\u00e1tica tem para os oceanos, que absorvem boa parte das emiss\u00f5es de gases do efeito estufa, o que est\u00e1 afetando ecossistemas vitais como os recifes de coral.<\/p>\n<p>&#8220;O Dia Mundial dos Oceanos \u00e9 uma oportunidade para refor\u00e7ar nossa determina\u00e7\u00e3o de apreciar, proteger e restaurar nossos oceanos e seus recursos&#8221;, disse Ban.<\/p>\n<p>&#8220;Os oceanos s\u00e3o grandes, mas sua capacidade de resistir ao dano humano \u00e9 limitada. Neste ano que pode ser crucial, devemos nos comprometer a usar os presentes dos oceanos de forma pac\u00edfica, equitativa e sustent\u00e1vel para as gera\u00e7\u00f5es vindouras&#8221;, acrescentou.<\/p>\n<p><img loading=\"lazy\" class=\"\" src=\"http:\/\/www.icmbio.gov.br\/portal\/images\/stories\/imgs-unidades-coservacao\/marinho.jpg\" alt=\"\" width=\"639\" height=\"425\" \/><\/p>\n<p><strong>Dia Mundial dos Oceanos<\/strong><\/p>\n<p>Do com\u00e9rcio de alimentos \u00e0 regula\u00e7\u00e3o do clima, os oceanos s\u00e3o parte integrante de toda a humanidade.<\/p>\n<p>O Dia Mundial dos Oceanos \u00e9 uma oportunidade de fazer uma reflex\u00e3o sobre a import\u00e2ncia dos oceanos para o desenvolvimento sustent\u00e1vel, \u00e9 tamb\u00e9m um momento para reconhecer a necessidade de preservar a sua rica biodiversidade.<\/p>\n<p><a href=\"http:\/\/www.icmbio.gov.br\/portal\/biodiversidade\/unidades-de-conservacao\/biomas-brasileiros\/marinho\/unidades-de-conservacao-marinho\" target=\"_blank\"><strong>Clique aqui<\/strong> <\/a>e conhe\u00e7a as Unidades de Conserva\u00e7\u00e3o do bioma marinho costeiro administradas pelo ICMBio.<\/p>\n","protected":false},"excerpt":{"rendered":"<p>O secret\u00e1rio-geral da ONU, Ban Ki-moon, destacou nesta segunda-feira (8), Dia Mundial dos Oceanos, o<\/p>\n","protected":false},"author":2,"featured_media":22530,"comment_status":"open","ping_status":"open","sticky":false,"template":"","format":"standard","meta":[],"categories":[],"tags":[],"uagb_featured_image_src":{"full":["https:\/\/espacoecologico.com.br\/arquivo\/wp-content\/uploads\/2015\/06\/dia_oceanos.jpg",415,265,false],"thumbnail":["https:\/\/espacoecologico.com.br\/arquivo\/wp-content\/uploads\/2015\/06\/dia_oceanos-150x150.jpg",150,150,true],"medium":["https:\/\/espacoecologico.com.br\/arquivo\/wp-content\/uploads\/2015\/06\/dia_oceanos-300x192.jpg",300,192,true],"medium_large":["https:\/\/espacoecologico.com.br\/arquivo\/wp-content\/uploads\/2015\/06\/dia_oceanos.jpg",415,265,false],"large":["https:\/\/espacoecologico.com.br\/arquivo\/wp-content\/uploads\/2015\/06\/dia_oceanos.jpg",415,265,false],"1536x1536":["https:\/\/espacoecologico.com.br\/arquivo\/wp-content\/uploads\/2015\/06\/dia_oceanos.jpg",415,265,false],"2048x2048":["https:\/\/espacoecologico.com.br\/arquivo\/wp-content\/uploads\/2015\/06\/dia_oceanos.jpg",415,265,false],"cream-magazine-thumbnail-2":["https:\/\/espacoecologico.com.br\/arquivo\/wp-content\/uploads\/2015\/06\/dia_oceanos.jpg",415,265,false],"cream-magazine-thumbnail-3":["https:\/\/espacoecologico.com.br\/arquivo\/wp-content\/uploads\/2015\/06\/dia_oceanos.jpg",415,265,false],"cream-magazine-thumbnail-4":["https:\/\/espacoecologico.com.br\/arquivo\/wp-content\/uploads\/2015\/06\/dia_oceanos.jpg",415,265,false]},"uagb_author_info":{"display_name":"","author_link":"https:\/\/espacoecologico.com.br\/arquivo\/author\/"},"uagb_comment_info":0,"uagb_excerpt":"O secret\u00e1rio-geral da ONU, Ban Ki-moon, destacou nesta segunda-feira (8), Dia Mundial dos Oceanos, o","_links":{"self":[{"href":"https:\/\/espacoecologico.com.br\/arquivo\/wp-json\/wp\/v2\/posts\/22529"}],"collection":[{"href":"https:\/\/espacoecologico.com.br\/arquivo\/wp-json\/wp\/v2\/posts"}],"about":[{"href":"https:\/\/espacoecologico.com.br\/arquivo\/wp-json\/wp\/v2\/types\/post"}],"author":[{"embeddable":true,"href":"https:\/\/espacoecologico.com.br\/arquivo\/wp-json\/wp\/v2\/users\/2"}],"replies":[{"embeddable":true,"href":"https:\/\/espacoecologico.com.br\/arquivo\/wp-json\/wp\/v2\/comments?post=22529"}],"version-history":[{"count":0,"href":"https:\/\/espacoecologico.com.br\/arquivo\/wp-json\/wp\/v2\/posts\/22529\/revisions"}],"wp:featuredmedia":[{"embeddable":true,"href":"https:\/\/espacoecologico.com.br\/arquivo\/wp-json\/wp\/v2\/media\/22530"}],"wp:attachment":[{"href":"https:\/\/espacoecologico.com.br\/arquivo\/wp-json\/wp\/v2\/media?parent=22529"}],"wp:term":[{"taxonomy":"category","embeddable":true,"href":"https:\/\/espacoecologico.com.br\/arquivo\/wp-json\/wp\/v2\/categories?post=22529"},{"taxonomy":"post_tag","embeddable":true,"href":"https:\/\/espacoecologico.com.br\/arquivo\/wp-json\/wp\/v2\/tags?post=22529"}],"curies":[{"name":"wp","href":"https:\/\/api.w.org\/{rel}","templated":true}]}}