{"id":22525,"date":"2015-06-08T20:00:28","date_gmt":"2015-06-08T20:00:28","guid":{"rendered":"https:\/\/espacoecologico.com.br\/arquivo\/?p=22525"},"modified":"2015-06-08T16:14:52","modified_gmt":"2015-06-08T16:14:52","slug":"sertao-registra-maior-chuva-do-fim-de-semana-e-previsao-e-de-mais-precipitacoes","status":"publish","type":"post","link":"https:\/\/espacoecologico.com.br\/arquivo\/sertao-registra-maior-chuva-do-fim-de-semana-e-previsao-e-de-mais-precipitacoes\/","title":{"rendered":"Sert\u00e3o registra maior chuva do fim de semana e previs\u00e3o \u00e9 de mais precipita\u00e7\u00f5es"},"content":{"rendered":"<p><a href=\"https:\/\/espacoecologico.com.br\/arquivo\/wp-content\/uploads\/2015\/06\/chuvas_pb.jpg\"><img loading=\"lazy\" class=\"alignleft size-medium wp-image-22526\" src=\"https:\/\/espacoecologico.com.br\/arquivo\/wp-content\/uploads\/2015\/06\/chuvas_pb-300x192.jpg\" alt=\"\" width=\"300\" height=\"192\" srcset=\"https:\/\/espacoecologico.com.br\/arquivo\/wp-content\/uploads\/2015\/06\/chuvas_pb-300x192.jpg 300w, https:\/\/espacoecologico.com.br\/arquivo\/wp-content\/uploads\/2015\/06\/chuvas_pb.jpg 415w\" sizes=\"(max-width: 300px) 100vw, 300px\" \/><\/a>Todas as regi\u00f5es do estado receberam chuvas durante o fim de semana. A maior precipita\u00e7\u00e3o aconteceu em Cajazeiras (Sert\u00e3o do estado, a 468 km de Jo\u00e3o Pessoa), onde choveu 50,1 mil\u00edmetros. De acordo com a Ag\u00eancia Executiva de Gest\u00e3o das \u00c1guas (Aesa), as chuvas foram pontuais na regi\u00e3o. No Cariri as chuvas foram esparsas e nas demais regi\u00f5es cont\u00ednuas. Cem esta\u00e7\u00f5es monitoradas pela Aesa registraram chuvas. Apesar das precipita\u00e7\u00f5es, nenhuma ocorr\u00eancia foi registrada pela Defesa Civil.<\/p>\n<p>Para esta ter\u00e7a-feira (9), a previs\u00e3o \u00e9 de chuvas esparsas no Agreste, Brejo e Litoral. J\u00e1 para a regi\u00e3o do Cariri\/Curimata\u00fa, a ter\u00e7a-feira ser\u00e1 apenas de nebulosidade vari\u00e1vel.<\/p>\n<p>Segundo a Aesa, a temperatura m\u00e1xima registrada no Litoral dever\u00e1 chegar aos 30\u00ba C e a m\u00ednima, aos 22\u00ba C. No Brejo, a m\u00e1xima dever\u00e1 ficar em torno 26\u00ba C e a m\u00ednima, em torno dos 19\u00ba C. Para o Agreste, a previs\u00e3o de m\u00e1xima \u00e9 de 29\u00ba C e m\u00ednima de 20\u00ba C.<\/p>\n<p>Na regi\u00e3o do Cariri\/Curimata\u00fa, a m\u00e1xima dever\u00e1 chegar aos 32\u00ba C e a m\u00ednima, aos 19\u00ba C. Para o Alto Sert\u00e3o, a Aesa prev\u00ea m\u00e1xima de 34\u00ba C e m\u00ednima, de 20\u00ba C. No Sert\u00e3o, a m\u00e1xima poder\u00e1 atingir os 35\u00ba C e a m\u00ednima, os 21\u00ba C.<\/p>\n","protected":false},"excerpt":{"rendered":"<p>Todas as regi\u00f5es do estado receberam chuvas durante o fim de semana. A maior precipita\u00e7\u00e3o<\/p>\n","protected":false},"author":2,"featured_media":22526,"comment_status":"open","ping_status":"open","sticky":false,"template":"","format":"standard","meta":[],"categories":[],"tags":[],"uagb_featured_image_src":{"full":["https:\/\/espacoecologico.com.br\/arquivo\/wp-content\/uploads\/2015\/06\/chuvas_pb.jpg",415,265,false],"thumbnail":["https:\/\/espacoecologico.com.br\/arquivo\/wp-content\/uploads\/2015\/06\/chuvas_pb-150x150.jpg",150,150,true],"medium":["https:\/\/espacoecologico.com.br\/arquivo\/wp-content\/uploads\/2015\/06\/chuvas_pb-300x192.jpg",300,192,true],"medium_large":["https:\/\/espacoecologico.com.br\/arquivo\/wp-content\/uploads\/2015\/06\/chuvas_pb.jpg",415,265,false],"large":["https:\/\/espacoecologico.com.br\/arquivo\/wp-content\/uploads\/2015\/06\/chuvas_pb.jpg",415,265,false],"1536x1536":["https:\/\/espacoecologico.com.br\/arquivo\/wp-content\/uploads\/2015\/06\/chuvas_pb.jpg",415,265,false],"2048x2048":["https:\/\/espacoecologico.com.br\/arquivo\/wp-content\/uploads\/2015\/06\/chuvas_pb.jpg",415,265,false],"cream-magazine-thumbnail-2":["https:\/\/espacoecologico.com.br\/arquivo\/wp-content\/uploads\/2015\/06\/chuvas_pb.jpg",415,265,false],"cream-magazine-thumbnail-3":["https:\/\/espacoecologico.com.br\/arquivo\/wp-content\/uploads\/2015\/06\/chuvas_pb.jpg",415,265,false],"cream-magazine-thumbnail-4":["https:\/\/espacoecologico.com.br\/arquivo\/wp-content\/uploads\/2015\/06\/chuvas_pb.jpg",415,265,false]},"uagb_author_info":{"display_name":"","author_link":"https:\/\/espacoecologico.com.br\/arquivo\/author\/"},"uagb_comment_info":0,"uagb_excerpt":"Todas as regi\u00f5es do estado receberam chuvas durante o fim de semana. A maior precipita\u00e7\u00e3o","_links":{"self":[{"href":"https:\/\/espacoecologico.com.br\/arquivo\/wp-json\/wp\/v2\/posts\/22525"}],"collection":[{"href":"https:\/\/espacoecologico.com.br\/arquivo\/wp-json\/wp\/v2\/posts"}],"about":[{"href":"https:\/\/espacoecologico.com.br\/arquivo\/wp-json\/wp\/v2\/types\/post"}],"author":[{"embeddable":true,"href":"https:\/\/espacoecologico.com.br\/arquivo\/wp-json\/wp\/v2\/users\/2"}],"replies":[{"embeddable":true,"href":"https:\/\/espacoecologico.com.br\/arquivo\/wp-json\/wp\/v2\/comments?post=22525"}],"version-history":[{"count":0,"href":"https:\/\/espacoecologico.com.br\/arquivo\/wp-json\/wp\/v2\/posts\/22525\/revisions"}],"wp:featuredmedia":[{"embeddable":true,"href":"https:\/\/espacoecologico.com.br\/arquivo\/wp-json\/wp\/v2\/media\/22526"}],"wp:attachment":[{"href":"https:\/\/espacoecologico.com.br\/arquivo\/wp-json\/wp\/v2\/media?parent=22525"}],"wp:term":[{"taxonomy":"category","embeddable":true,"href":"https:\/\/espacoecologico.com.br\/arquivo\/wp-json\/wp\/v2\/categories?post=22525"},{"taxonomy":"post_tag","embeddable":true,"href":"https:\/\/espacoecologico.com.br\/arquivo\/wp-json\/wp\/v2\/tags?post=22525"}],"curies":[{"name":"wp","href":"https:\/\/api.w.org\/{rel}","templated":true}]}}