{"id":22513,"date":"2015-06-08T18:00:28","date_gmt":"2015-06-08T18:00:28","guid":{"rendered":"https:\/\/espacoecologico.com.br\/arquivo\/?p=22513"},"modified":"2015-06-08T15:06:49","modified_gmt":"2015-06-08T15:06:49","slug":"com-3-mil-garrafas-pet-artista-cria-painel-sobre-descarte-de-plastico-no-mar","status":"publish","type":"post","link":"https:\/\/espacoecologico.com.br\/arquivo\/com-3-mil-garrafas-pet-artista-cria-painel-sobre-descarte-de-plastico-no-mar\/","title":{"rendered":"Com 3 mil garrafas PET, artista cria painel sobre descarte de pl\u00e1stico no mar"},"content":{"rendered":"<div id=\"texto\">\n<p><a href=\"https:\/\/espacoecologico.com.br\/arquivo\/wp-content\/uploads\/2015\/06\/pet_arte.jpg\"><img loading=\"lazy\" class=\"alignleft size-medium wp-image-22514\" src=\"https:\/\/espacoecologico.com.br\/arquivo\/wp-content\/uploads\/2015\/06\/pet_arte-300x192.jpg\" alt=\"\" width=\"300\" height=\"192\" srcset=\"https:\/\/espacoecologico.com.br\/arquivo\/wp-content\/uploads\/2015\/06\/pet_arte-300x192.jpg 300w, https:\/\/espacoecologico.com.br\/arquivo\/wp-content\/uploads\/2015\/06\/pet_arte.jpg 415w\" sizes=\"(max-width: 300px) 100vw, 300px\" \/><\/a>Uma das avenidas principais de Salvador ganhou uma obra de arte em comemora\u00e7\u00e3o ao Dia Mundial do Meio Ambiente, celebrado na \u00faltima sexta-feira (5). A interven\u00e7\u00e3o feita pela empresa Bahia Marina \u00e9 exibida em painel de nove por tr\u00eas metros para retratar a tartaruga marinha, um dos animais s\u00edmbolos da Ba\u00eda de Todos os Santos e que hoje est\u00e1 entre as v\u00edtimas da degrada\u00e7\u00e3o ambiental.<\/p>\n<p>Utilizando a arte como apelo, por meio do conceito \u201cAqui \u00e9 arte, no mar \u00e9 lixo\u201d, a obra assinada pela Engenhonovo e executada pelo artista pl\u00e1stico Ivo Gato foi criada com materiais que geralmente s\u00e3o descartados no mar. Para compor a pe\u00e7a foram utilizadas tr\u00eas mil garrafas pet de tamanhos variados, duas mil latinhas de cervejas, madeira, ferragens e tinta.<\/p>\n<p>Segundo Ivo Gato, o objetivo do trabalho \u00e9 explicar que o lixo pode ser bonito se for transformado e n\u00e3o descartado de forma incorreta no meio ambiente. Nove pessoas estiveram envolvidas no processo de cria\u00e7\u00e3o do painel, que come\u00e7ou com pesquisa de material apropriado e visitas \u00e0s cooperativas de reciclagem. \u201cEncontramos um material que conseguisse dar plasticidade mais agrad\u00e1vel para que o trabalho final n\u00e3o se pare\u00e7a lixo e sim arte\u201d, explica.<\/p>\n<p><img loading=\"lazy\" class=\"\" src=\"http:\/\/ciclovivo.com.br\/public\/img\/noticias\/images\/IvoGato2.jpg\" alt=\"\" width=\"639\" height=\"479\" \/><br \/>\nDivulga\u00e7\u00e3o<\/p>\n<p>Desde 2009, a Bahia Marina realiza campanhas publicit\u00e1rias como a\u00e7\u00f5es complementares socioeducativas de car\u00e1ter ambiental, para divulgar de forma criativa a mensagem de preserva\u00e7\u00e3o do mar. Em 2011 e 2012 as campanhas assinadas tamb\u00e9m pela Engenhonovo foram premiadas nacionalmente.<\/p>\n<p>Segundo Reynaldo Loureiro, diretor do centro de lazer n\u00e1utico Bahia Marina, anualmente \u00e9 realizada a limpeza das bacias do entorno da Bahia Marina, localizado no bairro do Com\u00e9rcio, na capital baiana, al\u00e9m da retirada di\u00e1ria de res\u00edduos que s\u00e3o encontrados superficialmente no mar.<\/p>\n<p>\u201cO que se percebe \u00e9 um cen\u00e1rio onde as pessoas ainda n\u00e3o aprenderam a dar o destino correto ao lixo que produz e como temos no mar a base de nossos produtos e servi\u00e7os, \u00e9 nosso dever sensibilizar e tentar passar uma mensagem positiva\u201d, afirma Loureiro.<\/p>\n<p><img loading=\"lazy\" class=\"\" src=\"http:\/\/ciclovivo.com.br\/public\/img\/noticias\/images\/IvoGato3.jpg\" alt=\"\" width=\"639\" height=\"479\" \/><\/p>\n<\/div>\n","protected":false},"excerpt":{"rendered":"<p>Uma das avenidas principais de Salvador ganhou uma obra de arte em comemora\u00e7\u00e3o ao Dia<\/p>\n","protected":false},"author":2,"featured_media":22514,"comment_status":"open","ping_status":"open","sticky":false,"template":"","format":"standard","meta":[],"categories":[],"tags":[],"uagb_featured_image_src":{"full":["https:\/\/espacoecologico.com.br\/arquivo\/wp-content\/uploads\/2015\/06\/pet_arte.jpg",415,265,false],"thumbnail":["https:\/\/espacoecologico.com.br\/arquivo\/wp-content\/uploads\/2015\/06\/pet_arte-150x150.jpg",150,150,true],"medium":["https:\/\/espacoecologico.com.br\/arquivo\/wp-content\/uploads\/2015\/06\/pet_arte-300x192.jpg",300,192,true],"medium_large":["https:\/\/espacoecologico.com.br\/arquivo\/wp-content\/uploads\/2015\/06\/pet_arte.jpg",415,265,false],"large":["https:\/\/espacoecologico.com.br\/arquivo\/wp-content\/uploads\/2015\/06\/pet_arte.jpg",415,265,false],"1536x1536":["https:\/\/espacoecologico.com.br\/arquivo\/wp-content\/uploads\/2015\/06\/pet_arte.jpg",415,265,false],"2048x2048":["https:\/\/espacoecologico.com.br\/arquivo\/wp-content\/uploads\/2015\/06\/pet_arte.jpg",415,265,false],"cream-magazine-thumbnail-2":["https:\/\/espacoecologico.com.br\/arquivo\/wp-content\/uploads\/2015\/06\/pet_arte.jpg",415,265,false],"cream-magazine-thumbnail-3":["https:\/\/espacoecologico.com.br\/arquivo\/wp-content\/uploads\/2015\/06\/pet_arte.jpg",415,265,false],"cream-magazine-thumbnail-4":["https:\/\/espacoecologico.com.br\/arquivo\/wp-content\/uploads\/2015\/06\/pet_arte.jpg",415,265,false]},"uagb_author_info":{"display_name":"","author_link":"https:\/\/espacoecologico.com.br\/arquivo\/author\/"},"uagb_comment_info":0,"uagb_excerpt":"Uma das avenidas principais de Salvador ganhou uma obra de arte em comemora\u00e7\u00e3o ao Dia","_links":{"self":[{"href":"https:\/\/espacoecologico.com.br\/arquivo\/wp-json\/wp\/v2\/posts\/22513"}],"collection":[{"href":"https:\/\/espacoecologico.com.br\/arquivo\/wp-json\/wp\/v2\/posts"}],"about":[{"href":"https:\/\/espacoecologico.com.br\/arquivo\/wp-json\/wp\/v2\/types\/post"}],"author":[{"embeddable":true,"href":"https:\/\/espacoecologico.com.br\/arquivo\/wp-json\/wp\/v2\/users\/2"}],"replies":[{"embeddable":true,"href":"https:\/\/espacoecologico.com.br\/arquivo\/wp-json\/wp\/v2\/comments?post=22513"}],"version-history":[{"count":0,"href":"https:\/\/espacoecologico.com.br\/arquivo\/wp-json\/wp\/v2\/posts\/22513\/revisions"}],"wp:featuredmedia":[{"embeddable":true,"href":"https:\/\/espacoecologico.com.br\/arquivo\/wp-json\/wp\/v2\/media\/22514"}],"wp:attachment":[{"href":"https:\/\/espacoecologico.com.br\/arquivo\/wp-json\/wp\/v2\/media?parent=22513"}],"wp:term":[{"taxonomy":"category","embeddable":true,"href":"https:\/\/espacoecologico.com.br\/arquivo\/wp-json\/wp\/v2\/categories?post=22513"},{"taxonomy":"post_tag","embeddable":true,"href":"https:\/\/espacoecologico.com.br\/arquivo\/wp-json\/wp\/v2\/tags?post=22513"}],"curies":[{"name":"wp","href":"https:\/\/api.w.org\/{rel}","templated":true}]}}