{"id":22505,"date":"2015-06-08T16:00:51","date_gmt":"2015-06-08T16:00:51","guid":{"rendered":"https:\/\/espacoecologico.com.br\/arquivo\/?p=22505"},"modified":"2015-06-08T11:44:53","modified_gmt":"2015-06-08T11:44:53","slug":"escola-e-construida-em-vilarejo-so-com-materiais-encontrados-na-floresta","status":"publish","type":"post","link":"https:\/\/espacoecologico.com.br\/arquivo\/escola-e-construida-em-vilarejo-so-com-materiais-encontrados-na-floresta\/","title":{"rendered":"Escola \u00e9 constru\u00edda em vilarejo s\u00f3 com materiais encontrados na floresta"},"content":{"rendered":"<p><a href=\"https:\/\/espacoecologico.com.br\/arquivo\/wp-content\/uploads\/2015\/06\/escola_.jpg\"><img loading=\"lazy\" class=\"alignleft size-medium wp-image-22506\" src=\"https:\/\/espacoecologico.com.br\/arquivo\/wp-content\/uploads\/2015\/06\/escola_-300x192.jpg\" alt=\"\" width=\"300\" height=\"192\" srcset=\"https:\/\/espacoecologico.com.br\/arquivo\/wp-content\/uploads\/2015\/06\/escola_-300x192.jpg 300w, https:\/\/espacoecologico.com.br\/arquivo\/wp-content\/uploads\/2015\/06\/escola_.jpg 415w\" sizes=\"(max-width: 300px) 100vw, 300px\" \/><\/a>O conceito de educa\u00e7\u00e3o ambiental pode ir muito al\u00e9m da teoria em sala de aula e estar presente desde a constru\u00e7\u00e3o das institui\u00e7\u00f5es de ensino. Aqui no EcoD, por exemplo, j\u00e1 mostramos escolas feitas de bambu e alimentadas por energia solar. Agora, a novidade fica por conta de um col\u00e9gio constru\u00eddo apenas com recursos naturais.<\/p>\n<p>O desafio dos arquitetos do escrit\u00f3rio norte-americano<a href=\"http:\/\/www.massdesigngroup.org\/\" target=\"_blank\"> MASS Design Group <\/a>era construir uma escola em Ilima, no Congo (\u00c1frica), um vilarejo que exigiu deles uma verdadeira jornada de tr\u00eas voos e seis horas de moto, no meio da floresta. Como o acesso ao local \u00e9 extremamente dif\u00edcil, levar os materiais de constru\u00e7\u00e3o at\u00e9 ele se tornava uma miss\u00e3o muito complicada.<\/p>\n<div class=\"olho\">Al\u00e9m das op\u00e7\u00f5es ambientalmente corretas, os arquitetos n\u00e3o quiseram impor um estilo arquitet\u00f4nico com o qual os moradores de Ilima n\u00e3o est\u00e3o acostumados<\/div>\n<p>Ao conversar com os moradores, al\u00e9m de realizar trabalho em campo e pesquisa, o grupo decidiu utilizar apenas materiais encontrados na floresta que cerca o vilarejo. Em vez de concreto ou tijolos comuns, foram utilizados na constru\u00e7\u00e3o blocos criados com barro e refor\u00e7ados com \u00f3leo de palmeira, planta abundante na regi\u00e3o.<\/p>\n<p><strong>\u00c1gua da chuva<\/strong><br \/>\nPara o telhado, o grupo poderia ter optado por folhas dessa mesma planta, por\u00e9m, elas n\u00e3o s\u00e3o dur\u00e1veis o suficiente e precisariam ser trocadas a cada oito meses. A fim de solucionar o problema, chegou-se a uma \u00e1rvore cuja madeira \u00e9 bastante resistente e um sistema de telhas foi criado.<\/p>\n<p>Por ser uma regi\u00e3o muito quente e sujeita a secas, a escola foi constru\u00edda com um v\u00e3o entre as paredes e o telhado, que conta com um sistema de coleta da \u00e1gua da chuva para uso na agricultura.<\/p>\n<p>Al\u00e9m das op\u00e7\u00f5es ambientalmente corretas, os arquitetos n\u00e3o quiseram impor um estilo arquitet\u00f4nico com o qual os moradores de Ilima n\u00e3o est\u00e3o acostumados. Por meio do treinamento que os moradores receberam para construir a escola, eles poder\u00e3o realizar toda a manuten\u00e7\u00e3o da estrutura e trabalhar em novas constru\u00e7\u00f5es no vilarejo.<\/p>\n<p>O v\u00eddeo abaixo detalha o projeto:<\/p>\n<p><iframe loading=\"lazy\" src=\"https:\/\/player.vimeo.com\/video\/90841025?title=0&amp;byline=0&amp;portrait=0\" width=\"640\" height=\"391\" frameborder=\"0\" allowfullscreen=\"allowfullscreen\"><\/iframe><\/p>\n<p><a href=\"https:\/\/vimeo.com\/90841025\">Ilima: Beyond Sustainability<\/a> from <a href=\"https:\/\/vimeo.com\/massdesigngroup\">MASS Design Group<\/a> on <a href=\"https:\/\/vimeo.com\">Vimeo<\/a>.<\/p>\n<p><img class=\"cboxPhoto\" src=\"http:\/\/www.ecodesenvolvimento.org\/posts\/2015\/junho\/escola-e-construida-em-vilarejo-so-com-materiais\/images\/escola1.jpg\" alt=\"\" \/><\/p>\n<p><img class=\"cboxPhoto\" src=\"http:\/\/www.ecodesenvolvimento.org\/posts\/2015\/junho\/escola-e-construida-em-vilarejo-so-com-materiais\/images\/escola2.jpg\" alt=\"\" \/><\/p>\n<p><img class=\"cboxPhoto\" src=\"http:\/\/www.ecodesenvolvimento.org\/posts\/2015\/junho\/escola-e-construida-em-vilarejo-so-com-materiais\/images\/escola3.jpg\" alt=\"\" \/><\/p>\n<p><img class=\"cboxPhoto\" src=\"http:\/\/www.ecodesenvolvimento.org\/posts\/2015\/junho\/escola-e-construida-em-vilarejo-so-com-materiais\/images\/escola4.jpg\" alt=\"\" \/><\/p>\n<p><img class=\"cboxPhoto\" src=\"http:\/\/www.ecodesenvolvimento.org\/posts\/2015\/junho\/escola-e-construida-em-vilarejo-so-com-materiais\/images\/escola5.jpg\" alt=\"\" \/><\/p>\n<p><img class=\"cboxPhoto\" src=\"http:\/\/www.ecodesenvolvimento.org\/posts\/2015\/junho\/escola-e-construida-em-vilarejo-so-com-materiais\/images\/escola6.jpg\" alt=\"\" \/><\/p>\n<p><img class=\"cboxPhoto\" src=\"http:\/\/www.ecodesenvolvimento.org\/posts\/2015\/junho\/escola-e-construida-em-vilarejo-so-com-materiais\/images\/escola8.jpg\" alt=\"\" \/><\/p>\n<p><img class=\"cboxPhoto\" src=\"http:\/\/www.ecodesenvolvimento.org\/posts\/2015\/junho\/escola-e-construida-em-vilarejo-so-com-materiais\/images\/escola7.jpg\" alt=\"\" \/><\/p>\n<p>&nbsp;<\/p>\n","protected":false},"excerpt":{"rendered":"<p>O conceito de educa\u00e7\u00e3o ambiental pode ir muito al\u00e9m da teoria em sala de aula<\/p>\n","protected":false},"author":2,"featured_media":22506,"comment_status":"open","ping_status":"open","sticky":false,"template":"","format":"standard","meta":[],"categories":[],"tags":[],"uagb_featured_image_src":{"full":["https:\/\/espacoecologico.com.br\/arquivo\/wp-content\/uploads\/2015\/06\/escola_.jpg",415,265,false],"thumbnail":["https:\/\/espacoecologico.com.br\/arquivo\/wp-content\/uploads\/2015\/06\/escola_-150x150.jpg",150,150,true],"medium":["https:\/\/espacoecologico.com.br\/arquivo\/wp-content\/uploads\/2015\/06\/escola_-300x192.jpg",300,192,true],"medium_large":["https:\/\/espacoecologico.com.br\/arquivo\/wp-content\/uploads\/2015\/06\/escola_.jpg",415,265,false],"large":["https:\/\/espacoecologico.com.br\/arquivo\/wp-content\/uploads\/2015\/06\/escola_.jpg",415,265,false],"1536x1536":["https:\/\/espacoecologico.com.br\/arquivo\/wp-content\/uploads\/2015\/06\/escola_.jpg",415,265,false],"2048x2048":["https:\/\/espacoecologico.com.br\/arquivo\/wp-content\/uploads\/2015\/06\/escola_.jpg",415,265,false],"cream-magazine-thumbnail-2":["https:\/\/espacoecologico.com.br\/arquivo\/wp-content\/uploads\/2015\/06\/escola_.jpg",415,265,false],"cream-magazine-thumbnail-3":["https:\/\/espacoecologico.com.br\/arquivo\/wp-content\/uploads\/2015\/06\/escola_.jpg",415,265,false],"cream-magazine-thumbnail-4":["https:\/\/espacoecologico.com.br\/arquivo\/wp-content\/uploads\/2015\/06\/escola_.jpg",415,265,false]},"uagb_author_info":{"display_name":"","author_link":"https:\/\/espacoecologico.com.br\/arquivo\/author\/"},"uagb_comment_info":0,"uagb_excerpt":"O conceito de educa\u00e7\u00e3o ambiental pode ir muito al\u00e9m da teoria em sala de aula","_links":{"self":[{"href":"https:\/\/espacoecologico.com.br\/arquivo\/wp-json\/wp\/v2\/posts\/22505"}],"collection":[{"href":"https:\/\/espacoecologico.com.br\/arquivo\/wp-json\/wp\/v2\/posts"}],"about":[{"href":"https:\/\/espacoecologico.com.br\/arquivo\/wp-json\/wp\/v2\/types\/post"}],"author":[{"embeddable":true,"href":"https:\/\/espacoecologico.com.br\/arquivo\/wp-json\/wp\/v2\/users\/2"}],"replies":[{"embeddable":true,"href":"https:\/\/espacoecologico.com.br\/arquivo\/wp-json\/wp\/v2\/comments?post=22505"}],"version-history":[{"count":0,"href":"https:\/\/espacoecologico.com.br\/arquivo\/wp-json\/wp\/v2\/posts\/22505\/revisions"}],"wp:featuredmedia":[{"embeddable":true,"href":"https:\/\/espacoecologico.com.br\/arquivo\/wp-json\/wp\/v2\/media\/22506"}],"wp:attachment":[{"href":"https:\/\/espacoecologico.com.br\/arquivo\/wp-json\/wp\/v2\/media?parent=22505"}],"wp:term":[{"taxonomy":"category","embeddable":true,"href":"https:\/\/espacoecologico.com.br\/arquivo\/wp-json\/wp\/v2\/categories?post=22505"},{"taxonomy":"post_tag","embeddable":true,"href":"https:\/\/espacoecologico.com.br\/arquivo\/wp-json\/wp\/v2\/tags?post=22505"}],"curies":[{"name":"wp","href":"https:\/\/api.w.org\/{rel}","templated":true}]}}