{"id":22492,"date":"2015-06-08T13:00:48","date_gmt":"2015-06-08T13:00:48","guid":{"rendered":"https:\/\/espacoecologico.com.br\/arquivo\/?p=22492"},"modified":"2015-06-08T11:25:27","modified_gmt":"2015-06-08T11:25:27","slug":"pesca-desenfreada-nos-oceanos-pode-causar-impacto-maior-que-poluicao","status":"publish","type":"post","link":"https:\/\/espacoecologico.com.br\/arquivo\/pesca-desenfreada-nos-oceanos-pode-causar-impacto-maior-que-poluicao\/","title":{"rendered":"Pesca desenfreada nos oceanos pode causar impacto maior que polui\u00e7\u00e3o"},"content":{"rendered":"<p><strong><a href=\"https:\/\/espacoecologico.com.br\/arquivo\/wp-content\/uploads\/2015\/06\/penisula_antartica.jpg\"><img loading=\"lazy\" class=\"alignleft size-medium wp-image-22493\" src=\"https:\/\/espacoecologico.com.br\/arquivo\/wp-content\/uploads\/2015\/06\/penisula_antartica-300x192.jpg\" alt=\"\" width=\"300\" height=\"192\" srcset=\"https:\/\/espacoecologico.com.br\/arquivo\/wp-content\/uploads\/2015\/06\/penisula_antartica-300x192.jpg 300w, https:\/\/espacoecologico.com.br\/arquivo\/wp-content\/uploads\/2015\/06\/penisula_antartica.jpg 415w\" sizes=\"(max-width: 300px) 100vw, 300px\" \/><\/a>Vinicius Lisboa* <\/strong><\/p>\n<p>A pesca desenfreada pode ser mais prejudicial a ecossistemas marinhos que a polui\u00e7\u00e3o, alertou a diretora-geral da organiza\u00e7\u00e3o n\u00e3o governamental (ONG) Oceana no Brasil, Monica Peres. Nesta segunda-feira (8), comemora-se o Dia Internacional dos Oceanos.<\/p>\n<p>A diretora-geral da ONG afirmou que o Brasil precisa investir na produ\u00e7\u00e3o de dados e no manejo da pesca no pa\u00eds. &#8220;No Brasil, temos um problema muito grave de falta de manejo, de falta de dados, de falta de pesquisas necess\u00e1rias para manejar bem essa atividade. Hoje em dia, n\u00e3o se sabe bem quantos barcos de pesca existem no pa\u00eds. N\u00e3o sabemos, h\u00e1 muitos anos, sobre o que desembarca da pesca no Brasil. Isso \u00e9 um problem\u00e3o, e a pesca n\u00e3o manejada e intensa, acima da capacidade de as esp\u00e9cies se reporem, \u00e9 um impacto talvez maior que o da polui\u00e7\u00e3o.&#8221;<\/p>\n<p>Para Monica, muitas pessoas pensam que os oceanos t\u00eam uma distribui\u00e7\u00e3o uniforme das formas de vida em toda a sua extens\u00e3o quando, na verdade, h\u00e1 grandes agrega\u00e7\u00f5es de seres vivos em espa\u00e7os restritos e \u00e1reas gigantescas sem vida. Quando a pesca \u00e9 feita sem o manejo adequado nessas \u00e1reas em que a vida se concentra, o equil\u00edbrio dos ecossistemas \u00e9 amea\u00e7ado. &#8220;\u00c0s vezes, a pesca \u00e9 feita para retirar uma esp\u00e9cie que \u00e9 abundante, mas vem junto com ela uma esp\u00e9cie que vive muitos anos, que fica adulta muito tarde, que tem poucos filhotes. Essas esp\u00e9cies mais vulner\u00e1veis n\u00e3o aguentam a intensidade de pesca que a esp\u00e9cie-alvo aguenta&#8221;, disse Monica, destacando que \u00e9 preciso proteger as esp\u00e9cies que s\u00e3o pescadas e usadas como alimento e as demais, que, quando acabam caindo nas redes de pesca, s\u00e3o devolvidas mortas ao mar sem que haja qualquer benef\u00edcio com isso.<\/p>\n<p>&#8220;A gente precisa respeitar a capacidade daquelas popula\u00e7\u00f5es de se reporem. Toda extra\u00e7\u00e3o de recursos vivos precisa ser feita dentro da capacidade do organismo de se repor&#8221;.<\/p>\n<p>A\u00e7\u00f5es de preserva\u00e7\u00e3o e de manejo, na vis\u00e3o da pesquisadora, servir\u00e3o tamb\u00e9m para que os ecossistemas mar\u00edtimos sejam mais capazes de resistir \u00e0s mudan\u00e7as clim\u00e1ticas no planeta. &#8220;O que se sabe hoje \u00e9 que os ambientes marinhos e oce\u00e2nicos ser\u00e3o os mais afetados pelas mudan\u00e7as clim\u00e1ticas&#8221;, disse ela. Mudan\u00e7as na temperatura, explica Monica, podem provocar altera\u00e7\u00f5es, por exemplo, nas correntes mar\u00edtimas e na disponibilidade de oxig\u00eanio e nutrientes na \u00e1gua. A falta de s\u00f3dio, por exemplo, poderia levar \u00e0 morte de corais.<\/p>\n<p><em>*Colaborou Mara R\u00e9gia, das R\u00e1dios EBC<\/em><\/p>\n","protected":false},"excerpt":{"rendered":"<p>Vinicius Lisboa* A pesca desenfreada pode ser mais prejudicial a ecossistemas marinhos que a polui\u00e7\u00e3o,<\/p>\n","protected":false},"author":2,"featured_media":22493,"comment_status":"open","ping_status":"open","sticky":false,"template":"","format":"standard","meta":[],"categories":[],"tags":[],"uagb_featured_image_src":{"full":["https:\/\/espacoecologico.com.br\/arquivo\/wp-content\/uploads\/2015\/06\/penisula_antartica.jpg",415,265,false],"thumbnail":["https:\/\/espacoecologico.com.br\/arquivo\/wp-content\/uploads\/2015\/06\/penisula_antartica-150x150.jpg",150,150,true],"medium":["https:\/\/espacoecologico.com.br\/arquivo\/wp-content\/uploads\/2015\/06\/penisula_antartica-300x192.jpg",300,192,true],"medium_large":["https:\/\/espacoecologico.com.br\/arquivo\/wp-content\/uploads\/2015\/06\/penisula_antartica.jpg",415,265,false],"large":["https:\/\/espacoecologico.com.br\/arquivo\/wp-content\/uploads\/2015\/06\/penisula_antartica.jpg",415,265,false],"1536x1536":["https:\/\/espacoecologico.com.br\/arquivo\/wp-content\/uploads\/2015\/06\/penisula_antartica.jpg",415,265,false],"2048x2048":["https:\/\/espacoecologico.com.br\/arquivo\/wp-content\/uploads\/2015\/06\/penisula_antartica.jpg",415,265,false],"cream-magazine-thumbnail-2":["https:\/\/espacoecologico.com.br\/arquivo\/wp-content\/uploads\/2015\/06\/penisula_antartica.jpg",415,265,false],"cream-magazine-thumbnail-3":["https:\/\/espacoecologico.com.br\/arquivo\/wp-content\/uploads\/2015\/06\/penisula_antartica.jpg",415,265,false],"cream-magazine-thumbnail-4":["https:\/\/espacoecologico.com.br\/arquivo\/wp-content\/uploads\/2015\/06\/penisula_antartica.jpg",415,265,false]},"uagb_author_info":{"display_name":"","author_link":"https:\/\/espacoecologico.com.br\/arquivo\/author\/"},"uagb_comment_info":0,"uagb_excerpt":"Vinicius Lisboa* A pesca desenfreada pode ser mais prejudicial a ecossistemas marinhos que a polui\u00e7\u00e3o,","_links":{"self":[{"href":"https:\/\/espacoecologico.com.br\/arquivo\/wp-json\/wp\/v2\/posts\/22492"}],"collection":[{"href":"https:\/\/espacoecologico.com.br\/arquivo\/wp-json\/wp\/v2\/posts"}],"about":[{"href":"https:\/\/espacoecologico.com.br\/arquivo\/wp-json\/wp\/v2\/types\/post"}],"author":[{"embeddable":true,"href":"https:\/\/espacoecologico.com.br\/arquivo\/wp-json\/wp\/v2\/users\/2"}],"replies":[{"embeddable":true,"href":"https:\/\/espacoecologico.com.br\/arquivo\/wp-json\/wp\/v2\/comments?post=22492"}],"version-history":[{"count":0,"href":"https:\/\/espacoecologico.com.br\/arquivo\/wp-json\/wp\/v2\/posts\/22492\/revisions"}],"wp:featuredmedia":[{"embeddable":true,"href":"https:\/\/espacoecologico.com.br\/arquivo\/wp-json\/wp\/v2\/media\/22493"}],"wp:attachment":[{"href":"https:\/\/espacoecologico.com.br\/arquivo\/wp-json\/wp\/v2\/media?parent=22492"}],"wp:term":[{"taxonomy":"category","embeddable":true,"href":"https:\/\/espacoecologico.com.br\/arquivo\/wp-json\/wp\/v2\/categories?post=22492"},{"taxonomy":"post_tag","embeddable":true,"href":"https:\/\/espacoecologico.com.br\/arquivo\/wp-json\/wp\/v2\/tags?post=22492"}],"curies":[{"name":"wp","href":"https:\/\/api.w.org\/{rel}","templated":true}]}}