{"id":22476,"date":"2015-06-07T14:49:41","date_gmt":"2015-06-07T14:49:41","guid":{"rendered":"https:\/\/espacoecologico.com.br\/arquivo\/?p=22476"},"modified":"2015-06-07T14:49:41","modified_gmt":"2015-06-07T14:49:41","slug":"caverna-do-diabo-destino-perfeito-para-os-amantes-de-ecoturismo","status":"publish","type":"post","link":"https:\/\/espacoecologico.com.br\/arquivo\/caverna-do-diabo-destino-perfeito-para-os-amantes-de-ecoturismo\/","title":{"rendered":"Caverna do Diabo, destino perfeito para os amantes de ecoturismo"},"content":{"rendered":"<p><a href=\"https:\/\/espacoecologico.com.br\/arquivo\/wp-content\/uploads\/2015\/06\/caverna_diabo.jpg\"><img loading=\"lazy\" class=\"alignleft size-medium wp-image-22477\" src=\"https:\/\/espacoecologico.com.br\/arquivo\/wp-content\/uploads\/2015\/06\/caverna_diabo-300x192.jpg\" alt=\"\" width=\"300\" height=\"192\" srcset=\"https:\/\/espacoecologico.com.br\/arquivo\/wp-content\/uploads\/2015\/06\/caverna_diabo-300x192.jpg 300w, https:\/\/espacoecologico.com.br\/arquivo\/wp-content\/uploads\/2015\/06\/caverna_diabo.jpg 415w\" sizes=\"(max-width: 300px) 100vw, 300px\" \/><\/a>Um para\u00edso ecol\u00f3gico localizado no Vale do Ribeira, mais precisamente dentro do Parque Estadual Caverna do Diabo. \u00c9 assim que pode ser definida essa escultura da natureza, a Gruta da Tapagem, que ficou conhecida popularmente Caverna do Diabo. Localizada no munic\u00edpio de Eldorado, a 295 km da capital, com acesso pela R\u00e9gis Bittencourt (BR-116), ela ainda est\u00e1 rodeada de trilhas, cachoeiras e mirantes com vistas skyline.<\/p>\n<p><a href=\"https:\/\/espacoecologico.com.br\/arquivo\/wp-content\/uploads\/2015\/06\/caverna_diabo3.jpg\"><img loading=\"lazy\" class=\"alignnone wp-image-22480 size-full\" src=\"https:\/\/espacoecologico.com.br\/arquivo\/wp-content\/uploads\/2015\/06\/caverna_diabo3.jpg\" alt=\"\" width=\"640\" height=\"441\" srcset=\"https:\/\/espacoecologico.com.br\/arquivo\/wp-content\/uploads\/2015\/06\/caverna_diabo3.jpg 640w, https:\/\/espacoecologico.com.br\/arquivo\/wp-content\/uploads\/2015\/06\/caverna_diabo3-300x207.jpg 300w\" sizes=\"(max-width: 640px) 100vw, 640px\" \/><\/a><\/p>\n<p>Tida como um verdadeiro patrim\u00f4nio ambiental, a caverna impressiona pela beleza. H\u00e1 diferentes tipos de passeios, um deles &#8211; de n\u00edvel f\u00e1cil &#8211; \u00e9 indicado aos que n\u00e3o praticam ecoturismo e tem dura\u00e7\u00e3o m\u00e9dia de 50 minutos. Nele, por meio de uma visita monitorada, os turistas podem desbravar a trilha do Ara\u00e7\u00e1. A recompensa, al\u00e9m dos encantos da pr\u00f3pria Caverna, \u00e9 avistar tr\u00eas quedas d&#8217;\u00e1gua, duas formam po\u00e7os de \u00e1guas cristalinas boas para um mergulho.<\/p>\n<p><a href=\"https:\/\/espacoecologico.com.br\/arquivo\/wp-content\/uploads\/2015\/06\/caverna_diabo2.jpg\"><img loading=\"lazy\" class=\"alignnone wp-image-22479 size-full\" src=\"https:\/\/espacoecologico.com.br\/arquivo\/wp-content\/uploads\/2015\/06\/caverna_diabo2.jpg\" alt=\"\" width=\"640\" height=\"419\" srcset=\"https:\/\/espacoecologico.com.br\/arquivo\/wp-content\/uploads\/2015\/06\/caverna_diabo2.jpg 640w, https:\/\/espacoecologico.com.br\/arquivo\/wp-content\/uploads\/2015\/06\/caverna_diabo2-300x196.jpg 300w\" sizes=\"(max-width: 640px) 100vw, 640px\" \/><\/a><\/p>\n<p>Aos mais aventureiros, a trilha para o Mirante do Governador \u00e9 uma boa pedida. Com n\u00edvel m\u00e9dio de dificuldade, \u00e9 preciso 2 horas e 30 minutos para completar o percurso. Do alto, os visitantes podem apreciar uma vista panor\u00e2mica do Vale do Ribeira. Vale lembrar que a caverna conta com escadarias, corrim\u00f5es e ilumina\u00e7\u00e3o, o que facilita o acesso mesmo para quem tem dificuldade de locomo\u00e7\u00e3o. No Centro de Visitantes h\u00e1 exposi\u00e7\u00e3o tem\u00e1tica sobre o ecossistema da Mata Atl\u00e2ntica e suas cavernas.<\/p>\n<p><a href=\"https:\/\/espacoecologico.com.br\/arquivo\/wp-content\/uploads\/2015\/06\/caverna_diabo1.jpg\"><img loading=\"lazy\" class=\"alignnone wp-image-22478 size-full\" src=\"https:\/\/espacoecologico.com.br\/arquivo\/wp-content\/uploads\/2015\/06\/caverna_diabo1.jpg\" alt=\"\" width=\"640\" height=\"427\" srcset=\"https:\/\/espacoecologico.com.br\/arquivo\/wp-content\/uploads\/2015\/06\/caverna_diabo1.jpg 640w, https:\/\/espacoecologico.com.br\/arquivo\/wp-content\/uploads\/2015\/06\/caverna_diabo1-300x200.jpg 300w\" sizes=\"(max-width: 640px) 100vw, 640px\" \/><\/a><\/p>\n<p><strong>SERVI\u00c7O<\/strong><br \/>\n<em>Parque Estadual Caverna do Diabo<\/em><br \/>\nHor\u00e1rio de atendimento ao p\u00fablico: de ter\u00e7a-feira a domingo das 8h \u00e0s 17h<br \/>\nIngresso: R$ 12,00 (crian\u00e7as at\u00e9 12 anos, adultos com mais de 60 anos e pessoas com defici\u00eancia n\u00e3o pagam); estudantes pagam meia-entrada<br \/>\nFeriados prolongados: abertura nas segundas-feiras das 8h \u00e0s 17h e fechamento no dia \u00fatil subsequente<br \/>\nF\u00e9rias (de 1\u00ba a 31 de janeiro, e de 1\u00ba a 30 julho): de segunda-feira a domingo, das 8h \u00e0s 17h<br \/>\n<em>\u00c9 obrigat\u00f3rio o servi\u00e7o de monitoria ambiental aut\u00f4noma (valor de R$ 11,00\/pessoa)<\/em><br \/>\nTelefone: (13) 3871-1242 (sede) | (13) 3871-0259<br \/>\nAcesso: saindo de S\u00e3o Paulo, o acesso ao Parque \u00e9 feito pela rodovia R\u00e9gis Bittencourt (BR-116), at\u00e9 a cidade de Jacupiranga (km 446). Segue-se ent\u00e3o pela rodovia SP-193 (Rodovia Jos\u00e9 Edgard Carneiro dos Santos) at\u00e9 a cidade de Eldorado e, posteriormente, pela SP-165, em dire\u00e7\u00e3o \u00e0 Serra Andr\u00e9 Lopes. A dist\u00e2ncia total a partir da cidade de S\u00e3o Paulo \u00e9 de 295 km.<\/p>\n","protected":false},"excerpt":{"rendered":"<p>Um para\u00edso ecol\u00f3gico localizado no Vale do Ribeira, mais precisamente dentro do Parque Estadual Caverna<\/p>\n","protected":false},"author":2,"featured_media":22477,"comment_status":"open","ping_status":"open","sticky":false,"template":"","format":"standard","meta":[],"categories":[],"tags":[],"uagb_featured_image_src":{"full":["https:\/\/espacoecologico.com.br\/arquivo\/wp-content\/uploads\/2015\/06\/caverna_diabo.jpg",415,265,false],"thumbnail":["https:\/\/espacoecologico.com.br\/arquivo\/wp-content\/uploads\/2015\/06\/caverna_diabo-150x150.jpg",150,150,true],"medium":["https:\/\/espacoecologico.com.br\/arquivo\/wp-content\/uploads\/2015\/06\/caverna_diabo-300x192.jpg",300,192,true],"medium_large":["https:\/\/espacoecologico.com.br\/arquivo\/wp-content\/uploads\/2015\/06\/caverna_diabo.jpg",415,265,false],"large":["https:\/\/espacoecologico.com.br\/arquivo\/wp-content\/uploads\/2015\/06\/caverna_diabo.jpg",415,265,false],"1536x1536":["https:\/\/espacoecologico.com.br\/arquivo\/wp-content\/uploads\/2015\/06\/caverna_diabo.jpg",415,265,false],"2048x2048":["https:\/\/espacoecologico.com.br\/arquivo\/wp-content\/uploads\/2015\/06\/caverna_diabo.jpg",415,265,false],"cream-magazine-thumbnail-2":["https:\/\/espacoecologico.com.br\/arquivo\/wp-content\/uploads\/2015\/06\/caverna_diabo.jpg",415,265,false],"cream-magazine-thumbnail-3":["https:\/\/espacoecologico.com.br\/arquivo\/wp-content\/uploads\/2015\/06\/caverna_diabo.jpg",415,265,false],"cream-magazine-thumbnail-4":["https:\/\/espacoecologico.com.br\/arquivo\/wp-content\/uploads\/2015\/06\/caverna_diabo.jpg",415,265,false]},"uagb_author_info":{"display_name":"","author_link":"https:\/\/espacoecologico.com.br\/arquivo\/author\/"},"uagb_comment_info":0,"uagb_excerpt":"Um para\u00edso ecol\u00f3gico localizado no Vale do Ribeira, mais precisamente dentro do Parque Estadual Caverna","_links":{"self":[{"href":"https:\/\/espacoecologico.com.br\/arquivo\/wp-json\/wp\/v2\/posts\/22476"}],"collection":[{"href":"https:\/\/espacoecologico.com.br\/arquivo\/wp-json\/wp\/v2\/posts"}],"about":[{"href":"https:\/\/espacoecologico.com.br\/arquivo\/wp-json\/wp\/v2\/types\/post"}],"author":[{"embeddable":true,"href":"https:\/\/espacoecologico.com.br\/arquivo\/wp-json\/wp\/v2\/users\/2"}],"replies":[{"embeddable":true,"href":"https:\/\/espacoecologico.com.br\/arquivo\/wp-json\/wp\/v2\/comments?post=22476"}],"version-history":[{"count":0,"href":"https:\/\/espacoecologico.com.br\/arquivo\/wp-json\/wp\/v2\/posts\/22476\/revisions"}],"wp:featuredmedia":[{"embeddable":true,"href":"https:\/\/espacoecologico.com.br\/arquivo\/wp-json\/wp\/v2\/media\/22477"}],"wp:attachment":[{"href":"https:\/\/espacoecologico.com.br\/arquivo\/wp-json\/wp\/v2\/media?parent=22476"}],"wp:term":[{"taxonomy":"category","embeddable":true,"href":"https:\/\/espacoecologico.com.br\/arquivo\/wp-json\/wp\/v2\/categories?post=22476"},{"taxonomy":"post_tag","embeddable":true,"href":"https:\/\/espacoecologico.com.br\/arquivo\/wp-json\/wp\/v2\/tags?post=22476"}],"curies":[{"name":"wp","href":"https:\/\/api.w.org\/{rel}","templated":true}]}}