{"id":22472,"date":"2015-06-07T18:00:29","date_gmt":"2015-06-07T18:00:29","guid":{"rendered":"https:\/\/espacoecologico.com.br\/arquivo\/?p=22472"},"modified":"2015-06-07T14:23:52","modified_gmt":"2015-06-07T14:23:52","slug":"evento-em-fortaleza-ensina-mpes-a-se-tornarem-sustentaveis-nos-seus-negocios","status":"publish","type":"post","link":"https:\/\/espacoecologico.com.br\/arquivo\/evento-em-fortaleza-ensina-mpes-a-se-tornarem-sustentaveis-nos-seus-negocios\/","title":{"rendered":"Evento em Fortaleza ensina MPEs a se tornarem sustent\u00e1veis nos seus neg\u00f3cios"},"content":{"rendered":"<p><a href=\"https:\/\/espacoecologico.com.br\/arquivo\/wp-content\/uploads\/2015\/06\/fortaleza.jpg\"><img loading=\"lazy\" class=\"alignleft size-medium wp-image-22473\" src=\"https:\/\/espacoecologico.com.br\/arquivo\/wp-content\/uploads\/2015\/06\/fortaleza-300x192.jpg\" alt=\"\" width=\"300\" height=\"192\" srcset=\"https:\/\/espacoecologico.com.br\/arquivo\/wp-content\/uploads\/2015\/06\/fortaleza-300x192.jpg 300w, https:\/\/espacoecologico.com.br\/arquivo\/wp-content\/uploads\/2015\/06\/fortaleza.jpg 415w\" sizes=\"(max-width: 300px) 100vw, 300px\" \/><\/a>Os micro e pequenos empres\u00e1rios de Fortaleza (CE) interessados em agregar sustentabilidade ao seu neg\u00f3cio podem conhecer mais sobre o tema no Ciclo de Sustentabilidade para PMEs, que ser\u00e1 realizado em 11 de junho, na capital cearense.<\/p>\n<p>A programa\u00e7\u00e3o apresentar\u00e1 solu\u00e7\u00f5es e estudos sobre sustentabilidade focados nas pequenas e m\u00e9dias empresas, al\u00e9m de debater e mostrar as principais dificuldades das PMEs para se tornarem um fornecedor com melhor desempenho ambiental.<\/p>\n<p>O evento vai das 9h \u00e0s 17h e ser\u00e1 realizado na sede do Sebrae local (av. Monsenhor Tabosa, 777, Praia de Iracema). As inscri\u00e7\u00f5es, gratuitas, podem ser feitas no site http:\/\/sustentabilidadepme.com.br\/fortaleza.<\/p>\n","protected":false},"excerpt":{"rendered":"<p>Os micro e pequenos empres\u00e1rios de Fortaleza (CE) interessados em agregar sustentabilidade ao seu neg\u00f3cio<\/p>\n","protected":false},"author":2,"featured_media":22473,"comment_status":"open","ping_status":"open","sticky":false,"template":"","format":"standard","meta":[],"categories":[],"tags":[],"uagb_featured_image_src":{"full":["https:\/\/espacoecologico.com.br\/arquivo\/wp-content\/uploads\/2015\/06\/fortaleza.jpg",415,265,false],"thumbnail":["https:\/\/espacoecologico.com.br\/arquivo\/wp-content\/uploads\/2015\/06\/fortaleza-150x150.jpg",150,150,true],"medium":["https:\/\/espacoecologico.com.br\/arquivo\/wp-content\/uploads\/2015\/06\/fortaleza-300x192.jpg",300,192,true],"medium_large":["https:\/\/espacoecologico.com.br\/arquivo\/wp-content\/uploads\/2015\/06\/fortaleza.jpg",415,265,false],"large":["https:\/\/espacoecologico.com.br\/arquivo\/wp-content\/uploads\/2015\/06\/fortaleza.jpg",415,265,false],"1536x1536":["https:\/\/espacoecologico.com.br\/arquivo\/wp-content\/uploads\/2015\/06\/fortaleza.jpg",415,265,false],"2048x2048":["https:\/\/espacoecologico.com.br\/arquivo\/wp-content\/uploads\/2015\/06\/fortaleza.jpg",415,265,false],"cream-magazine-thumbnail-2":["https:\/\/espacoecologico.com.br\/arquivo\/wp-content\/uploads\/2015\/06\/fortaleza.jpg",415,265,false],"cream-magazine-thumbnail-3":["https:\/\/espacoecologico.com.br\/arquivo\/wp-content\/uploads\/2015\/06\/fortaleza.jpg",415,265,false],"cream-magazine-thumbnail-4":["https:\/\/espacoecologico.com.br\/arquivo\/wp-content\/uploads\/2015\/06\/fortaleza.jpg",415,265,false]},"uagb_author_info":{"display_name":"","author_link":"https:\/\/espacoecologico.com.br\/arquivo\/author\/"},"uagb_comment_info":0,"uagb_excerpt":"Os micro e pequenos empres\u00e1rios de Fortaleza (CE) interessados em agregar sustentabilidade ao seu neg\u00f3cio","_links":{"self":[{"href":"https:\/\/espacoecologico.com.br\/arquivo\/wp-json\/wp\/v2\/posts\/22472"}],"collection":[{"href":"https:\/\/espacoecologico.com.br\/arquivo\/wp-json\/wp\/v2\/posts"}],"about":[{"href":"https:\/\/espacoecologico.com.br\/arquivo\/wp-json\/wp\/v2\/types\/post"}],"author":[{"embeddable":true,"href":"https:\/\/espacoecologico.com.br\/arquivo\/wp-json\/wp\/v2\/users\/2"}],"replies":[{"embeddable":true,"href":"https:\/\/espacoecologico.com.br\/arquivo\/wp-json\/wp\/v2\/comments?post=22472"}],"version-history":[{"count":0,"href":"https:\/\/espacoecologico.com.br\/arquivo\/wp-json\/wp\/v2\/posts\/22472\/revisions"}],"wp:featuredmedia":[{"embeddable":true,"href":"https:\/\/espacoecologico.com.br\/arquivo\/wp-json\/wp\/v2\/media\/22473"}],"wp:attachment":[{"href":"https:\/\/espacoecologico.com.br\/arquivo\/wp-json\/wp\/v2\/media?parent=22472"}],"wp:term":[{"taxonomy":"category","embeddable":true,"href":"https:\/\/espacoecologico.com.br\/arquivo\/wp-json\/wp\/v2\/categories?post=22472"},{"taxonomy":"post_tag","embeddable":true,"href":"https:\/\/espacoecologico.com.br\/arquivo\/wp-json\/wp\/v2\/tags?post=22472"}],"curies":[{"name":"wp","href":"https:\/\/api.w.org\/{rel}","templated":true}]}}