{"id":22463,"date":"2015-06-07T17:00:27","date_gmt":"2015-06-07T17:00:27","guid":{"rendered":"https:\/\/espacoecologico.com.br\/arquivo\/?p=22463"},"modified":"2015-06-07T13:28:40","modified_gmt":"2015-06-07T13:28:40","slug":"para-evitar-caracois-na-horta-animais-devem-ser-atraidos-por-isca-e-eliminados-mecanicamente","status":"publish","type":"post","link":"https:\/\/espacoecologico.com.br\/arquivo\/para-evitar-caracois-na-horta-animais-devem-ser-atraidos-por-isca-e-eliminados-mecanicamente\/","title":{"rendered":"Para evitar carac\u00f3is na horta, animais devem ser atra\u00eddos por isca e eliminados mecanicamente"},"content":{"rendered":"<p><a href=\"https:\/\/espacoecologico.com.br\/arquivo\/wp-content\/uploads\/2015\/06\/caracol.jpg\"><img loading=\"lazy\" class=\"alignleft size-medium wp-image-22464\" src=\"https:\/\/espacoecologico.com.br\/arquivo\/wp-content\/uploads\/2015\/06\/caracol-300x192.jpg\" alt=\"\" width=\"300\" height=\"192\" srcset=\"https:\/\/espacoecologico.com.br\/arquivo\/wp-content\/uploads\/2015\/06\/caracol-300x192.jpg 300w, https:\/\/espacoecologico.com.br\/arquivo\/wp-content\/uploads\/2015\/06\/caracol.jpg 415w\" sizes=\"(max-width: 300px) 100vw, 300px\" \/><\/a>Antes, enterr\u00e1vamos no quintal de casa todas as cascas de frutas utilizadas, mas come\u00e7aram a surgir caramujos que grudavam nas folhas das hortali\u00e7as, como alface, almeir\u00e3o, chic\u00f3ria e repolho, plantadas em nossa horta. Ent\u00e3o, passamos a fazer o descarte dos restos org\u00e2nicos diretamente no balde de lixo, por\u00e9m os caramujos continuam atacando nossos plantios. Como evitar essa praga?Ivo Antonio Bernardi Toledo (PR)<\/p>\n<p>Para eliminar carac\u00f3is \u00e9 necess\u00e1rio fazer uma isca para atra\u00ed-los e, depois, elimin\u00e1-los mecanicamente. Molhe uma estopa, ou um pano, com cerveja e coloque-o pr\u00f3ximo \u00e0s plantas em que os carac\u00f3is costumam aparecer. O indicado \u00e9 instalar a isca no fim da tarde, pois esses animais t\u00eam h\u00e1bitos noturnos. Na manh\u00e3 do outro dia, recolha os carac\u00f3is e deposite-os em um saco. Em seguida, com o cabo de uma enxada, ou com uma madeira, destrua os invasores e jogue os restos em uma lixeira. Ressalte-se nunca por os animais vivos no lixo, pois eles se proliferam nos aterros sanit\u00e1rios. Previna-se usando luvas ao fazer o procedimento, pois caso se trate de caramujos gigantes africanos, eles transmitem doen\u00e7as.<\/p>\n<p><strong>CONSULTORA: CAROLINE PINHEIRO REYES<\/strong>, analista da \u00e1rea de entomologia da Embrapa Hortali\u00e7as, Rodovia Bras\u00edlia\/An\u00e1polis, BR 060, Km 09, Caixa Postal 218, CEP 70359-970, Bras\u00edlia, DF, tel. (61) 3385.9110, cnph.sac@embrapa.br<\/p>\n","protected":false},"excerpt":{"rendered":"<p>Antes, enterr\u00e1vamos no quintal de casa todas as cascas de frutas utilizadas, mas come\u00e7aram a<\/p>\n","protected":false},"author":2,"featured_media":22464,"comment_status":"open","ping_status":"open","sticky":false,"template":"","format":"standard","meta":[],"categories":[],"tags":[],"uagb_featured_image_src":{"full":["https:\/\/espacoecologico.com.br\/arquivo\/wp-content\/uploads\/2015\/06\/caracol.jpg",415,265,false],"thumbnail":["https:\/\/espacoecologico.com.br\/arquivo\/wp-content\/uploads\/2015\/06\/caracol-150x150.jpg",150,150,true],"medium":["https:\/\/espacoecologico.com.br\/arquivo\/wp-content\/uploads\/2015\/06\/caracol-300x192.jpg",300,192,true],"medium_large":["https:\/\/espacoecologico.com.br\/arquivo\/wp-content\/uploads\/2015\/06\/caracol.jpg",415,265,false],"large":["https:\/\/espacoecologico.com.br\/arquivo\/wp-content\/uploads\/2015\/06\/caracol.jpg",415,265,false],"1536x1536":["https:\/\/espacoecologico.com.br\/arquivo\/wp-content\/uploads\/2015\/06\/caracol.jpg",415,265,false],"2048x2048":["https:\/\/espacoecologico.com.br\/arquivo\/wp-content\/uploads\/2015\/06\/caracol.jpg",415,265,false],"cream-magazine-thumbnail-2":["https:\/\/espacoecologico.com.br\/arquivo\/wp-content\/uploads\/2015\/06\/caracol.jpg",415,265,false],"cream-magazine-thumbnail-3":["https:\/\/espacoecologico.com.br\/arquivo\/wp-content\/uploads\/2015\/06\/caracol.jpg",415,265,false],"cream-magazine-thumbnail-4":["https:\/\/espacoecologico.com.br\/arquivo\/wp-content\/uploads\/2015\/06\/caracol.jpg",415,265,false]},"uagb_author_info":{"display_name":"","author_link":"https:\/\/espacoecologico.com.br\/arquivo\/author\/"},"uagb_comment_info":0,"uagb_excerpt":"Antes, enterr\u00e1vamos no quintal de casa todas as cascas de frutas utilizadas, mas come\u00e7aram a","_links":{"self":[{"href":"https:\/\/espacoecologico.com.br\/arquivo\/wp-json\/wp\/v2\/posts\/22463"}],"collection":[{"href":"https:\/\/espacoecologico.com.br\/arquivo\/wp-json\/wp\/v2\/posts"}],"about":[{"href":"https:\/\/espacoecologico.com.br\/arquivo\/wp-json\/wp\/v2\/types\/post"}],"author":[{"embeddable":true,"href":"https:\/\/espacoecologico.com.br\/arquivo\/wp-json\/wp\/v2\/users\/2"}],"replies":[{"embeddable":true,"href":"https:\/\/espacoecologico.com.br\/arquivo\/wp-json\/wp\/v2\/comments?post=22463"}],"version-history":[{"count":0,"href":"https:\/\/espacoecologico.com.br\/arquivo\/wp-json\/wp\/v2\/posts\/22463\/revisions"}],"wp:featuredmedia":[{"embeddable":true,"href":"https:\/\/espacoecologico.com.br\/arquivo\/wp-json\/wp\/v2\/media\/22464"}],"wp:attachment":[{"href":"https:\/\/espacoecologico.com.br\/arquivo\/wp-json\/wp\/v2\/media?parent=22463"}],"wp:term":[{"taxonomy":"category","embeddable":true,"href":"https:\/\/espacoecologico.com.br\/arquivo\/wp-json\/wp\/v2\/categories?post=22463"},{"taxonomy":"post_tag","embeddable":true,"href":"https:\/\/espacoecologico.com.br\/arquivo\/wp-json\/wp\/v2\/tags?post=22463"}],"curies":[{"name":"wp","href":"https:\/\/api.w.org\/{rel}","templated":true}]}}