{"id":22452,"date":"2015-06-07T15:00:29","date_gmt":"2015-06-07T15:00:29","guid":{"rendered":"https:\/\/espacoecologico.com.br\/arquivo\/?p=22452"},"modified":"2015-06-07T01:37:47","modified_gmt":"2015-06-07T01:37:47","slug":"por-que-e-tao-dificil-lembrar-de-tons-exatos-de-cores-entre-milhares-de-opcoes","status":"publish","type":"post","link":"https:\/\/espacoecologico.com.br\/arquivo\/por-que-e-tao-dificil-lembrar-de-tons-exatos-de-cores-entre-milhares-de-opcoes\/","title":{"rendered":"Por que \u00e9 t\u00e3o dif\u00edcil lembrar de tons exatos de cores entre milhares de op\u00e7\u00f5es?"},"content":{"rendered":"<p><a href=\"https:\/\/espacoecologico.com.br\/arquivo\/wp-content\/uploads\/2015\/06\/cores.jpg\"><img loading=\"lazy\" class=\"alignleft size-medium wp-image-22453\" src=\"https:\/\/espacoecologico.com.br\/arquivo\/wp-content\/uploads\/2015\/06\/cores-300x192.jpg\" alt=\"\" width=\"300\" height=\"192\" srcset=\"https:\/\/espacoecologico.com.br\/arquivo\/wp-content\/uploads\/2015\/06\/cores-300x192.jpg 300w, https:\/\/espacoecologico.com.br\/arquivo\/wp-content\/uploads\/2015\/06\/cores.jpg 415w\" sizes=\"(max-width: 300px) 100vw, 300px\" \/><\/a>Voc\u00ea j\u00e1 tentou encontrar, em uma cartela de cores de uma loja de tintas, aquele exato tom visto na parede da casa de um amigo? N\u00e3o \u00e9 uma tarefa f\u00e1cil, e a culpa \u00e9 da forma como nosso c\u00e9rebro funciona.<\/p>\n<p>Um estudo chefiado pelo psic\u00f3logo cognitivo Jonathan Flombaum, da Universidade Johns Hopkins (EUA), demonstrou que, apesar de sermos capazes de distinguir milh\u00f5es de cores, temos dificuldades de nos lembrar de certos tons.<\/p>\n<p>Isso ocorre porque nosso c\u00e9rebro tende a categorizar as cores por seus tons mais b\u00e1sicos em vez de lembr\u00e1-las como as enxergamos exatamente. Desta forma, um objeto turquesa ser\u00e1 lembrado como azul ou verde, assim como um objeto coral ser\u00e1 lembrado como rosa ou laranja.<\/p>\n<p>Publicada no peri\u00f3dico Journal of Experimental Psycology:General, a pesquisa contou com a participa\u00e7\u00e3o de cientistas da Universidade da Calif\u00f3rnia, da Universidade da Pensilv\u00e2nia e da Universidade Rutgers.<\/p>\n<h3>Tons b\u00e1sicos<\/h3>\n<p>Os pesquisadores realizaram uma s\u00e9rie de testes. No primeiro, pediram que volunt\u00e1rios analisassem um carrossel contendo 180 tons de cores e pediram para escolhessem os melhores exemplos de azul, rosa, verde, roxo, laranja e amarelo.<\/p>\n<p>Depois, os participantes foram divididos em grupos. Foi pedido a eles que guardassem na mem\u00f3ria um quadrado colorido, que foi exibido por um d\u00e9cimo de segundo. Em seguida, eles olharam para uma tela vazia por menos de um segundo.<\/p>\n<p>Por fim, tiveram de encontrar a cor exibida no quadrado no carrossel de cores. Os volunt\u00e1rios demonstraram uma tend\u00eancia de escolher os tons mais b\u00e1sicos.<\/p>\n<p>Segundo o estudo, isso revela muito sobre nossa mem\u00f3ria visual. Quando nos deparamos com uma grande variedade de algo, como cores, animais ou rostos, tendemos a nos lembrar de suas caracter\u00edsticas mais b\u00e1sicas.<\/p>\n<p>Isso n\u00e3o quer dizer que nosso c\u00e9rebro n\u00e3o tenha &#8220;espa\u00e7o&#8221; para armazenar milhares de op\u00e7\u00f5es, explicaram os pesquisadores, mas sim que a mente tenta associar detalhes mais precisos a categorias determinadas por nossa linguagem.<\/p>\n","protected":false},"excerpt":{"rendered":"<p>Voc\u00ea j\u00e1 tentou encontrar, em uma cartela de cores de uma loja de tintas, aquele<\/p>\n","protected":false},"author":2,"featured_media":22453,"comment_status":"open","ping_status":"open","sticky":false,"template":"","format":"standard","meta":[],"categories":[],"tags":[],"uagb_featured_image_src":{"full":["https:\/\/espacoecologico.com.br\/arquivo\/wp-content\/uploads\/2015\/06\/cores.jpg",415,265,false],"thumbnail":["https:\/\/espacoecologico.com.br\/arquivo\/wp-content\/uploads\/2015\/06\/cores-150x150.jpg",150,150,true],"medium":["https:\/\/espacoecologico.com.br\/arquivo\/wp-content\/uploads\/2015\/06\/cores-300x192.jpg",300,192,true],"medium_large":["https:\/\/espacoecologico.com.br\/arquivo\/wp-content\/uploads\/2015\/06\/cores.jpg",415,265,false],"large":["https:\/\/espacoecologico.com.br\/arquivo\/wp-content\/uploads\/2015\/06\/cores.jpg",415,265,false],"1536x1536":["https:\/\/espacoecologico.com.br\/arquivo\/wp-content\/uploads\/2015\/06\/cores.jpg",415,265,false],"2048x2048":["https:\/\/espacoecologico.com.br\/arquivo\/wp-content\/uploads\/2015\/06\/cores.jpg",415,265,false],"cream-magazine-thumbnail-2":["https:\/\/espacoecologico.com.br\/arquivo\/wp-content\/uploads\/2015\/06\/cores.jpg",415,265,false],"cream-magazine-thumbnail-3":["https:\/\/espacoecologico.com.br\/arquivo\/wp-content\/uploads\/2015\/06\/cores.jpg",415,265,false],"cream-magazine-thumbnail-4":["https:\/\/espacoecologico.com.br\/arquivo\/wp-content\/uploads\/2015\/06\/cores.jpg",415,265,false]},"uagb_author_info":{"display_name":"","author_link":"https:\/\/espacoecologico.com.br\/arquivo\/author\/"},"uagb_comment_info":0,"uagb_excerpt":"Voc\u00ea j\u00e1 tentou encontrar, em uma cartela de cores de uma loja de tintas, aquele","_links":{"self":[{"href":"https:\/\/espacoecologico.com.br\/arquivo\/wp-json\/wp\/v2\/posts\/22452"}],"collection":[{"href":"https:\/\/espacoecologico.com.br\/arquivo\/wp-json\/wp\/v2\/posts"}],"about":[{"href":"https:\/\/espacoecologico.com.br\/arquivo\/wp-json\/wp\/v2\/types\/post"}],"author":[{"embeddable":true,"href":"https:\/\/espacoecologico.com.br\/arquivo\/wp-json\/wp\/v2\/users\/2"}],"replies":[{"embeddable":true,"href":"https:\/\/espacoecologico.com.br\/arquivo\/wp-json\/wp\/v2\/comments?post=22452"}],"version-history":[{"count":0,"href":"https:\/\/espacoecologico.com.br\/arquivo\/wp-json\/wp\/v2\/posts\/22452\/revisions"}],"wp:featuredmedia":[{"embeddable":true,"href":"https:\/\/espacoecologico.com.br\/arquivo\/wp-json\/wp\/v2\/media\/22453"}],"wp:attachment":[{"href":"https:\/\/espacoecologico.com.br\/arquivo\/wp-json\/wp\/v2\/media?parent=22452"}],"wp:term":[{"taxonomy":"category","embeddable":true,"href":"https:\/\/espacoecologico.com.br\/arquivo\/wp-json\/wp\/v2\/categories?post=22452"},{"taxonomy":"post_tag","embeddable":true,"href":"https:\/\/espacoecologico.com.br\/arquivo\/wp-json\/wp\/v2\/tags?post=22452"}],"curies":[{"name":"wp","href":"https:\/\/api.w.org\/{rel}","templated":true}]}}