{"id":22444,"date":"2015-06-07T13:00:19","date_gmt":"2015-06-07T13:00:19","guid":{"rendered":"https:\/\/espacoecologico.com.br\/arquivo\/?p=22444"},"modified":"2015-06-07T00:59:21","modified_gmt":"2015-06-07T00:59:21","slug":"alunos-de-engenharia-quimica-desenvolvem-cimento-feito-de-fibra-de-curaua","status":"publish","type":"post","link":"https:\/\/espacoecologico.com.br\/arquivo\/alunos-de-engenharia-quimica-desenvolvem-cimento-feito-de-fibra-de-curaua\/","title":{"rendered":"Alunos de Engenharia Qu\u00edmica desenvolvem cimento feito de fibra de curau\u00e1"},"content":{"rendered":"<p><span id=\"conteudo\"><em><a href=\"https:\/\/espacoecologico.com.br\/arquivo\/wp-content\/uploads\/2015\/06\/caraua.jpg\"><img loading=\"lazy\" class=\"alignleft size-medium wp-image-22445\" src=\"https:\/\/espacoecologico.com.br\/arquivo\/wp-content\/uploads\/2015\/06\/caraua-300x192.jpg\" alt=\"caraua\" width=\"300\" height=\"192\" srcset=\"https:\/\/espacoecologico.com.br\/arquivo\/wp-content\/uploads\/2015\/06\/caraua-300x192.jpg 300w, https:\/\/espacoecologico.com.br\/arquivo\/wp-content\/uploads\/2015\/06\/caraua.jpg 415w\" sizes=\"(max-width: 300px) 100vw, 300px\" \/><\/a>Por\u00a0Juliana Maya<\/em><\/span><\/p>\n<p>Dando continuidade \u00e0 s\u00e9rie de entrevistas especiais sobre Meio Ambiente, o Tarde Nacional\u00a0 falou sobre um projeto que combina inova\u00e7\u00e3o, criatividade e desenvolvimento sustent\u00e1vel.<\/p>\n<p>Desenvolvido por alunos do curso de Engenharia Qu\u00edmica da Universidade Federal do Amazonas (UFAM), o <strong>cimento<\/strong> \u00e9 feito a partir das <strong>fibras do <a href=\"http:\/\/pt.wikipedia.org\/wiki\/Curau%C3%A1\" target=\"_blank\">curau\u00e1<\/a><\/strong>, fruto t\u00edpico da Amaz\u00f4nia, semelhante ao abacaxi, mas por ser mais fibroso, n\u00e3o \u00e9 pr\u00f3prio para consumo.<\/p>\n<p>Em entrevista ao Tarde Nacional, Johnson Pontes de Moura, professor da UFAM, explicou aos ouvintes da R\u00e1dio Nacional da Amaz\u00f4nia quais as vantagens do uso desse material alternativo na constru\u00e7\u00e3o civil. Segundo o professor, o<strong> cimento de curau\u00e1 <\/strong>\u00e9 at\u00e9 25% mais resistente e produz, em m\u00e9dia, 45% menos res\u00edduos poluentes que o cimento tradicional.<\/p>\n<p>Confira a entrevista <a href=\"http:\/\/www.ebc.com.br\/noticias\/meio-ambiente\/2015\/06\/alunos-desenvolvem-cimento-feito-de-fibra-de-curaua\" target=\"_blank\">aqui<\/a><\/p>\n<p>&nbsp;<\/p>\n","protected":false},"excerpt":{"rendered":"<p>Por\u00a0Juliana Maya Dando continuidade \u00e0 s\u00e9rie de entrevistas especiais sobre Meio Ambiente, o Tarde Nacional\u00a0<\/p>\n","protected":false},"author":2,"featured_media":22445,"comment_status":"open","ping_status":"open","sticky":false,"template":"","format":"standard","meta":[],"categories":[],"tags":[],"uagb_featured_image_src":{"full":["https:\/\/espacoecologico.com.br\/arquivo\/wp-content\/uploads\/2015\/06\/caraua.jpg",415,265,false],"thumbnail":["https:\/\/espacoecologico.com.br\/arquivo\/wp-content\/uploads\/2015\/06\/caraua-150x150.jpg",150,150,true],"medium":["https:\/\/espacoecologico.com.br\/arquivo\/wp-content\/uploads\/2015\/06\/caraua-300x192.jpg",300,192,true],"medium_large":["https:\/\/espacoecologico.com.br\/arquivo\/wp-content\/uploads\/2015\/06\/caraua.jpg",415,265,false],"large":["https:\/\/espacoecologico.com.br\/arquivo\/wp-content\/uploads\/2015\/06\/caraua.jpg",415,265,false],"1536x1536":["https:\/\/espacoecologico.com.br\/arquivo\/wp-content\/uploads\/2015\/06\/caraua.jpg",415,265,false],"2048x2048":["https:\/\/espacoecologico.com.br\/arquivo\/wp-content\/uploads\/2015\/06\/caraua.jpg",415,265,false],"cream-magazine-thumbnail-2":["https:\/\/espacoecologico.com.br\/arquivo\/wp-content\/uploads\/2015\/06\/caraua.jpg",415,265,false],"cream-magazine-thumbnail-3":["https:\/\/espacoecologico.com.br\/arquivo\/wp-content\/uploads\/2015\/06\/caraua.jpg",415,265,false],"cream-magazine-thumbnail-4":["https:\/\/espacoecologico.com.br\/arquivo\/wp-content\/uploads\/2015\/06\/caraua.jpg",415,265,false]},"uagb_author_info":{"display_name":"","author_link":"https:\/\/espacoecologico.com.br\/arquivo\/author\/"},"uagb_comment_info":0,"uagb_excerpt":"Por\u00a0Juliana Maya Dando continuidade \u00e0 s\u00e9rie de entrevistas especiais sobre Meio Ambiente, o Tarde Nacional\u00a0","_links":{"self":[{"href":"https:\/\/espacoecologico.com.br\/arquivo\/wp-json\/wp\/v2\/posts\/22444"}],"collection":[{"href":"https:\/\/espacoecologico.com.br\/arquivo\/wp-json\/wp\/v2\/posts"}],"about":[{"href":"https:\/\/espacoecologico.com.br\/arquivo\/wp-json\/wp\/v2\/types\/post"}],"author":[{"embeddable":true,"href":"https:\/\/espacoecologico.com.br\/arquivo\/wp-json\/wp\/v2\/users\/2"}],"replies":[{"embeddable":true,"href":"https:\/\/espacoecologico.com.br\/arquivo\/wp-json\/wp\/v2\/comments?post=22444"}],"version-history":[{"count":0,"href":"https:\/\/espacoecologico.com.br\/arquivo\/wp-json\/wp\/v2\/posts\/22444\/revisions"}],"wp:featuredmedia":[{"embeddable":true,"href":"https:\/\/espacoecologico.com.br\/arquivo\/wp-json\/wp\/v2\/media\/22445"}],"wp:attachment":[{"href":"https:\/\/espacoecologico.com.br\/arquivo\/wp-json\/wp\/v2\/media?parent=22444"}],"wp:term":[{"taxonomy":"category","embeddable":true,"href":"https:\/\/espacoecologico.com.br\/arquivo\/wp-json\/wp\/v2\/categories?post=22444"},{"taxonomy":"post_tag","embeddable":true,"href":"https:\/\/espacoecologico.com.br\/arquivo\/wp-json\/wp\/v2\/tags?post=22444"}],"curies":[{"name":"wp","href":"https:\/\/api.w.org\/{rel}","templated":true}]}}