{"id":22436,"date":"2015-06-07T11:00:05","date_gmt":"2015-06-07T11:00:05","guid":{"rendered":"https:\/\/espacoecologico.com.br\/arquivo\/?p=22436"},"modified":"2015-06-07T00:11:31","modified_gmt":"2015-06-07T00:11:31","slug":"maestro-baiano-cria-instrumentos-musicais-a-partir-do-tronco-do-sisal","status":"publish","type":"post","link":"https:\/\/espacoecologico.com.br\/arquivo\/maestro-baiano-cria-instrumentos-musicais-a-partir-do-tronco-do-sisal\/","title":{"rendered":"Maestro baiano cria instrumentos musicais a partir do tronco do sisal"},"content":{"rendered":"<div id=\"materia-letra\" class=\"materia-conteudo entry-content\">\n<div><a href=\"https:\/\/espacoecologico.com.br\/arquivo\/wp-content\/uploads\/2015\/06\/som_sisal.jpg\"><img loading=\"lazy\" class=\"alignleft size-medium wp-image-22437\" src=\"https:\/\/espacoecologico.com.br\/arquivo\/wp-content\/uploads\/2015\/06\/som_sisal-300x192.jpg\" alt=\"\" width=\"300\" height=\"192\" srcset=\"https:\/\/espacoecologico.com.br\/arquivo\/wp-content\/uploads\/2015\/06\/som_sisal-300x192.jpg 300w, https:\/\/espacoecologico.com.br\/arquivo\/wp-content\/uploads\/2015\/06\/som_sisal.jpg 415w\" sizes=\"(max-width: 300px) 100vw, 300px\" \/><\/a>O sisal \u00e9 muito usado para fazer artesanato, mas, em Concei\u00e7\u00e3o do Coit\u00e9, na Bahia, o material ganhou outra fun\u00e7\u00e3o. O maestro Josevaldo Silva teve a ideia de transformar a mat\u00e9ria-prima em instrumentos musicais.<\/p>\n<div id=\"4233679\" class=\"video componente_materia\">\n<div class=\"wm-poster-wrapper\">\n<div class=\"wm-poster-inner-wrapper\">\u2014 A economia de Concei\u00e7\u00e3o de Coit\u00e9 foi baseada, durante muito tempo, no plantio e cultivo do sisal. Ele representa a cultura da cidade \u2014 explica o m\u00fasico.<\/div>\n<\/div>\n<\/div>\n<p>Depois de fazer uma viagem ao Jalap\u00e3o, no Tocantis, e ver um viola feita de buriti, Josevaldo levou a ideia para a Bahia. Atualmente, ele ensina os jovens a fazer e tocar o instrumento, mostrando que o sisal pode ir muito al\u00e9m do que se v\u00ea nas planta\u00e7\u00f5es.<\/p>\n<div class=\"foto componente_materia midia-largura-606\"><img loading=\"lazy\" class=\"\" title=\"Instrumentos musicais feitos com sisal (Foto: Globo)\" src=\"http:\/\/s2.glbimg.com\/xNbNZ4N4ubiUTMa9NezdxDunJhQ=\/s.glbimg.com\/og\/rg\/f\/original\/2015\/06\/05\/sisal_site4_606x455.jpg\" alt=\"Instrumentos musicais feitos com sisal (Foto: Globo)\" width=\"639\" height=\"480\" \/><\/div>\n<div class=\"foto componente_materia midia-largura-606\"><strong>Jovens aprendem a tocar\u00a0com instrumentos feitos a partir do tronco do sisal (Foto: Globo)<\/strong><\/div>\n<\/div>\n<\/div>\n","protected":false},"excerpt":{"rendered":"<p>O sisal \u00e9 muito usado para fazer artesanato, mas, em Concei\u00e7\u00e3o do Coit\u00e9, na Bahia,<\/p>\n","protected":false},"author":2,"featured_media":22437,"comment_status":"open","ping_status":"open","sticky":false,"template":"","format":"standard","meta":[],"categories":[],"tags":[],"uagb_featured_image_src":{"full":["https:\/\/espacoecologico.com.br\/arquivo\/wp-content\/uploads\/2015\/06\/som_sisal.jpg",415,265,false],"thumbnail":["https:\/\/espacoecologico.com.br\/arquivo\/wp-content\/uploads\/2015\/06\/som_sisal-150x150.jpg",150,150,true],"medium":["https:\/\/espacoecologico.com.br\/arquivo\/wp-content\/uploads\/2015\/06\/som_sisal-300x192.jpg",300,192,true],"medium_large":["https:\/\/espacoecologico.com.br\/arquivo\/wp-content\/uploads\/2015\/06\/som_sisal.jpg",415,265,false],"large":["https:\/\/espacoecologico.com.br\/arquivo\/wp-content\/uploads\/2015\/06\/som_sisal.jpg",415,265,false],"1536x1536":["https:\/\/espacoecologico.com.br\/arquivo\/wp-content\/uploads\/2015\/06\/som_sisal.jpg",415,265,false],"2048x2048":["https:\/\/espacoecologico.com.br\/arquivo\/wp-content\/uploads\/2015\/06\/som_sisal.jpg",415,265,false],"cream-magazine-thumbnail-2":["https:\/\/espacoecologico.com.br\/arquivo\/wp-content\/uploads\/2015\/06\/som_sisal.jpg",415,265,false],"cream-magazine-thumbnail-3":["https:\/\/espacoecologico.com.br\/arquivo\/wp-content\/uploads\/2015\/06\/som_sisal.jpg",415,265,false],"cream-magazine-thumbnail-4":["https:\/\/espacoecologico.com.br\/arquivo\/wp-content\/uploads\/2015\/06\/som_sisal.jpg",415,265,false]},"uagb_author_info":{"display_name":"","author_link":"https:\/\/espacoecologico.com.br\/arquivo\/author\/"},"uagb_comment_info":0,"uagb_excerpt":"O sisal \u00e9 muito usado para fazer artesanato, mas, em Concei\u00e7\u00e3o do Coit\u00e9, na Bahia,","_links":{"self":[{"href":"https:\/\/espacoecologico.com.br\/arquivo\/wp-json\/wp\/v2\/posts\/22436"}],"collection":[{"href":"https:\/\/espacoecologico.com.br\/arquivo\/wp-json\/wp\/v2\/posts"}],"about":[{"href":"https:\/\/espacoecologico.com.br\/arquivo\/wp-json\/wp\/v2\/types\/post"}],"author":[{"embeddable":true,"href":"https:\/\/espacoecologico.com.br\/arquivo\/wp-json\/wp\/v2\/users\/2"}],"replies":[{"embeddable":true,"href":"https:\/\/espacoecologico.com.br\/arquivo\/wp-json\/wp\/v2\/comments?post=22436"}],"version-history":[{"count":0,"href":"https:\/\/espacoecologico.com.br\/arquivo\/wp-json\/wp\/v2\/posts\/22436\/revisions"}],"wp:featuredmedia":[{"embeddable":true,"href":"https:\/\/espacoecologico.com.br\/arquivo\/wp-json\/wp\/v2\/media\/22437"}],"wp:attachment":[{"href":"https:\/\/espacoecologico.com.br\/arquivo\/wp-json\/wp\/v2\/media?parent=22436"}],"wp:term":[{"taxonomy":"category","embeddable":true,"href":"https:\/\/espacoecologico.com.br\/arquivo\/wp-json\/wp\/v2\/categories?post=22436"},{"taxonomy":"post_tag","embeddable":true,"href":"https:\/\/espacoecologico.com.br\/arquivo\/wp-json\/wp\/v2\/tags?post=22436"}],"curies":[{"name":"wp","href":"https:\/\/api.w.org\/{rel}","templated":true}]}}