{"id":22431,"date":"2015-06-07T10:00:50","date_gmt":"2015-06-07T10:00:50","guid":{"rendered":"https:\/\/espacoecologico.com.br\/arquivo\/?p=22431"},"modified":"2015-06-07T01:52:45","modified_gmt":"2015-06-07T01:52:45","slug":"aranha-brasileira-causa-panico-e-fecha-supermercado-no-norte-da-inglaterra","status":"publish","type":"post","link":"https:\/\/espacoecologico.com.br\/arquivo\/aranha-brasileira-causa-panico-e-fecha-supermercado-no-norte-da-inglaterra\/","title":{"rendered":"Aranha &#8216;brasileira&#8217; causa p\u00e2nico e fecha supermercado no norte da Inglaterra"},"content":{"rendered":"<p><a href=\"https:\/\/espacoecologico.com.br\/arquivo\/wp-content\/uploads\/2015\/06\/aranha_brasileira.jpg\"><img loading=\"lazy\" class=\"alignleft size-medium wp-image-22432\" src=\"https:\/\/espacoecologico.com.br\/arquivo\/wp-content\/uploads\/2015\/06\/aranha_brasileira-300x192.jpg\" alt=\"\" width=\"300\" height=\"192\" srcset=\"https:\/\/espacoecologico.com.br\/arquivo\/wp-content\/uploads\/2015\/06\/aranha_brasileira-300x192.jpg 300w, https:\/\/espacoecologico.com.br\/arquivo\/wp-content\/uploads\/2015\/06\/aranha_brasileira.jpg 415w\" sizes=\"(max-width: 300px) 100vw, 300px\" \/><\/a>ha,brasileira,p\u00e2nicoA reputa\u00e7\u00e3o de uma aranha &#8220;brasileira&#8221; provocou p\u00e2nico e o fechamento de um supermercado no norte da Inglaterra na sexta-feira.<\/p>\n<p>Tudo por causa da descoberta de ovos em um cacho de bananas que Keith Hobbs ganhou do sogro e da sogra. As frutas foram comprada na filial da rede de supermercados Aldi na cidade de Hinckley, e tinham sido importadas da Am\u00e9rica Central.<\/p>\n<p><strong>P\u00e2nico<\/strong><br \/>\nAo contactar uma ag\u00eancia do governo especializada em insetos e invertebrados, Hobbs disse ter sido informado que poderia ser ovos da aranha-armadeira, uma esp\u00e9cie conhecida pelo veneno que pode matar seres humanos em apenas duas horas nos casos mais extremos.<\/p>\n<p>Apesar de n\u00e3o ser exclusiva do Brasil, a Phoneutria fera \u00e9 popularmente descrita como a Aranha Errante Brasileira.<\/p>\n<p>Hobbs, a mulher e os quatro filhos sa\u00edram as pressas de sua casa e foram para um hotel, enquanto autoridades de sa\u00fade fecharam o supermercado para tentar encontrar aracn\u00eddeos.<\/p>\n<p>&#8220;Tivemos que dormir num hotel porque est\u00e1vamos apavorados&#8221;, contou ele ao jornal The Sun.<\/p>\n<p>A loja foi reaberta ainda na sexta-feira, depois peritos n\u00e3o terem encontrado nenhum animal e de an\u00e1lises dos ovos revelarem que n\u00e3o se tratava de poss\u00edveis filhotes de aranha-armadeira.<\/p>\n<p>Ao contr\u00e1rio de outros aracn\u00eddeos, a armadeira n\u00e3o constr\u00f3i teias para capturar suas presas. Ela ca\u00e7a andando pelo ch\u00e3o de florestas tropicais. Suas pernas podem chegar a 15cm de comprimento.<\/p>\n<p>Por precau\u00e7\u00e3o, a casa da fam\u00edlia Hobbs foi dedetizada.<\/p>\n<p>O susto se justifica, pois o que foi apenas um susto para a fam\u00edlia Hobbs teve contornos bem mais dram\u00e1ticos para outros brit\u00e2nicos em v\u00e1rios outros casos envolvendo a aranha: em mar\u00e7o, por exemplo, uma dona de casa precisou chamar servi\u00e7os de emerg\u00eancia quando ovos de armadeira num cacho de bananas comprado em um supermercado de Londres come\u00e7aram a chocar em sua cozinha.<\/p>\n","protected":false},"excerpt":{"rendered":"<p>ha,brasileira,p\u00e2nicoA reputa\u00e7\u00e3o de uma aranha &#8220;brasileira&#8221; provocou p\u00e2nico e o fechamento de um supermercado no<\/p>\n","protected":false},"author":2,"featured_media":22432,"comment_status":"open","ping_status":"open","sticky":false,"template":"","format":"standard","meta":[],"categories":[],"tags":[],"uagb_featured_image_src":{"full":["https:\/\/espacoecologico.com.br\/arquivo\/wp-content\/uploads\/2015\/06\/aranha_brasileira.jpg",415,265,false],"thumbnail":["https:\/\/espacoecologico.com.br\/arquivo\/wp-content\/uploads\/2015\/06\/aranha_brasileira-150x150.jpg",150,150,true],"medium":["https:\/\/espacoecologico.com.br\/arquivo\/wp-content\/uploads\/2015\/06\/aranha_brasileira-300x192.jpg",300,192,true],"medium_large":["https:\/\/espacoecologico.com.br\/arquivo\/wp-content\/uploads\/2015\/06\/aranha_brasileira.jpg",415,265,false],"large":["https:\/\/espacoecologico.com.br\/arquivo\/wp-content\/uploads\/2015\/06\/aranha_brasileira.jpg",415,265,false],"1536x1536":["https:\/\/espacoecologico.com.br\/arquivo\/wp-content\/uploads\/2015\/06\/aranha_brasileira.jpg",415,265,false],"2048x2048":["https:\/\/espacoecologico.com.br\/arquivo\/wp-content\/uploads\/2015\/06\/aranha_brasileira.jpg",415,265,false],"cream-magazine-thumbnail-2":["https:\/\/espacoecologico.com.br\/arquivo\/wp-content\/uploads\/2015\/06\/aranha_brasileira.jpg",415,265,false],"cream-magazine-thumbnail-3":["https:\/\/espacoecologico.com.br\/arquivo\/wp-content\/uploads\/2015\/06\/aranha_brasileira.jpg",415,265,false],"cream-magazine-thumbnail-4":["https:\/\/espacoecologico.com.br\/arquivo\/wp-content\/uploads\/2015\/06\/aranha_brasileira.jpg",415,265,false]},"uagb_author_info":{"display_name":"","author_link":"https:\/\/espacoecologico.com.br\/arquivo\/author\/"},"uagb_comment_info":0,"uagb_excerpt":"ha,brasileira,p\u00e2nicoA reputa\u00e7\u00e3o de uma aranha &#8220;brasileira&#8221; provocou p\u00e2nico e o fechamento de um supermercado no","_links":{"self":[{"href":"https:\/\/espacoecologico.com.br\/arquivo\/wp-json\/wp\/v2\/posts\/22431"}],"collection":[{"href":"https:\/\/espacoecologico.com.br\/arquivo\/wp-json\/wp\/v2\/posts"}],"about":[{"href":"https:\/\/espacoecologico.com.br\/arquivo\/wp-json\/wp\/v2\/types\/post"}],"author":[{"embeddable":true,"href":"https:\/\/espacoecologico.com.br\/arquivo\/wp-json\/wp\/v2\/users\/2"}],"replies":[{"embeddable":true,"href":"https:\/\/espacoecologico.com.br\/arquivo\/wp-json\/wp\/v2\/comments?post=22431"}],"version-history":[{"count":0,"href":"https:\/\/espacoecologico.com.br\/arquivo\/wp-json\/wp\/v2\/posts\/22431\/revisions"}],"wp:featuredmedia":[{"embeddable":true,"href":"https:\/\/espacoecologico.com.br\/arquivo\/wp-json\/wp\/v2\/media\/22432"}],"wp:attachment":[{"href":"https:\/\/espacoecologico.com.br\/arquivo\/wp-json\/wp\/v2\/media?parent=22431"}],"wp:term":[{"taxonomy":"category","embeddable":true,"href":"https:\/\/espacoecologico.com.br\/arquivo\/wp-json\/wp\/v2\/categories?post=22431"},{"taxonomy":"post_tag","embeddable":true,"href":"https:\/\/espacoecologico.com.br\/arquivo\/wp-json\/wp\/v2\/tags?post=22431"}],"curies":[{"name":"wp","href":"https:\/\/api.w.org\/{rel}","templated":true}]}}