{"id":22417,"date":"2015-06-06T16:33:14","date_gmt":"2015-06-06T16:33:14","guid":{"rendered":"https:\/\/espacoecologico.com.br\/arquivo\/?p=22417"},"modified":"2015-06-06T16:33:14","modified_gmt":"2015-06-06T16:33:14","slug":"brasil-desperdica-r-8-bilhoes-por-ano-em-oportunidades-de-reciclagem","status":"publish","type":"post","link":"https:\/\/espacoecologico.com.br\/arquivo\/brasil-desperdica-r-8-bilhoes-por-ano-em-oportunidades-de-reciclagem\/","title":{"rendered":"Brasil desperdi\u00e7a R$ 8 bilh\u00f5es por ano em oportunidades de reciclagem"},"content":{"rendered":"<p><a href=\"https:\/\/espacoecologico.com.br\/arquivo\/wp-content\/uploads\/2015\/06\/reciclagem.jpg\"><img loading=\"lazy\" class=\"alignleft size-medium wp-image-22418\" src=\"https:\/\/espacoecologico.com.br\/arquivo\/wp-content\/uploads\/2015\/06\/reciclagem-300x192.jpg\" alt=\"\" width=\"300\" height=\"192\" srcset=\"https:\/\/espacoecologico.com.br\/arquivo\/wp-content\/uploads\/2015\/06\/reciclagem-300x192.jpg 300w, https:\/\/espacoecologico.com.br\/arquivo\/wp-content\/uploads\/2015\/06\/reciclagem.jpg 415w\" sizes=\"(max-width: 300px) 100vw, 300px\" \/><\/a>Para falar do Dia Mundial do Meio Ambiente, comemorado nesta sexta-feira (5), o Jornal Nacional visitou uma exposi\u00e7\u00e3o sobre reciclagem no Parque do Ibirapuera, em <a class=\"premium-tip\" href=\"http:\/\/g1.globo.com\/sp\/sao-paulo\/cidade\/sao-paulo.html\">S\u00e3o Paulo<\/a>. E no caminho para essa mostra, a gente percebeu que os brasileiros ainda precisam aprender muito sobre como descartar o lixo.<\/p>\n<p>Oca: a casa de grandes exposi\u00e7\u00f5es da cidade de S\u00e3o Paulo. S\u00f3 que, na mais recene delas, o assunto de dentro parece n\u00e3o dialogar muito com a realidade de fora. Porque ao ar livre, a garrafa de vidro \u00e9 sujeira &#8211; na exposi\u00e7\u00e3o, ela \u00e9 material 100% recicl\u00e1vel.<\/p>\n<p>\u201cQuando a gente joga o lixo fora, se a gente n\u00e3o descarta de forma adequada, ele volta pra gente porque ele continua nesse nosso mundo\u201d disse Simone Vetri, idealizadora da exposi\u00e7\u00e3o.<\/p>\n<p>Pena que a lixeira de materiais recicl\u00e1veis do lado de fora n\u00e3o \u00e9 como essas que a gente encontrou na exposi\u00e7\u00e3o.<\/p>\n<p>\u00c9 uma brincadeira que passa uma mensagem bastante importante: voc\u00ea escolhe um elemento que representa um material espec\u00edfico, por exemplo, pl\u00e1stico. A\u00ed, voc\u00ea tem duas simula\u00e7\u00f5es de lixeiras: uma para material reciclado, e outra n\u00e3o. Se acertar a destina\u00e7\u00e3o, vem na tela uma mensagem com os dados dos benef\u00edcios para o meio ambiente e para o seu bolso. Mas, se por um acaso a gente coloca um produto reciclado numa lixeira comum, ela d\u00e1 uma bronca, come\u00e7a a fazer um barulh\u00e3o e devolve aquilo que a gente jogou no lugar errado at\u00e9 acertar o alvo.<\/p>\n<p>O Brasil desperdi\u00e7a R$ 8 bilh\u00f5es por ano perdendo as oportunidades de reciclagem, como os restos de papel no gramado do parque que n\u00e3o tiveram a sorte das 3 toneladas que iam para o lixo e viraram obra de arte, bem do lado do gigantesco p\u00f4ster de folhetos do metr\u00f4 de Londres da d\u00e9cada de 1990.<\/p>\n<p>\u201cEles voltaram com a hist\u00f3ria, trouxeram a arte da hist\u00f3ria passada e conseguiram manter isso da\u00ed pra criar uma arte\u201d, disse Robson Falco, estudante de arquitetura.<\/p>\n<p>L\u00e1 fora, quem jogou a garrafa pet em qualquer lugar deve desconhecer o processo que tritura a pet usada, lava, derrete, processa e transforma numa outra brilhando de nova.<\/p>\n<p>\u201cEu acho que \u00e9 legal porque ele mostra tudo que faz\u201d, disse Mariana Amorim, 10 anos.<\/p>\n<p>Se voc\u00ea parar para pensar, a pilha mostrada no v\u00eddeo \u00e9 a quantidade de lixo que a sua fam\u00edlia pode produzir em uma semana. Voc\u00ea vai se surpreender com o resultado.<\/p>\n<p>\u201cEu t\u00f4 com vergonha\u201d, brinca um visitante.<\/p>\n<p>Ah, e tem um detalhe: todos estandes s\u00e3o feitos de papel\u00e3o atr\u00e1s e folhas de madeira na frente \u2013 98% de tudo que se v\u00ea na exposi\u00e7\u00e3o deve ser reciclado ou reutilizado, porque nela a gente aprende que \u00e9 tamb\u00e9m na base do exemplo que se recicla o jeito de pensar de uma popula\u00e7\u00e3o.<\/p>\n","protected":false},"excerpt":{"rendered":"<p>Para falar do Dia Mundial do Meio Ambiente, comemorado nesta sexta-feira (5), o Jornal Nacional<\/p>\n","protected":false},"author":2,"featured_media":22418,"comment_status":"open","ping_status":"open","sticky":false,"template":"","format":"standard","meta":[],"categories":[],"tags":[],"uagb_featured_image_src":{"full":["https:\/\/espacoecologico.com.br\/arquivo\/wp-content\/uploads\/2015\/06\/reciclagem.jpg",415,265,false],"thumbnail":["https:\/\/espacoecologico.com.br\/arquivo\/wp-content\/uploads\/2015\/06\/reciclagem-150x150.jpg",150,150,true],"medium":["https:\/\/espacoecologico.com.br\/arquivo\/wp-content\/uploads\/2015\/06\/reciclagem-300x192.jpg",300,192,true],"medium_large":["https:\/\/espacoecologico.com.br\/arquivo\/wp-content\/uploads\/2015\/06\/reciclagem.jpg",415,265,false],"large":["https:\/\/espacoecologico.com.br\/arquivo\/wp-content\/uploads\/2015\/06\/reciclagem.jpg",415,265,false],"1536x1536":["https:\/\/espacoecologico.com.br\/arquivo\/wp-content\/uploads\/2015\/06\/reciclagem.jpg",415,265,false],"2048x2048":["https:\/\/espacoecologico.com.br\/arquivo\/wp-content\/uploads\/2015\/06\/reciclagem.jpg",415,265,false],"cream-magazine-thumbnail-2":["https:\/\/espacoecologico.com.br\/arquivo\/wp-content\/uploads\/2015\/06\/reciclagem.jpg",415,265,false],"cream-magazine-thumbnail-3":["https:\/\/espacoecologico.com.br\/arquivo\/wp-content\/uploads\/2015\/06\/reciclagem.jpg",415,265,false],"cream-magazine-thumbnail-4":["https:\/\/espacoecologico.com.br\/arquivo\/wp-content\/uploads\/2015\/06\/reciclagem.jpg",415,265,false]},"uagb_author_info":{"display_name":"","author_link":"https:\/\/espacoecologico.com.br\/arquivo\/author\/"},"uagb_comment_info":0,"uagb_excerpt":"Para falar do Dia Mundial do Meio Ambiente, comemorado nesta sexta-feira (5), o Jornal Nacional","_links":{"self":[{"href":"https:\/\/espacoecologico.com.br\/arquivo\/wp-json\/wp\/v2\/posts\/22417"}],"collection":[{"href":"https:\/\/espacoecologico.com.br\/arquivo\/wp-json\/wp\/v2\/posts"}],"about":[{"href":"https:\/\/espacoecologico.com.br\/arquivo\/wp-json\/wp\/v2\/types\/post"}],"author":[{"embeddable":true,"href":"https:\/\/espacoecologico.com.br\/arquivo\/wp-json\/wp\/v2\/users\/2"}],"replies":[{"embeddable":true,"href":"https:\/\/espacoecologico.com.br\/arquivo\/wp-json\/wp\/v2\/comments?post=22417"}],"version-history":[{"count":0,"href":"https:\/\/espacoecologico.com.br\/arquivo\/wp-json\/wp\/v2\/posts\/22417\/revisions"}],"wp:featuredmedia":[{"embeddable":true,"href":"https:\/\/espacoecologico.com.br\/arquivo\/wp-json\/wp\/v2\/media\/22418"}],"wp:attachment":[{"href":"https:\/\/espacoecologico.com.br\/arquivo\/wp-json\/wp\/v2\/media?parent=22417"}],"wp:term":[{"taxonomy":"category","embeddable":true,"href":"https:\/\/espacoecologico.com.br\/arquivo\/wp-json\/wp\/v2\/categories?post=22417"},{"taxonomy":"post_tag","embeddable":true,"href":"https:\/\/espacoecologico.com.br\/arquivo\/wp-json\/wp\/v2\/tags?post=22417"}],"curies":[{"name":"wp","href":"https:\/\/api.w.org\/{rel}","templated":true}]}}