{"id":22413,"date":"2015-06-06T15:14:38","date_gmt":"2015-06-06T15:14:38","guid":{"rendered":"https:\/\/espacoecologico.com.br\/arquivo\/?p=22413"},"modified":"2015-06-06T15:14:38","modified_gmt":"2015-06-06T15:14:38","slug":"legislacao-ambiental-mata-atlantica","status":"publish","type":"post","link":"https:\/\/espacoecologico.com.br\/arquivo\/legislacao-ambiental-mata-atlantica\/","title":{"rendered":"Legisla\u00e7\u00e3o Ambiental &#8211; Mata Atl\u00e2ntica"},"content":{"rendered":"<p><img loading=\"lazy\" class=\"\" src=\"http:\/\/cepan.org.br\/img\/cursos\/c53dfa00a9b964fdea2cb8c52f04196f.png\" alt=\"\" width=\"640\" height=\"232\" \/><\/p>\n<p>Dia 15\/06 at\u00e9 16\/06<\/p>\n<p><strong>Dias 15 e 16 de junho de 2015 (das 8h \u00e0s 17:00 horas &#8211;\u00a0<\/strong><strong>Carga hor\u00e1ria total: 16 horas\/aula).<\/strong><\/p>\n<p><strong>\u00a0<\/strong><strong>Local: Centro de Pesquisas Ambientais do Nordeste \u2013 CEPAN (Rua Dom Pedro Henrique 167, Santo Amaro, Recife\/PE)<\/strong><\/p>\n<p><strong><a href=\"http:\/\/goo.gl\/forms\/hgLJSaLdHO\">INSCREVA-SE AQUI<\/a><\/strong><\/p>\n<p><strong>Objetivo:<\/strong><\/p>\n<p>Apresentar a legisla\u00e7\u00e3o que disp\u00f5e sobre a prote\u00e7\u00e3o e a utiliza\u00e7\u00e3o do bioma Mata Atl\u00e2ntica; a Lei da Mata Atl\u00e2ntica, a nova Lei Florestal Federal e a Lei Florestal do Estado de Pernambuco &#8211;\u00a0que orientam a adequa\u00e7\u00e3o ambiental das propriedades rurais localizadas no Bioma Mata Atl\u00e2ntica, al\u00e9m da legisla\u00e7\u00e3o que institui os Sistemas Nacional e Estadual de Unidades de Conserva\u00e7\u00e3o. O curso conciliar\u00e1 aulas expositivas e exerc\u00edcios pr\u00e1ticos, voltados \u00e0 resolu\u00e7\u00e3o de problemas e an\u00e1lise de jurisprud\u00eancia.<\/p>\n<p><strong>P\u00fablico Alvo:<\/strong><\/p>\n<p>Setor p\u00fablico \u2013 secretarias, ag\u00eancias de meio ambiente, \u00f3rg\u00e3os de gest\u00e3o fundi\u00e1ria;<\/p>\n<p>Setor sucroalcooleiro e demais propriet\u00e1rios rurais;<\/p>\n<p>Empresas de consultoria ambiental<\/p>\n<p>Estudantes e pesquisadores que se relacionem com a tem\u00e1tica<\/p>\n<p><strong>Conte\u00fado:<\/strong><\/p>\n<p><a href=\"https:\/\/drive.google.com\/file\/d\/0B-Ncaf093548MWRqYU96NkJYZ0U\/view?usp=sharing\">Baixar programa\u00e7\u00e3o em pdf<\/a>.<strong><br \/>\n<\/strong><\/p>\n<p><strong>Facilitador:<\/strong><\/p>\n<p><strong>Liza Baggio\u00a0&#8211;\u00a0OAB 206.104\/SP<\/strong><\/p>\n<p>Formou-se na Faculdade de Direito de Mar\u00edlia \u2013 Funda\u00e7\u00e3o de Ensino Eur\u00edpedes Soares da Rocha, 2002. \u00c9 mestra em Teoria Geral e Filosofia do Direito, pela Paris X, Nanterre &#8211; Fran\u00e7a(2005). Especialista em Gest\u00e3o, Educa\u00e7\u00e3o e Pol\u00edtica Ambiental, pela Universidade Federal Rural de Pernambuco, 2009. Trabalha atualmente como coordenadora do Departamento de Direito Ambiental do Escrit\u00f3rio Lima\u00a0\u00a0&amp; Falc\u00e3o Advogados,\u00a0e\u00a0presta consultoria para\u00a0entidades ambientais.<\/p>\n<p><strong>Investimento e Inscri\u00e7\u00f5es*:<\/strong><\/p>\n<p>-\u00c0 vista:\u00a0<strong>R$400,00<\/strong><\/p>\n<p>-Parcelado (1+1): Total de\u00a0<strong>R$420,00<\/strong>, sendo a 1\u00aa parcela de\u00a0<strong>R$200,00<\/strong>, referente ao sinal, devendo ser paga at\u00e9 48 horas ap\u00f3s o recebimento de confirma\u00e7\u00e3o da inscri\u00e7\u00e3o por e-mail, e a 2\u00aa parcela de\u00a0<strong>R$220,00<\/strong>\u00a0at\u00e9 o dia 10 de junho.<\/p>\n<p>-Estudante\u00a0(curso t\u00e9cnico\/tecnol\u00f3gico, gradua\u00e7\u00e3o ou p\u00f3s-gradua\u00e7\u00e3o &#8211; sem v\u00ednculo empegat\u00edcio)**: \u00c0\u00a0vista\u00a0<strong>R$300,00<\/strong>\u00a0ou parcelado\u00a0(1+1): Total de\u00a0<strong>R$300,00<\/strong>, \u00a0sendo a\u00a01\u00aa\u00a0parcela de\u00a0<strong>R$150,00<\/strong>\u00a0referente ao sinal, devendo ser paga em at\u00e9 48 horas ap\u00f3s o recebimento da confimar\u00e7\u00e3o da insci\u00e7\u00e3o por e-mail e a\u00a02\u00aa parcela de\u00a0<strong>R$150,00<\/strong><strong>\u00a0<\/strong>\u00a0at\u00e9 o dia 10 de junho.<\/p>\n<p>-Pagamento via Nota de\u00a0Empenho:\u00a0<strong>R$ 420,00<\/strong>\u00a0&#8211; Exclusivo para Funcion\u00e1rios P\u00fablicos (Municipais, Estaduais e Federais):\u00a0<strong>Antes de escolher essa op\u00e7\u00e3o, consulte o setor respons\u00e1vel da sua institui\u00e7\u00e3o sobre essa modalidade de pagamento.<\/strong><\/p>\n<p>O valor inclui al\u00e9m da aulas: material did\u00e1tico, coffee break e certificado de participa\u00e7\u00e3o.<\/p>\n<p><strong><a href=\"http:\/\/goo.gl\/forms\/hgLJSaLdHO\">INSCREVA-SE AQUI<\/a><\/strong><\/p>\n<p>*Pagamento unicamente via dep\u00f3sito ou boleto banc\u00e1rio.<\/p>\n<p>**\u00c9 necess\u00e1rio apresentar o comprovante de matr\u00edcula.\u00a0Esta modalidade de inscri\u00e7\u00e3o possui n\u00famero restrito de vagas.<\/p>\n<p><strong>Informa\u00e7\u00f5es Adicionais:<\/strong><\/p>\n<p>Para mais informa\u00e7\u00f5es sobre o curso, envie uma mensagem pelo endere\u00e7o\u00a0<a href=\"mailto:nucleo@cepan.org.br\">nucleo@cepan.org.br<\/a>\u00a0ou entre em contato com Gabriel Favero \u2013 Coordenador do N\u00facleo de Forma\u00e7\u00e3o em Ci\u00eancia &amp; Tecnologia Ambiental no Nordeste\/Cepan, atrav\u00e9s do telefone: (81)3423-5851.<\/p>\n<p>Fonte: Cepan<\/p>\n<p>&nbsp;<\/p>\n","protected":false},"excerpt":{"rendered":"<p>Dia 15\/06 at\u00e9 16\/06 Dias 15 e 16 de junho de 2015 (das 8h \u00e0s<\/p>\n","protected":false},"author":2,"featured_media":0,"comment_status":"open","ping_status":"open","sticky":false,"template":"","format":"standard","meta":[],"categories":[],"tags":[],"uagb_featured_image_src":{"full":false,"thumbnail":false,"medium":false,"medium_large":false,"large":false,"1536x1536":false,"2048x2048":false,"cream-magazine-thumbnail-2":false,"cream-magazine-thumbnail-3":false,"cream-magazine-thumbnail-4":false},"uagb_author_info":{"display_name":"","author_link":"https:\/\/espacoecologico.com.br\/arquivo\/author\/"},"uagb_comment_info":0,"uagb_excerpt":"Dia 15\/06 at\u00e9 16\/06 Dias 15 e 16 de junho de 2015 (das 8h \u00e0s","_links":{"self":[{"href":"https:\/\/espacoecologico.com.br\/arquivo\/wp-json\/wp\/v2\/posts\/22413"}],"collection":[{"href":"https:\/\/espacoecologico.com.br\/arquivo\/wp-json\/wp\/v2\/posts"}],"about":[{"href":"https:\/\/espacoecologico.com.br\/arquivo\/wp-json\/wp\/v2\/types\/post"}],"author":[{"embeddable":true,"href":"https:\/\/espacoecologico.com.br\/arquivo\/wp-json\/wp\/v2\/users\/2"}],"replies":[{"embeddable":true,"href":"https:\/\/espacoecologico.com.br\/arquivo\/wp-json\/wp\/v2\/comments?post=22413"}],"version-history":[{"count":0,"href":"https:\/\/espacoecologico.com.br\/arquivo\/wp-json\/wp\/v2\/posts\/22413\/revisions"}],"wp:attachment":[{"href":"https:\/\/espacoecologico.com.br\/arquivo\/wp-json\/wp\/v2\/media?parent=22413"}],"wp:term":[{"taxonomy":"category","embeddable":true,"href":"https:\/\/espacoecologico.com.br\/arquivo\/wp-json\/wp\/v2\/categories?post=22413"},{"taxonomy":"post_tag","embeddable":true,"href":"https:\/\/espacoecologico.com.br\/arquivo\/wp-json\/wp\/v2\/tags?post=22413"}],"curies":[{"name":"wp","href":"https:\/\/api.w.org\/{rel}","templated":true}]}}