{"id":22406,"date":"2015-06-06T01:27:55","date_gmt":"2015-06-06T01:27:55","guid":{"rendered":"https:\/\/espacoecologico.com.br\/arquivo\/?p=22406"},"modified":"2015-06-06T01:30:38","modified_gmt":"2015-06-06T01:30:38","slug":"projeto-escola-verde","status":"publish","type":"post","link":"https:\/\/espacoecologico.com.br\/arquivo\/projeto-escola-verde\/","title":{"rendered":"Projeto Escola Verde"},"content":{"rendered":"<h2 class=\"entry-title\"><img loading=\"lazy\" id=\"irc_mi\" class=\"\" src=\"http:\/\/www.escolaverde.univasf.edu.br\/wp-content\/uploads\/2012\/05\/logo.png\" alt=\"\" width=\"640\" height=\"143\" \/><\/h2>\n<h2 class=\"entry-title\">O Projeto<\/h2>\n<ul class=\"xoxo\">\n<li class=\"widget\">\n<div class=\"b_text\">\n<p>A Educa\u00e7\u00e3o Ambiental (EA) pode ser desenvolvida e vivenciada de maneiras diferentes, sobretudo nas escolas, onde o ambiente \u00e9 prop\u00edcio para a aprendizagem, o conhecimento e a mudan\u00e7a de comportamento. Muitas vezes, a promo\u00e7\u00e3o da EA nas escolas \u00e9 dificultada pela pouca instituicionaliza\u00e7\u00e3o da quest\u00e3o ambiental nos Projetos Pol\u00edticos Pedag\u00f3gicos \u2013 PPPs, curr\u00edculos e outros documentos normativos das institui\u00e7\u00f5es; ou pelas limita\u00e7\u00f5es dos professores em desenvolver a tem\u00e1tica ambiental a partir dos conte\u00fados disciplinares; ou pela car\u00eancia de material did\u00e1tico; ou mesmo pela inadequa\u00e7\u00e3o estrutural e ergon\u00f4mica das escolas para o desenvolvimento de pr\u00e1ticas educativas em EA, colaborando para que as institui\u00e7\u00f5es de ensino reproduzam um modelo de comportamento descomprometido com a sustentabilidade socioambiental.<\/p>\n<p>O objetivo central do Projeto Escola Verde (PEV) \u00e9 investigar estas dificuldades e promover a\u00e7\u00f5es no sentido de minimizar os problemas identificados, a partir da participa\u00e7\u00e3o das comunidades escolares.\u00a0Trata-se de uma Pesquisa Aplicada, do tipo Pesquisa-A\u00e7\u00e3o, de car\u00e1ter qualiquantitativo, que est\u00e1 sendo desenvolvida nas escolas de ensino fundamental, m\u00e9dio e superior da regi\u00e3o do Vale do S\u00e3o Francisco. As atividades de pesquisa servem de embasamento e direcionamento das a\u00e7\u00f5es extensivas.<\/p>\n<p>S\u00e3o utilizados Formul\u00e1rios aplicados junto aos gestores escolares, bem como Question\u00e1rios, aplicados junto aos professores, a fim de identificar estas dificuldades. Al\u00e9m de Pesquisa Documental junto aos PPPs e outros documentos que normatizam o funcionamento das institui\u00e7\u00f5es, Observa\u00e7\u00e3o do cotidiano escolar e Registro Fotogr\u00e1fico.<\/p>\n<p>As a\u00e7\u00f5es consistem em realiza\u00e7\u00e3o de Semin\u00e1rios Tem\u00e1ticos Interdisciplinares e Oficinas, visando parte da capacita\u00e7\u00e3o dos professores para a promo\u00e7\u00e3o da EA nas atividades educativas cotidianas; implanta\u00e7\u00e3o de Coleta Seletiva de lixo; arboriza\u00e7\u00e3o das escolas; est\u00edmulo na institucionaliza\u00e7\u00e3o da Educa\u00e7\u00e3o Ambiental, como pr\u00e1tica pedag\u00f3gica interdisciplinar; al\u00e9m de elabora\u00e7\u00e3o de material did\u00e1tico para a EA, a partir da participa\u00e7\u00e3o das comunidades escolares envolvidas no processo.<\/p>\n<p><center><br \/>\n<a href=\"http:\/\/www.escolaverde.univasf.edu.br\/?page_id=63\"><img loading=\"lazy\" title=\"Conhe\u00e7a Nossas A\u00e7\u00f5es Clicando Aqui\" src=\"http:\/\/www.escolaverde.univasf.edu.br\/wp-content\/uploads\/2012\/06\/banner-maisinfo-1024x279.png\" alt=\"\" width=\"600\" height=\"163\" \/><\/a><\/center><center><a href=\"http:\/\/www.escolaverde.univasf.edu.br\/?page_id=2783\"><img loading=\"lazy\" class=\"aligncenter\" title=\"banner-midia\" src=\"http:\/\/www.escolaverde.univasf.edu.br\/wp-content\/uploads\/2012\/06\/banner-midia.png\" alt=\"\" width=\"600\" height=\"163\" \/><\/a><\/center><center><a href=\"http:\/\/www.escolaverde.univasf.edu.br\/mev\/\" target=\"_blank\"><img loading=\"lazy\" class=\"aligncenter size-large\" title=\"Banner Movimento Escola Verde\" src=\"http:\/\/www.escolaverde.univasf.edu.br\/wp-content\/uploads\/2012\/06\/Banner-MovEscolaVerde-1024x279.png\" alt=\"\" width=\"600\" height=\"163\" \/><\/a><\/center><center>Fonte: Escola Verde<\/center>&nbsp;<\/p>\n<\/div>\n<\/li>\n<\/ul>\n","protected":false},"excerpt":{"rendered":"<p>O Projeto A Educa\u00e7\u00e3o Ambiental (EA) pode ser desenvolvida e vivenciada de maneiras diferentes, sobretudo<\/p>\n","protected":false},"author":2,"featured_media":0,"comment_status":"open","ping_status":"open","sticky":false,"template":"","format":"standard","meta":[],"categories":[],"tags":[],"uagb_featured_image_src":{"full":false,"thumbnail":false,"medium":false,"medium_large":false,"large":false,"1536x1536":false,"2048x2048":false,"cream-magazine-thumbnail-2":false,"cream-magazine-thumbnail-3":false,"cream-magazine-thumbnail-4":false},"uagb_author_info":{"display_name":"","author_link":"https:\/\/espacoecologico.com.br\/arquivo\/author\/"},"uagb_comment_info":0,"uagb_excerpt":"O Projeto A Educa\u00e7\u00e3o Ambiental (EA) pode ser desenvolvida e vivenciada de maneiras diferentes, sobretudo","_links":{"self":[{"href":"https:\/\/espacoecologico.com.br\/arquivo\/wp-json\/wp\/v2\/posts\/22406"}],"collection":[{"href":"https:\/\/espacoecologico.com.br\/arquivo\/wp-json\/wp\/v2\/posts"}],"about":[{"href":"https:\/\/espacoecologico.com.br\/arquivo\/wp-json\/wp\/v2\/types\/post"}],"author":[{"embeddable":true,"href":"https:\/\/espacoecologico.com.br\/arquivo\/wp-json\/wp\/v2\/users\/2"}],"replies":[{"embeddable":true,"href":"https:\/\/espacoecologico.com.br\/arquivo\/wp-json\/wp\/v2\/comments?post=22406"}],"version-history":[{"count":0,"href":"https:\/\/espacoecologico.com.br\/arquivo\/wp-json\/wp\/v2\/posts\/22406\/revisions"}],"wp:attachment":[{"href":"https:\/\/espacoecologico.com.br\/arquivo\/wp-json\/wp\/v2\/media?parent=22406"}],"wp:term":[{"taxonomy":"category","embeddable":true,"href":"https:\/\/espacoecologico.com.br\/arquivo\/wp-json\/wp\/v2\/categories?post=22406"},{"taxonomy":"post_tag","embeddable":true,"href":"https:\/\/espacoecologico.com.br\/arquivo\/wp-json\/wp\/v2\/tags?post=22406"}],"curies":[{"name":"wp","href":"https:\/\/api.w.org\/{rel}","templated":true}]}}