{"id":22398,"date":"2015-06-06T01:09:04","date_gmt":"2015-06-06T01:09:04","guid":{"rendered":"https:\/\/espacoecologico.com.br\/arquivo\/?p=22398"},"modified":"2015-06-06T01:09:52","modified_gmt":"2015-06-06T01:09:52","slug":"quando-a-lambida-vira-uma-compulsao-o-corpo-do-pet-sofre-com-feridas","status":"publish","type":"post","link":"https:\/\/espacoecologico.com.br\/arquivo\/quando-a-lambida-vira-uma-compulsao-o-corpo-do-pet-sofre-com-feridas\/","title":{"rendered":"Quando a lambida vira uma compuls\u00e3o, o corpo do pet sofre com feridas"},"content":{"rendered":"<table cellspacing=\"0\" cellpadding=\"0\">\n<tbody>\n<tr>\n<td><img loading=\"lazy\" class=\"\" src=\"http:\/\/revistameupet.com.br\/upload\/imagens_upload\/lambedura.jpg\" alt=\"\" width=\"639\" height=\"425\" \/><\/td>\n<\/tr>\n<tr>\n<td>Lambe-lambe(Foto: Pinterest My Future\/Reprodu\u00e7\u00e3o)<\/td>\n<\/tr>\n<\/tbody>\n<\/table>\n<div class=\"content-box-relacionados\"><\/div>\n<p>Voc\u00ea sabia? Pesquisadores da Escola de Medicina Veterin\u00e1ria Cummings, da Universidade Tufts, em Massachusetts, descobriram que c\u00e3es das ra\u00e7as Dobermann e Pinscher compartilham um gene respons\u00e1vel por desenvolverem transtornos compulsivos, como a <strong>lambedura excessiva<\/strong>.<\/p>\n<p>Lambe-lambe dos gatos<\/p>\n<p>Todo gateiro sabe que esses peludos de longos bigodes adoram se<strong> lamber<\/strong> por horas. Apesar de ser uma atitude natural, os tutores devem ficar atentos a esse h\u00e1bito, que, mesmo t\u00e3o higi\u00eanico e instintivo, pode passar dos limites e se transformar em compuls\u00e3o \u2013 nada agrad\u00e1vel para o felino. A lambedura excessiva, geralmente, \u00e9 uma resposta para a falta de est\u00edmulos e o estresse do pet. \u201cPara minimizar esse problema, o ideal \u00e9 oferecer encorajamentos, como brincadeiras, prateleiras pela casa para que o bichano possa se exercitar, al\u00e9m da mudan\u00e7a de postura do dono\u201d, indica.<\/p>\n<p>Fora essas atitudes, que podem ser resolvidas em casa, alguns gatos precisam de acompanhamento m\u00e9dico e at\u00e9 tratamentos medicamentosos quando o ato passa da conta. \u201cQuando o animal apresenta falhas no pelo ou demora muito se limpando, esse pode ser um sinal de que n\u00e3o est\u00e1 bem\u201d, aponta Naila Fukimoto, da C\u00e3o Cidad\u00e3o (SP).<\/p>\n<p>Procure um veterin\u00e1rio<\/p>\n<p>Ignorar a a\u00e7\u00e3o obsessiva do seu melhor amigo n\u00e3o \u00e9 a melhor sa\u00edda para acabar com o <strong>lambe-lambe<\/strong>. Isso porque a estrat\u00e9gia pode causar mais estresse no bicho e intensificar a tend\u00eancia, j\u00e1 que eles usam desse artif\u00edcio para chamar a aten\u00e7\u00e3o dos donos quando acreditam que foram esquecidos. Portanto, caso os tutores decidam colocar em pr\u00e1tica essa medida, pouco ortodoxa, a compuls\u00e3o pode n\u00e3o s\u00f3 n\u00e3o acabar, como evoluir para um est\u00e1gio mais grave.<\/p>\n<p>Por isso, siga as nossas dicas de treinos simples e adequados, e n\u00e3o deixe de encaminhar seu mascote para um m\u00e9dico veterin\u00e1rio especializado em comportamento se suspeitar que o h\u00e1bito inc\u00f4modo n\u00e3o cessar\u00e1 t\u00e3o facilmente assim.\u201cS\u00f3 um profissional capacitado pode estabelecer um tratamento, que envolve desde a mudan\u00e7a de postura dos donos do animal, como mencionado, at\u00e9 uma prescri\u00e7\u00e3o com a manipula\u00e7\u00e3o de rem\u00e9dios\u201d, finaliza o veterin\u00e1rio especialista Mauro Lantzman.<\/p>\n","protected":false},"excerpt":{"rendered":"<p>Lambe-lambe(Foto: Pinterest My Future\/Reprodu\u00e7\u00e3o) Voc\u00ea sabia? Pesquisadores da Escola de Medicina Veterin\u00e1ria Cummings, da Universidade<\/p>\n","protected":false},"author":2,"featured_media":0,"comment_status":"open","ping_status":"open","sticky":false,"template":"","format":"standard","meta":[],"categories":[],"tags":[],"uagb_featured_image_src":{"full":false,"thumbnail":false,"medium":false,"medium_large":false,"large":false,"1536x1536":false,"2048x2048":false,"cream-magazine-thumbnail-2":false,"cream-magazine-thumbnail-3":false,"cream-magazine-thumbnail-4":false},"uagb_author_info":{"display_name":"","author_link":"https:\/\/espacoecologico.com.br\/arquivo\/author\/"},"uagb_comment_info":0,"uagb_excerpt":"Lambe-lambe(Foto: Pinterest My Future\/Reprodu\u00e7\u00e3o) Voc\u00ea sabia? Pesquisadores da Escola de Medicina Veterin\u00e1ria Cummings, da Universidade","_links":{"self":[{"href":"https:\/\/espacoecologico.com.br\/arquivo\/wp-json\/wp\/v2\/posts\/22398"}],"collection":[{"href":"https:\/\/espacoecologico.com.br\/arquivo\/wp-json\/wp\/v2\/posts"}],"about":[{"href":"https:\/\/espacoecologico.com.br\/arquivo\/wp-json\/wp\/v2\/types\/post"}],"author":[{"embeddable":true,"href":"https:\/\/espacoecologico.com.br\/arquivo\/wp-json\/wp\/v2\/users\/2"}],"replies":[{"embeddable":true,"href":"https:\/\/espacoecologico.com.br\/arquivo\/wp-json\/wp\/v2\/comments?post=22398"}],"version-history":[{"count":0,"href":"https:\/\/espacoecologico.com.br\/arquivo\/wp-json\/wp\/v2\/posts\/22398\/revisions"}],"wp:attachment":[{"href":"https:\/\/espacoecologico.com.br\/arquivo\/wp-json\/wp\/v2\/media?parent=22398"}],"wp:term":[{"taxonomy":"category","embeddable":true,"href":"https:\/\/espacoecologico.com.br\/arquivo\/wp-json\/wp\/v2\/categories?post=22398"},{"taxonomy":"post_tag","embeddable":true,"href":"https:\/\/espacoecologico.com.br\/arquivo\/wp-json\/wp\/v2\/tags?post=22398"}],"curies":[{"name":"wp","href":"https:\/\/api.w.org\/{rel}","templated":true}]}}