{"id":22393,"date":"2015-06-06T01:01:33","date_gmt":"2015-06-06T01:01:33","guid":{"rendered":"https:\/\/espacoecologico.com.br\/arquivo\/?p=22393"},"modified":"2015-06-06T01:03:28","modified_gmt":"2015-06-06T01:03:28","slug":"ambientalistas-fazem-alerta-sobre-poluicao-da-baia-de-guanabara","status":"publish","type":"post","link":"https:\/\/espacoecologico.com.br\/arquivo\/ambientalistas-fazem-alerta-sobre-poluicao-da-baia-de-guanabara\/","title":{"rendered":"Ambientalistas fazem alerta sobre polui\u00e7\u00e3o da Ba\u00eda de Guanabara"},"content":{"rendered":"<figure class=\"teaser\"><img loading=\"lazy\" class=\"Image img__fid__13650 img__view_mode__teaser attr__format__teaser\" title=\"\" src=\"http:\/\/agenciabrasil.ebc.com.br\/sites\/_agenciabrasil2013\/files\/styles\/interna_grande\/public\/fotos\/925137-ba%C3%ADa%20de%20guanabara_rj_7345.jpg?itok=VNhGqqr3\" alt=\"Em meio a cr\u00edticas sobre a qualidade da \u00e1gua, Ba\u00eda de Guanabara sediar\u00e1 o primeiro evento-teste para as Olimp\u00edadas de 2016(Arquivo Ag\u00eancia Brasil)\" width=\"640\" height=\"428\" \/><figcaption>O objetivo do apita\u00e7o \u00e9 chamar aten\u00e7\u00e3o das autoridades e da popula\u00e7\u00e3o sobre a polui\u00e7\u00e3o da Ba\u00eda de Guanabara, diz bi\u00f3logo <span class=\"author\">Arquivo Ag\u00eancia Brasil<\/span>&nbsp;<\/p>\n<\/figcaption><\/figure>\n<p>Os ambientalistas v\u00e3o promover amanh\u00e3 (6), a partir das 11h, um \u201capita\u00e7o\u201d nas praias de Botafogo, na zona sul do Rio de Janeiro, e de Icara\u00ed, em Niter\u00f3i, regi\u00e3o metropolitana do Rio. O objetivo \u00e9 chamar a aten\u00e7\u00e3o das autoridades e da popula\u00e7\u00e3o sobre a polui\u00e7\u00e3o da Ba\u00eda de Guanabara, que ser\u00e1 utilizada como local das provas de vela nos Jogos Ol\u00edmpicos de 2016.<\/p>\n<p>A manifesta\u00e7\u00e3o foi organizada pelo bi\u00f3logo Mario Moscatelli e pela Alian\u00e7a Rebelde, grupo que busca solu\u00e7\u00f5es para a degrada\u00e7\u00e3o da regi\u00e3o costeira do Rio de Janeiro. De acordo com Moscatelli, os envolvidos no ato exigem a celebra\u00e7\u00e3o de um Termo de Ajuste de Conduta (TAC) entre o governo do estado do Rio, por meio da Secretaria de Estado de Ambiente (SEA), e o Minist\u00e9rio P\u00fablico Federal (MPF).<\/p>\n<p>Para o bi\u00f3lgo, o TAC teria em vista a gest\u00e3o profissional e respons\u00e1vel dos recursos destinados \u00e0 recupera\u00e7\u00e3o da Ba\u00eda de Guanabara. O \u201capita\u00e7o\u201d ser\u00e1 acompanhado por representantes da Ordem dos Advogados do Brasil, que v\u00e3o encaminhar documento t\u00e9cnico e fotogr\u00e1fico \u00e0 SEA e ao MPF relatando as condi\u00e7\u00f5es da ba\u00eda.<\/p>\n<p>Moscatelli aponta a \u201cm\u00e1 gest\u00e3o e a falta de fiscaliza\u00e7\u00e3o\u201d como os principais fatores que impediram a recupera\u00e7\u00e3o da ba\u00eda. \u201cForam investidos R$ 10 bilh\u00f5es na recupera\u00e7\u00e3o da ba\u00eda e, depois de 20 anos, tempo em que\u00a0 acompanho, a situa\u00e7\u00e3o ainda \u00e9 cr\u00edtica. Esperava-se que com os jogos ol\u00edmpicos uma mudan\u00e7a fosse materializada, mas as autoridades prometeram muito e n\u00e3o entregaram praticamente nada de melhoria. N\u00e3o falta dinheiro, muito menos tempo. Falta gest\u00e3o, fiscaliza\u00e7\u00e3o e vontade pol\u00edtica.\u201d<\/p>\n<p>A <strong>Ag\u00eancia Brasil <\/strong>procurou a Secretaria de Estado do Ambiente para que comentasse sobre as queixas envolvendo a polui\u00e7\u00e3o da ba\u00eda e para saber se ela estar\u00e1 pr\u00f3pria para as competi\u00e7\u00f5es de vela nas Olimp\u00edadas do ano que vem, mas at\u00e9 o fechamento desta mat\u00e9ria n\u00e3o obteve retorno.<\/p>\n<p>Fonte: Ag\u00eancia Brasil<\/p>\n","protected":false},"excerpt":{"rendered":"<p>O objetivo do apita\u00e7o \u00e9 chamar aten\u00e7\u00e3o das autoridades e da popula\u00e7\u00e3o sobre a polui\u00e7\u00e3o<\/p>\n","protected":false},"author":2,"featured_media":0,"comment_status":"open","ping_status":"open","sticky":false,"template":"","format":"standard","meta":[],"categories":[],"tags":[],"uagb_featured_image_src":{"full":false,"thumbnail":false,"medium":false,"medium_large":false,"large":false,"1536x1536":false,"2048x2048":false,"cream-magazine-thumbnail-2":false,"cream-magazine-thumbnail-3":false,"cream-magazine-thumbnail-4":false},"uagb_author_info":{"display_name":"","author_link":"https:\/\/espacoecologico.com.br\/arquivo\/author\/"},"uagb_comment_info":0,"uagb_excerpt":"O objetivo do apita\u00e7o \u00e9 chamar aten\u00e7\u00e3o das autoridades e da popula\u00e7\u00e3o sobre a polui\u00e7\u00e3o","_links":{"self":[{"href":"https:\/\/espacoecologico.com.br\/arquivo\/wp-json\/wp\/v2\/posts\/22393"}],"collection":[{"href":"https:\/\/espacoecologico.com.br\/arquivo\/wp-json\/wp\/v2\/posts"}],"about":[{"href":"https:\/\/espacoecologico.com.br\/arquivo\/wp-json\/wp\/v2\/types\/post"}],"author":[{"embeddable":true,"href":"https:\/\/espacoecologico.com.br\/arquivo\/wp-json\/wp\/v2\/users\/2"}],"replies":[{"embeddable":true,"href":"https:\/\/espacoecologico.com.br\/arquivo\/wp-json\/wp\/v2\/comments?post=22393"}],"version-history":[{"count":0,"href":"https:\/\/espacoecologico.com.br\/arquivo\/wp-json\/wp\/v2\/posts\/22393\/revisions"}],"wp:attachment":[{"href":"https:\/\/espacoecologico.com.br\/arquivo\/wp-json\/wp\/v2\/media?parent=22393"}],"wp:term":[{"taxonomy":"category","embeddable":true,"href":"https:\/\/espacoecologico.com.br\/arquivo\/wp-json\/wp\/v2\/categories?post=22393"},{"taxonomy":"post_tag","embeddable":true,"href":"https:\/\/espacoecologico.com.br\/arquivo\/wp-json\/wp\/v2\/tags?post=22393"}],"curies":[{"name":"wp","href":"https:\/\/api.w.org\/{rel}","templated":true}]}}