{"id":22390,"date":"2015-06-06T00:53:00","date_gmt":"2015-06-06T00:53:00","guid":{"rendered":"https:\/\/espacoecologico.com.br\/arquivo\/?p=22390"},"modified":"2015-06-06T00:57:12","modified_gmt":"2015-06-06T00:57:12","slug":"junho-mes-da-natureza-das-festas-e-do-amor","status":"publish","type":"post","link":"https:\/\/espacoecologico.com.br\/arquivo\/junho-mes-da-natureza-das-festas-e-do-amor\/","title":{"rendered":"Junho: m\u00eas da natureza, das festas e do amor"},"content":{"rendered":"<div class=\"clearFix\">\n<div class=\"autor\">\n<p>Alfeu Trancoso * &#8211; redacao@revistaecologico.com.br<\/p>\n<\/div>\n<\/div>\n<div class=\"clearFix\"><\/div>\n<div class=\"fotoMateria right\"><img loading=\"lazy\" class=\"\" src=\"http:\/\/www.revistaecologico.com.br\/esite\/kcfinder\/upload\/images\/Jupiter-credito-Dominio-Publico.jpg\" alt=\"J\u00fapiter (Zeus) e Juno (Hera) por Annibale Carracci, s\u00e9culo XVI\" width=\"640\" height=\"632\" \/>J\u00fapiter (Zeus) e Juno (Hera) por Annibale Carracci, s\u00e9culo XVI<\/div>\n<p><strong>Junho<\/strong> \u00e9 o nome do sexto m\u00eas do calend\u00e1rio gregoriano. Vem de <strong>Juno &#8211; Hera<\/strong> para os gregos &#8211; a deusa dos <strong>amores leg\u00edtimos<\/strong> e fiel esposa de J\u00fapiter (Zeus para os gregos). Foi Hera quem, no mito de \u00c9dipo, lan\u00e7ou a maldi\u00e7\u00e3o sobre Laio, que teve uma\u00a0 rela\u00e7\u00e3o homossexual com Crisipo: \u201cTu ter\u00e1s um filho, \u00c9dipo, que vai mat\u00e1-lo e depois se casar\u00e1 com sua m\u00e3e, Jocasta\u201d. Ao conquistar militarmente a Gr\u00e9cia, os romanos foram conquistados pela cultura grega.<\/p>\n<p>Em nosso hemisf\u00e9rio, junho \u00e9 um m\u00eas festivo por excel\u00eancia. H\u00e1, nesse per\u00edodo, uma simpatia universal que atinge a todos os viventes dessa regi\u00e3o do planeta. \u00c9 como se tudo quisesse cantar, abra\u00e7ar e bailar. Namoros e pedidos de casamento s\u00e3o as duas asas da alegria quase incontida desse per\u00edodo. E isso se traduz no brilho das festas juninas, nos forr\u00f3s, no <strong>\u201cDia dos Namorados\u201d<\/strong> e nas juras e promessas casamenteiras de Santo Ant\u00f4nio.<\/p>\n<p>Al\u00e9m disso, tudo regado a boas comidas, quent\u00e3o e muitos fogos. O \u201cDia dos Namorados\u201d \u00e9 uma homenagem a S\u00e3o Vicentin, grande incentivador do casamento. Pr\u00e1tica considerada proibida\u00a0 pelo imperador romano Ot\u00e1vio II, sob o argumento de que, em \u00e9pocas de guerra, isso prejudicava seu ex\u00e9rcito. Esse religioso foi ent\u00e3o decapitado em 270 d.C..<\/p>\n<p>Junho \u00e9 tamb\u00e9m o m\u00eas em que se comemora o <strong>\u201cDia Mundial do Meio Ambiente\u201d<\/strong>, quando, com a energia c\u00f3smica desse tempo, podemos fortalecer mais ainda nossa luta sem tr\u00e9gua pela dignifica\u00e7\u00e3o da natureza. N\u00e3o por acaso, que junho foi escolhido o tempo ideal para ajudar a conservar e cuidar da nossa grande casa (<em>Oikos<\/em>).<\/p>\n<p>Em nosso pa\u00eds, nesse m\u00eas, o tempo come\u00e7a a se preparar para os dias mais frios de inverno, que s\u00e3o boas oportunidades para as nossas elevadas medita\u00e7\u00f5es. Em quase todas as \u00e1rvores, as folhas come\u00e7am a cair se despedindo dos galhos. Elas come\u00e7am a diminuir a atividade fotossint\u00e9tica e a economizar energia. J\u00e1 em n\u00f3s, humanos, o m\u00eas de junho, al\u00e9m da alegria proporcionada pelas festividades, nos incita a uma prepara\u00e7\u00e3o silenciosa.<\/p>\n<p>\u00c9 preciso coragem e desprendimento para descermos em nossas profundezas \u00edntimas. Essa necessidade de aprofundamento interior nos prepara para outras descidas t\u00e3o importantes em nossa vida cotidiana. <strong>Junho \u00e9 o m\u00eas <\/strong>que, a todo momento, nos incita a reconhecer que as esta\u00e7\u00f5es mais frias s\u00e3o convites sedutores para uma visita aos interiores de nossa alma. Esse \u00e9 um momento decisivo para o nosso crescimento espiritual, pois as dificuldades desse per\u00edodo, como o frio, escassez de alimentos etc., s\u00e3o experi\u00eancias formadoras. Sem dificuldades, n\u00e3o h\u00e1 ensinamento e, portanto, n\u00e3o h\u00e1 vida feliz.<\/p>\n<p>*Ambientalista e professor de Filosofia da PUC Minas<\/p>\n<p>Fonte: Revista Ecol\u00f3gico<\/p>\n","protected":false},"excerpt":{"rendered":"<p>Alfeu Trancoso * &#8211; redacao@revistaecologico.com.br J\u00fapiter (Zeus) e Juno (Hera) por Annibale Carracci, s\u00e9culo XVI<\/p>\n","protected":false},"author":2,"featured_media":0,"comment_status":"open","ping_status":"open","sticky":false,"template":"","format":"standard","meta":[],"categories":[],"tags":[],"uagb_featured_image_src":{"full":false,"thumbnail":false,"medium":false,"medium_large":false,"large":false,"1536x1536":false,"2048x2048":false,"cream-magazine-thumbnail-2":false,"cream-magazine-thumbnail-3":false,"cream-magazine-thumbnail-4":false},"uagb_author_info":{"display_name":"","author_link":"https:\/\/espacoecologico.com.br\/arquivo\/author\/"},"uagb_comment_info":0,"uagb_excerpt":"Alfeu Trancoso * &#8211; redacao@revistaecologico.com.br J\u00fapiter (Zeus) e Juno (Hera) por Annibale Carracci, s\u00e9culo XVI","_links":{"self":[{"href":"https:\/\/espacoecologico.com.br\/arquivo\/wp-json\/wp\/v2\/posts\/22390"}],"collection":[{"href":"https:\/\/espacoecologico.com.br\/arquivo\/wp-json\/wp\/v2\/posts"}],"about":[{"href":"https:\/\/espacoecologico.com.br\/arquivo\/wp-json\/wp\/v2\/types\/post"}],"author":[{"embeddable":true,"href":"https:\/\/espacoecologico.com.br\/arquivo\/wp-json\/wp\/v2\/users\/2"}],"replies":[{"embeddable":true,"href":"https:\/\/espacoecologico.com.br\/arquivo\/wp-json\/wp\/v2\/comments?post=22390"}],"version-history":[{"count":0,"href":"https:\/\/espacoecologico.com.br\/arquivo\/wp-json\/wp\/v2\/posts\/22390\/revisions"}],"wp:attachment":[{"href":"https:\/\/espacoecologico.com.br\/arquivo\/wp-json\/wp\/v2\/media?parent=22390"}],"wp:term":[{"taxonomy":"category","embeddable":true,"href":"https:\/\/espacoecologico.com.br\/arquivo\/wp-json\/wp\/v2\/categories?post=22390"},{"taxonomy":"post_tag","embeddable":true,"href":"https:\/\/espacoecologico.com.br\/arquivo\/wp-json\/wp\/v2\/tags?post=22390"}],"curies":[{"name":"wp","href":"https:\/\/api.w.org\/{rel}","templated":true}]}}