{"id":22387,"date":"2015-06-06T00:40:53","date_gmt":"2015-06-06T00:40:53","guid":{"rendered":"https:\/\/espacoecologico.com.br\/arquivo\/?p=22387"},"modified":"2015-06-06T00:40:53","modified_gmt":"2015-06-06T00:40:53","slug":"88-dos-brasileiros-subestimam-impacto-de-alimentacao-inadequada","status":"publish","type":"post","link":"https:\/\/espacoecologico.com.br\/arquivo\/88-dos-brasileiros-subestimam-impacto-de-alimentacao-inadequada\/","title":{"rendered":"88% dos brasileiros subestimam impacto de alimenta\u00e7\u00e3o inadequada"},"content":{"rendered":"<div id=\"container_slides\"><center><\/p>\n<div id=\"slides\"><a class=\"fancybox\" title=\"Poucas pessoas entendem a escala da crise de sa\u00fade que o mundo est\u00e1 enfrentando. \" href=\"http:\/\/ciclovivo.com.br\/public\/img\/noticias\/fastfood-saude-ci.jpg\" rel=\"slides\" data-title=\"Poucas pessoas entendem a escala da crise de sa\u00fade que o mundo est\u00e1 enfrentando.  &lt;br \/&gt;Foto :&lt;a href='http:\/\/www.flickr.com\/photos\/fotogiraffee\/340052845\/' target='_blank'&gt;yung\/Flickr&lt;\/a&gt;\"> <img loading=\"lazy\" class=\"\" src=\"http:\/\/ciclovivo.com.br\/public\/img\/noticias\/fastfood-saude-ci.jpg\" alt=\"Poucas pessoas entendem a escala da crise de sa\u00fade que o mundo est\u00e1 enfrentando. \" width=\"638\" height=\"358\" \/><\/a><\/p>\n<p class=\"legenda\">Poucas pessoas entendem a escala da crise de sa\u00fade que o mundo est\u00e1 enfrentando.<\/p>\n<\/div>\n<p><\/center><\/div>\n<div id=\"texto\">\n<p>Uma nova pesquisa realizada em seis pa\u00edses pela Consumers International, a federa\u00e7\u00e3o internacional de organiza\u00e7\u00f5es de consumidores, mostra que um grande n\u00famero de pessoas n\u00e3o tem conhecimento do grande impacto que as dietas n\u00e3o saud\u00e1veis est\u00e3o tendo sobre a sa\u00fade p\u00fablica global. A entidade brasileira <a href=\"http:\/\/www.proteste.org.br\/alimentacao\/nc\/noticia\/brasileiro-desconhece-impacto-global-de-alimentacao-nao-saudavel\" target=\"_blank\">Proteste<\/a>, que integra a organiza\u00e7\u00e3o, destaca os dados nacionais da pesquisa.<\/p>\n<p>Apenas 12% dos brasileiros identificaram que as dietas n\u00e3o saud\u00e1veis contribuem para mais mortes do que as guerras, o tabagismo, o consumo de \u00e1lcool, o HIV\/AIDS ou a mal\u00e1ria. Quase nove em cada 10 brasileiros (88%) subestimam o impacto global de dietas pouco saud\u00e1veis quando comparados a outras causas.<\/p>\n<p>A pesquisa tamb\u00e9m mostra a demanda por a\u00e7\u00f5es para ajudar os consumidores a escolher uma dieta saud\u00e1vel. Medidas como a redu\u00e7\u00e3o de n\u00edveis elevados de gordura, a\u00e7\u00facar e sal em alimentos todos os dias (74% apoiam fortemente, 25% apoiam), que regulamenta a comercializa\u00e7\u00e3o de alimentos ricos em gordura, a\u00e7\u00facar e sal para crian\u00e7as (59% apoiam fortemente, 34% apoiam) e dando aos consumidores mais informa\u00e7\u00f5es sobre os n\u00edveis de gordura, a\u00e7\u00facar e sal nos alimentos (83% apoiam fortemente, 16% apoiam), receberam n\u00edveis muito elevados de apoio.<\/p>\n<p>Para Amanda Longo, diretora geral da Consumers International (CI), a pesquisa sugere que poucas pessoas entendem a escala da crise de sa\u00fade que o mundo est\u00e1 enfrentando. Dietas pouco saud\u00e1veis contribuem para 11 milh\u00f5es de mortes por ano, categoria acima do tabaco como a principal causa mundial de doen\u00e7as n\u00e3o transmiss\u00edveis evit\u00e1veis, como doen\u00e7as card\u00edacas e c\u00e2ncer. A obesidade por si s\u00f3 custa \u00e0 economia mundial dois trilh\u00f5es de d\u00f3lares por ano.<\/p>\n<p>Desde 1980, a preval\u00eancia de obesidade em todo o mundo quase dobrou e a incid\u00eancia de diabetes tipo 2 aumentou com dietas pouco saud\u00e1veis, o maior contribuinte para o problema global.<\/p>\n<p>A Consumers International tem feito campanha para uma Conven\u00e7\u00e3o Global para proteger e promover dietas saud\u00e1veis, usando um mecanismo semelhante ao da Conven\u00e7\u00e3o Quadro para o Controle do Tabaco, que envolveu a Organiza\u00e7\u00e3o Mundial da Sa\u00fade (OMS) e os Estados membros.<\/p>\n<p>A proposta \u00e9 comprometer os pa\u00edses membros da OMS com pol\u00edticas que incluem restri\u00e7\u00f5es \u00e0 comercializa\u00e7\u00e3o de alimentos pouco saud\u00e1veis para crian\u00e7as, melhor rotulagem nutricional, reformula\u00e7\u00e3o de alimentos transformados para reduzir a gordura, a\u00e7\u00facar e sal e o uso de instrumentos fiscais para apoiar o consumo de alimentos saud\u00e1veis.<\/p>\n<p>Um tratado mundial de promo\u00e7\u00e3o e prote\u00e7\u00e3o da alimenta\u00e7\u00e3o saud\u00e1vel \u00e9 fundamental, pois atualmente, mais de dois bilh\u00f5es de pessoas est\u00e3o acima do peso \u2013 ou quase 30% da popula\u00e7\u00e3o mundial; cerca de 11 milh\u00f5es de mortes por ano est\u00e3o ligadas \u00e0 alimenta\u00e7\u00e3o inadequada; e o impacto econ\u00f4mico chega a dois trilh\u00f5es de d\u00f3lares por ano \u2013 ou quase tr\u00eas por cento do PIB mundial. S\u00e3o n\u00fameros bastante alarmantes.<\/p>\n<p>Saiba mais sobre a campanha de Consumers International <a href=\"http:\/\/www.consumersinternational.org\/our-work\/food\/key-projects\/campaign-for-healthy-diets\/\" target=\"_blank\">aqui<\/a>.<\/p>\n<p>Fonte: CicloVivo<\/p>\n<\/div>\n","protected":false},"excerpt":{"rendered":"<p>Poucas pessoas entendem a escala da crise de sa\u00fade que o mundo est\u00e1 enfrentando. Uma<\/p>\n","protected":false},"author":2,"featured_media":0,"comment_status":"open","ping_status":"open","sticky":false,"template":"","format":"standard","meta":[],"categories":[],"tags":[],"uagb_featured_image_src":{"full":false,"thumbnail":false,"medium":false,"medium_large":false,"large":false,"1536x1536":false,"2048x2048":false,"cream-magazine-thumbnail-2":false,"cream-magazine-thumbnail-3":false,"cream-magazine-thumbnail-4":false},"uagb_author_info":{"display_name":"","author_link":"https:\/\/espacoecologico.com.br\/arquivo\/author\/"},"uagb_comment_info":0,"uagb_excerpt":"Poucas pessoas entendem a escala da crise de sa\u00fade que o mundo est\u00e1 enfrentando. Uma","_links":{"self":[{"href":"https:\/\/espacoecologico.com.br\/arquivo\/wp-json\/wp\/v2\/posts\/22387"}],"collection":[{"href":"https:\/\/espacoecologico.com.br\/arquivo\/wp-json\/wp\/v2\/posts"}],"about":[{"href":"https:\/\/espacoecologico.com.br\/arquivo\/wp-json\/wp\/v2\/types\/post"}],"author":[{"embeddable":true,"href":"https:\/\/espacoecologico.com.br\/arquivo\/wp-json\/wp\/v2\/users\/2"}],"replies":[{"embeddable":true,"href":"https:\/\/espacoecologico.com.br\/arquivo\/wp-json\/wp\/v2\/comments?post=22387"}],"version-history":[{"count":0,"href":"https:\/\/espacoecologico.com.br\/arquivo\/wp-json\/wp\/v2\/posts\/22387\/revisions"}],"wp:attachment":[{"href":"https:\/\/espacoecologico.com.br\/arquivo\/wp-json\/wp\/v2\/media?parent=22387"}],"wp:term":[{"taxonomy":"category","embeddable":true,"href":"https:\/\/espacoecologico.com.br\/arquivo\/wp-json\/wp\/v2\/categories?post=22387"},{"taxonomy":"post_tag","embeddable":true,"href":"https:\/\/espacoecologico.com.br\/arquivo\/wp-json\/wp\/v2\/tags?post=22387"}],"curies":[{"name":"wp","href":"https:\/\/api.w.org\/{rel}","templated":true}]}}