{"id":22377,"date":"2015-06-06T18:00:42","date_gmt":"2015-06-06T18:00:42","guid":{"rendered":"https:\/\/espacoecologico.com.br\/arquivo\/?p=22377"},"modified":"2015-06-06T00:24:22","modified_gmt":"2015-06-06T00:24:22","slug":"adidas-lanca-programa-de-logistica-reversa-para-incentivar-moda-esportiva-sustentavel","status":"publish","type":"post","link":"https:\/\/espacoecologico.com.br\/arquivo\/adidas-lanca-programa-de-logistica-reversa-para-incentivar-moda-esportiva-sustentavel\/","title":{"rendered":"Adidas lan\u00e7a programa de log\u00edstica reversa para incentivar moda esportiva sustent\u00e1vel"},"content":{"rendered":"<p><a href=\"https:\/\/espacoecologico.com.br\/arquivo\/wp-content\/uploads\/2015\/06\/adidas.jpg\"><img loading=\"lazy\" class=\"alignleft size-medium wp-image-22378\" src=\"https:\/\/espacoecologico.com.br\/arquivo\/wp-content\/uploads\/2015\/06\/adidas-300x192.jpg\" alt=\"\" width=\"300\" height=\"192\" srcset=\"https:\/\/espacoecologico.com.br\/arquivo\/wp-content\/uploads\/2015\/06\/adidas-300x192.jpg 300w, https:\/\/espacoecologico.com.br\/arquivo\/wp-content\/uploads\/2015\/06\/adidas.jpg 415w\" sizes=\"(max-width: 300px) 100vw, 300px\" \/><\/a>Na Semana do Meio Ambiente, a adidas lan\u00e7a o Pegada Sustent\u00e1vel 2.0, programa de log\u00edstica reversa para promover o descarte correto de roupas e cal\u00e7ados esportivos, reduzindo os impactos ambientais. A iniciativa, que estar\u00e1 dispon\u00edvel em 41 lojas-conceito da marca at\u00e9 o final do m\u00eas, oferecer\u00e1 15% de desconto em compras na adidas por produto recolhido.<\/p>\n<p>O projeto, uma amplia\u00e7\u00e3o do programa iniciado em 2012, passa agora a aceitar itens que v\u00e3o al\u00e9m dos t\u00eanis esportivos, recolhendo tamb\u00e9m camisetas, cal\u00e7as, shorts, e blusas de qualquer marca ou estilo. A partir do descarte, os produtos s\u00e3o transportados pela pr\u00f3pria adidas at\u00e9 o Centro de Distribui\u00e7\u00e3o, aproveitando a opera\u00e7\u00e3o de log\u00edstica existente da marca \u2013 sem gerar emiss\u00f5es adicionais. Dali, os produtos seguem para a\u00a0<a href=\"http:\/\/www.ico-spirit.com\/en\/homepage\/\" target=\"_blank\">I:CO<\/a>, entidade especializada em gest\u00e3o de ciclo de vida de cal\u00e7ados e roupas e parceira da adidas, respons\u00e1vel pelo processo de triagem. Dependendo do estado em que se encontra, o produto ser\u00e1 direcionado para um dos tr\u00eas caminhos: reciclagem, onde a mat\u00e9ria prima \u00e9 aproveitada para fazer outra pe\u00e7a; reuso, que passa por higieniza\u00e7\u00e3o e retorno ao mercado de roupa usada; ou gera\u00e7\u00e3o de energia, processo que o descaracteriza e depois transforma em combust\u00edvel, servindo para alimentar fornos de cimento.<\/p>\n<p>Roupas e cal\u00e7ados esportivos s\u00e3o produtos de alta qualidade, feitos para durar. Por isso, em sua maioria, as pe\u00e7as descartadas ainda t\u00eam utilidade e cont\u00eam mat\u00e9ria-prima que serve para novos produtos.H\u00e1 uma s\u00e9rie de materiais presentes na moda no dia a dia, como borracha, algod\u00e3o, poli\u00e9ster e nylon que podem ser reaproveitados para fins diversos. T\u00eam crescido o n\u00famero de produtos reciclados via programas de log\u00edstica reversa, permitindo transformar sobras de tecidos em outros objetos que v\u00e3o de bichos de pel\u00facia e panos de prato. \u201cEm sua nova fase, o programa Pegada Sustent\u00e1vel chega fortalecido para posicionar a adidas na \u00e1rea de sustentabilidade de produtos, um dos principais pilares estrat\u00e9gicos da empresa ao redor do mundo\u201d, explica Gudrun Veronika Messias, gerente de Sustentabilidade da adidas para a Am\u00e9rica Latina. \u201cAcreditamos muito na log\u00edstica reversa como forma de transformar o usado em novo.\u00a0 Este \u00e9 o primeiro passo em dire\u00e7\u00e3o a um ciclo fechado do produto. Agora, queremos incentivar nossos clientes a participarem desse processo, trazendo suas pe\u00e7as sem uso, de qualquer marca, para seguirmos com a constru\u00e7\u00e3o desse caminho de consumo consciente\u201d, finaliza a executiva.<\/p>\n<p>O Pegada Sustent\u00e1vel 2.0, que contribui com a Pol\u00edtica Nacional de Res\u00edduos S\u00f3lidos, une-se a outras iniciativas sustent\u00e1veis do Grupo adidas ao redor do mundo. Em abril deste ano, a empresa anunciou uma parceria com a <a href=\"http:\/\/www.parley.tv\/#fortheoceans\" target=\"_blank\">Parley for the Oceans<\/a>, organiza\u00e7\u00e3o voltada \u00e0 conscientiza\u00e7\u00e3o, preserva\u00e7\u00e3o e limpeza dos oceanos, que prev\u00ea uma s\u00e9rie de a\u00e7\u00f5es, como a elimina\u00e7\u00e3o gradual do uso de sacolas pl\u00e1sticas em lojas de varejo e a integra\u00e7\u00e3o de materiais fabricados com res\u00edduos pl\u00e1sticos dos oceanos.<\/p>\n<p><strong>Sobre sustentabilidade para o Grupo adidas<\/strong><\/p>\n<p>A estrat\u00e9gia de sustentabilidade do Grupo adidas fundamenta-se nas conquistas e aprendizados dos anos anteriores, levando em considera\u00e7\u00e3o o cen\u00e1rio social e as futuras tend\u00eancias globais. Os quatro pilares da estrat\u00e9gia do Grupo adidas s\u00e3o:<\/p>\n<p><strong>Pessoas:<\/strong> influenciamos positivamente as vidas dos nossos colaboradores e oper\u00e1rios, assim como dos habitantes das comunidades onde operamos.<\/p>\n<p><strong>Produto:<\/strong> encontramos melhores formas de criar nossos produtos, principalmente atrav\u00e9s da inova\u00e7\u00e3o, do maior uso de mais materiais sustent\u00e1veis e da atua\u00e7\u00e3o eficiente.<\/p>\n<p><strong>Planeta:<\/strong> reduzimos o impacto ambiental das nossas opera\u00e7\u00f5es e das f\u00e1bricas dos nossos fornecedores.<\/p>\n<p><strong>Parceria:<\/strong> estabelecemos iniciativas conjuntas com os principais grupos de interesse e colaboramos com parceiros para melhorar nossa ind\u00fastria.<\/p>\n<p>Para conhecer o relat\u00f3rio de sustentabilidade da adidas referente a 2014, clique <a href=\"http:\/\/www.adidas-group.com\/en\/sustainability\/reporting-policies-and-data\/sustainability-reports\/#\/2013\/2014\/\" target=\"_blank\">aqui<\/a>.<\/p>\n<p><strong>Sobre o Grupo adidas<\/strong><\/p>\n<p>O Grupo adidas \u00e9 um dos l\u00edderes mundiais na ind\u00fastria de artigos esportivos, oferecendo um amplo portf\u00f3lio de cal\u00e7ados, vestu\u00e1rio e acess\u00f3rios esportivos e de estilo de vida atrav\u00e9s de suas principais marcas: adidas, Reebok, TaylorMade e Reebok-CCM Hockey. Com sede em Herzogenaurach, Alemanha, o Grupo emprega mais de 53.000 colaboradores em todo o mundo e gerou vendas de \u20ac 14,5 bilh\u00f5es em 2014.<\/p>\n","protected":false},"excerpt":{"rendered":"<p>Na Semana do Meio Ambiente, a adidas lan\u00e7a o Pegada Sustent\u00e1vel 2.0, programa de log\u00edstica<\/p>\n","protected":false},"author":2,"featured_media":22378,"comment_status":"open","ping_status":"open","sticky":false,"template":"","format":"standard","meta":[],"categories":[],"tags":[],"uagb_featured_image_src":{"full":["https:\/\/espacoecologico.com.br\/arquivo\/wp-content\/uploads\/2015\/06\/adidas.jpg",415,265,false],"thumbnail":["https:\/\/espacoecologico.com.br\/arquivo\/wp-content\/uploads\/2015\/06\/adidas-150x150.jpg",150,150,true],"medium":["https:\/\/espacoecologico.com.br\/arquivo\/wp-content\/uploads\/2015\/06\/adidas-300x192.jpg",300,192,true],"medium_large":["https:\/\/espacoecologico.com.br\/arquivo\/wp-content\/uploads\/2015\/06\/adidas.jpg",415,265,false],"large":["https:\/\/espacoecologico.com.br\/arquivo\/wp-content\/uploads\/2015\/06\/adidas.jpg",415,265,false],"1536x1536":["https:\/\/espacoecologico.com.br\/arquivo\/wp-content\/uploads\/2015\/06\/adidas.jpg",415,265,false],"2048x2048":["https:\/\/espacoecologico.com.br\/arquivo\/wp-content\/uploads\/2015\/06\/adidas.jpg",415,265,false],"cream-magazine-thumbnail-2":["https:\/\/espacoecologico.com.br\/arquivo\/wp-content\/uploads\/2015\/06\/adidas.jpg",415,265,false],"cream-magazine-thumbnail-3":["https:\/\/espacoecologico.com.br\/arquivo\/wp-content\/uploads\/2015\/06\/adidas.jpg",415,265,false],"cream-magazine-thumbnail-4":["https:\/\/espacoecologico.com.br\/arquivo\/wp-content\/uploads\/2015\/06\/adidas.jpg",415,265,false]},"uagb_author_info":{"display_name":"","author_link":"https:\/\/espacoecologico.com.br\/arquivo\/author\/"},"uagb_comment_info":0,"uagb_excerpt":"Na Semana do Meio Ambiente, a adidas lan\u00e7a o Pegada Sustent\u00e1vel 2.0, programa de log\u00edstica","_links":{"self":[{"href":"https:\/\/espacoecologico.com.br\/arquivo\/wp-json\/wp\/v2\/posts\/22377"}],"collection":[{"href":"https:\/\/espacoecologico.com.br\/arquivo\/wp-json\/wp\/v2\/posts"}],"about":[{"href":"https:\/\/espacoecologico.com.br\/arquivo\/wp-json\/wp\/v2\/types\/post"}],"author":[{"embeddable":true,"href":"https:\/\/espacoecologico.com.br\/arquivo\/wp-json\/wp\/v2\/users\/2"}],"replies":[{"embeddable":true,"href":"https:\/\/espacoecologico.com.br\/arquivo\/wp-json\/wp\/v2\/comments?post=22377"}],"version-history":[{"count":0,"href":"https:\/\/espacoecologico.com.br\/arquivo\/wp-json\/wp\/v2\/posts\/22377\/revisions"}],"wp:featuredmedia":[{"embeddable":true,"href":"https:\/\/espacoecologico.com.br\/arquivo\/wp-json\/wp\/v2\/media\/22378"}],"wp:attachment":[{"href":"https:\/\/espacoecologico.com.br\/arquivo\/wp-json\/wp\/v2\/media?parent=22377"}],"wp:term":[{"taxonomy":"category","embeddable":true,"href":"https:\/\/espacoecologico.com.br\/arquivo\/wp-json\/wp\/v2\/categories?post=22377"},{"taxonomy":"post_tag","embeddable":true,"href":"https:\/\/espacoecologico.com.br\/arquivo\/wp-json\/wp\/v2\/tags?post=22377"}],"curies":[{"name":"wp","href":"https:\/\/api.w.org\/{rel}","templated":true}]}}