{"id":22375,"date":"2015-06-06T00:15:06","date_gmt":"2015-06-06T00:15:06","guid":{"rendered":"https:\/\/espacoecologico.com.br\/arquivo\/?p=22375"},"modified":"2015-06-06T00:15:06","modified_gmt":"2015-06-06T00:15:06","slug":"e-preciso-mudar-nosso-padrao-de-consumo","status":"publish","type":"post","link":"https:\/\/espacoecologico.com.br\/arquivo\/e-preciso-mudar-nosso-padrao-de-consumo\/","title":{"rendered":"\u00c9 preciso mudar nosso padr\u00e3o de consumo"},"content":{"rendered":"<p><img loading=\"lazy\" class=\"\" src=\"http:\/\/www.envolverde.com.br\/wp-content\/uploads\/2015\/06\/desperdicio21.jpg\" alt=\"http:\/\/www.envolverde.com.br\/wp-content\/uploads\/2015\/06\/desperdicio21.jpg\" width=\"640\" height=\"459\" \/><\/p>\n<p>No Dia Mundial do Meio Ambiente, celebrado em 5 de junho, o diretor executivo do Pnuma, Achim Steiner, chama a aten\u00e7\u00e3o para o desperd\u00edcio e suas consequ\u00eancias para o planeta.<\/p>\n<p>Enquanto nos sentamos para almo\u00e7ar ou jantar neste Dia Mundial do Meio Ambiente, \u00e9 importante considerar o seguinte: um ter\u00e7o de todos os alimentos produzidos no mundo a cada ano, ou cerca de 300 milh\u00f5es de toneladas, \u00e9 jogado no lixo. Este desperd\u00edcio custa \u00e0 economia mundial a quantia impressionante de um trilh\u00e3o de d\u00f3lares anualmente.<\/p>\n<p>Regi\u00f5es industrializadas s\u00e3o respons\u00e1veis por quase metade desse total. A comida que jogamos fora ainda serve para o consumo humano e poderia alimentar mais de 800 milh\u00f5es de pessoas no mundo.<\/p>\n<p>Esta \u00e9 apenas a ponta do iceberg do desperd\u00edcio e serve como um indicador para a \u201cpegada ecol\u00f3gica\u201d de toda a economia do mundo. Nosso sistema global de alimentos \u00e9 respons\u00e1vel por 80% do desmatamento e \u00e9 a principal causa da perda de esp\u00e9cies e de biodiversidade.<\/p>\n<p>O sistema tamb\u00e9m \u00e9 respons\u00e1vel por mais de 70% do consumo de \u00e1gua doce. Um hamb\u00farguer de carne no seu prato almo\u00e7o poderia exigir uma incr\u00edvel quantidade de 2.400 litros de \u00e1gua nessa produ\u00e7\u00e3o. Voc\u00ea gostaria de batatas fritas com que? Adicione mais 100 litros, isso sem mencionar o impacto dos pesticidas e das embalagens n\u00e3o degrad\u00e1veis.<br \/>\nBon app\u00e9tit.<\/p>\n<p>Segue uma verdade surpreendente: O nosso consumo global j\u00e1 \u00e9 1,5 maior que a capacidade da Terra de aguentar. Se a popula\u00e7\u00e3o e as tend\u00eancias de consumo continuarem a crescer, a humanidade precisar\u00e1 do equivalente a dois planetas Terra para sustentar-se em 2030.<\/p>\n<p>Press\u00e3o de nove bilh\u00f5es de pessoas<\/p>\n<p>Com a popula\u00e7\u00e3o mundial prevista para chegar a 9 bilh\u00f5es de pessoas at\u00e9 meados do s\u00e9culo, as demandas sobre estes recursos que se esgotam se intensificar\u00e3o e ser\u00e3o agravadas pelo aumento da polui\u00e7\u00e3o, conflitos e as consequ\u00eancias de uma atmosfera que se aquece rapidamente pelas emiss\u00f5es de gases com efeito de estufa por parte do ser humano. Todos estes fatores poderiam baixar significativamente o PIB mundial. Secas recordes, inunda\u00e7\u00f5es, polui\u00e7\u00e3o sufocante do ar e esp\u00e9cies amea\u00e7adas de extin\u00e7\u00e3o tornaram-se not\u00edcias di\u00e1rias.<\/p>\n<p>Enquanto alguns podem sonhar em colonizar outros planetas, n\u00e3o podemos deixar de concluir que nesta Terra, o \u201cagir como sempre\u201d n\u00e3o permitir\u00e1 a manuten\u00e7\u00e3o do nosso estilo de vida do s\u00e9culo 21, muito menos tirar um bilh\u00e3o de pessoas da pobreza absoluta e incluir um adicional de 1 a 3 bilh\u00f5es de consumidores da classe m\u00e9dia.<\/p>\n<p>A nossa \u00fanica escolha para crescer nossas economias \u00e9 aumentar radicalmente o que os economistas chamam de \u201cprodutividade\u201d ao fazer mais com menos. Precisamos mudar os padr\u00f5es de produ\u00e7\u00e3o e consumo do nosso sistema econ\u00f4mico atual de extra\u00e7\u00e3o, produ\u00e7\u00e3o, consumo e desperd\u00edcio para uma economia verde inclusiva, que imite os processos naturais onde n\u00e3o existe o conceito de \u201csobra\u201d, apenas comida para outro organismo ou processo.<\/p>\n<p>A economia verde pode melhorar o bem-estar humano e a igualdade social, enquanto reduz significativamente os riscos ambientais, custos e escassez ecol\u00f3gica. Em sua express\u00e3o mais simples, uma economia verde \u00e9 de baixo carbono, eficiente em termos de recursos e socialmente inclusiva. Em termos de produtividade, uma economia verde \u2018separa\u2019 o crescimento econ\u00f4mico do \u00edndice de consumo de recursos naturais e, assim, da degrada\u00e7\u00e3o ambiental.<\/p>\n<p>A boa not\u00edcia \u00e9 que isso j\u00e1 est\u00e1 acontecendo em partes da economia, embora n\u00e3o t\u00e3o r\u00e1pido como necess\u00e1rio. Hoje, 65 pa\u00edses deram in\u00edcio a economia verde e estrat\u00e9gias relacionadas. Isso inclui muitos pa\u00edses envolvidos com a Parceria para a A\u00e7\u00e3o pela Economia Verde (PAGE) para aplicar investimentos e pol\u00edticas em tecnologias limpas, infraestrutura eficiente de recursos, ecossistemas em bom funcionamento, trabalhos verdes de qualidade e boa governan\u00e7a.<\/p>\n<p>Contribuindo para praticamente todos os produtos ou processos humanos, a energia \u00e9 um indicador dos impactos e progresso. Em apenas algumas d\u00e9cadas, o setor das energias renov\u00e1veis tem crescido quase exponencialmente e foi respons\u00e1vel por quase metade de toda a capacidade de gera\u00e7\u00e3o el\u00e9trica em 2014, excluindo as grandes centrais hidroel\u00e9tricas. A Ag\u00eancia Internacional de Energia (AIE) estima que incentivar a efici\u00eancia energ\u00e9tica poderia, n\u00e3o s\u00f3 proporcionar uma redu\u00e7\u00e3o de 10% dessa demanda at\u00e9 2030, mas tamb\u00e9m economizar 560 bilh\u00f5es de d\u00f3lares.<\/p>\n<p>No geral, aproveitar tecnologias existentes e pol\u00edticas apropriadas para aumentar a produtividade dos recursos poderia liberar 3,7 trilh\u00f5es de d\u00f3lares por ano, em todo o mundo, que hoje \u00e9 desperdi\u00e7ado de outro modo. Estes fundos atualmente desperdi\u00e7ados poderiam ser investidos em sa\u00fade, educa\u00e7\u00e3o e desenvolvimento.<\/p>\n<p>Uma das chaves para a produtividade e para a dissocia\u00e7\u00e3o entre danos ambientais e o PIB mundial \u00e9 fazer com que os pre\u00e7os contem a verdade sobre o meio ambiente. Mais uma vez, o setor de energia mostra o qu\u00e3o importante isso pode ser. O Fundo Monet\u00e1rio Internacional estima que o custo total da subven\u00e7\u00e3o p\u00fablica a combust\u00edveis f\u00f3sseis ascende a mais de 5 trilh\u00f5es de d\u00f3lares por ano quando contamos subs\u00eddios diretos e indiretos.<\/p>\n<p>Indicar os pre\u00e7os corretos, educar os consumidores e tornar as pol\u00edticas que promovam uma economia verde n\u00e3o s\u00e3o apenas desej\u00e1veis, mas essenciais. O tamanho do nosso sucesso vai determinar se o \u2018Antropoceno\u2019 \u00e9 a era em que mais de 9 bilh\u00f5es de pessoas t\u00eam acesso a alimentos, energia e seguran\u00e7a, sem comprometer os sistemas de vida vitais do nosso planeta. (ONU Brasil\/ #Envolverde)<\/p>\n<p>* Achim Steiner \u00e9 subsecret\u00e1rio-geral da ONU e diretor executivo do Programa da ONU para o Meio Ambiente (PNUMA).<\/p>\n<p>** Publicado originalmente no site ONU Brasil.<\/p>\n<p>Fonte: Envolverde<\/p>\n","protected":false},"excerpt":{"rendered":"<p>No Dia Mundial do Meio Ambiente, celebrado em 5 de junho, o diretor executivo do<\/p>\n","protected":false},"author":2,"featured_media":0,"comment_status":"open","ping_status":"open","sticky":false,"template":"","format":"standard","meta":[],"categories":[],"tags":[],"uagb_featured_image_src":{"full":false,"thumbnail":false,"medium":false,"medium_large":false,"large":false,"1536x1536":false,"2048x2048":false,"cream-magazine-thumbnail-2":false,"cream-magazine-thumbnail-3":false,"cream-magazine-thumbnail-4":false},"uagb_author_info":{"display_name":"","author_link":"https:\/\/espacoecologico.com.br\/arquivo\/author\/"},"uagb_comment_info":0,"uagb_excerpt":"No Dia Mundial do Meio Ambiente, celebrado em 5 de junho, o diretor executivo do","_links":{"self":[{"href":"https:\/\/espacoecologico.com.br\/arquivo\/wp-json\/wp\/v2\/posts\/22375"}],"collection":[{"href":"https:\/\/espacoecologico.com.br\/arquivo\/wp-json\/wp\/v2\/posts"}],"about":[{"href":"https:\/\/espacoecologico.com.br\/arquivo\/wp-json\/wp\/v2\/types\/post"}],"author":[{"embeddable":true,"href":"https:\/\/espacoecologico.com.br\/arquivo\/wp-json\/wp\/v2\/users\/2"}],"replies":[{"embeddable":true,"href":"https:\/\/espacoecologico.com.br\/arquivo\/wp-json\/wp\/v2\/comments?post=22375"}],"version-history":[{"count":0,"href":"https:\/\/espacoecologico.com.br\/arquivo\/wp-json\/wp\/v2\/posts\/22375\/revisions"}],"wp:attachment":[{"href":"https:\/\/espacoecologico.com.br\/arquivo\/wp-json\/wp\/v2\/media?parent=22375"}],"wp:term":[{"taxonomy":"category","embeddable":true,"href":"https:\/\/espacoecologico.com.br\/arquivo\/wp-json\/wp\/v2\/categories?post=22375"},{"taxonomy":"post_tag","embeddable":true,"href":"https:\/\/espacoecologico.com.br\/arquivo\/wp-json\/wp\/v2\/tags?post=22375"}],"curies":[{"name":"wp","href":"https:\/\/api.w.org\/{rel}","templated":true}]}}