{"id":22373,"date":"2015-06-06T00:09:49","date_gmt":"2015-06-06T00:09:49","guid":{"rendered":"https:\/\/espacoecologico.com.br\/arquivo\/?p=22373"},"modified":"2015-06-06T00:09:49","modified_gmt":"2015-06-06T00:09:49","slug":"ong-recebe-3-toneladas-de-lixo-eletronico","status":"publish","type":"post","link":"https:\/\/espacoecologico.com.br\/arquivo\/ong-recebe-3-toneladas-de-lixo-eletronico\/","title":{"rendered":"ONG recebe 3 toneladas de lixo eletr\u00f4nico"},"content":{"rendered":"<div class=\"texto\">\n<p><img loading=\"lazy\" class=\"\" src=\"http:\/\/www.ecodesenvolvimento.org\/posts\/2015\/junho\/ong-recebe-3-toneladas-de-lixo-eletronico\/images\/eletronicos-ecod.jpg\" alt=\"eletronicos-ecod.jpg\" width=\"628\" height=\"384\" \/><br \/>\n<span class=\"legenda_foto\">Res\u00edduos recolhidos contribuir\u00e1 para capacita\u00e7\u00e3o dos jovens<br \/>\nFoto: Paulo de Ara\u00fajo\/MMA<\/span><\/p>\n<p>Uma bela manh\u00e3 de sol e c\u00e9u azul, caracter\u00edsticas marcantes de Bras\u00edlia, acolheram o feriado de Corpus Christi e a 1\u00aa Corrida pelo Meio Ambiente, organizada pelo Minist\u00e9rio do Meio Ambiente (MMA), nesta quinta-feira, 4 de junho, no in\u00edcio do Eix\u00e3o Norte. Foi neste clima de descontra\u00e7\u00e3o e alegria que Jo\u00e3o, Cl\u00e1udia, Maria Jos\u00e9, Antenor, Mariana, Cibele e Maur\u00edcio, participantes da corrida, levaram seu lixo eletr\u00f4nico para doar \u00e0 reciclagem.<\/p>\n<p>A turma da ONG Esta\u00e7\u00e3o de MetaReciclagem recebeu, aproximadamente, tr\u00eas mil toneladas de torres de computador, notebooks, fios, cabos, CDs, DVDs, carregadores, celulares velhos, TVs antigas, telefones anal\u00f3gicos, pilhas, monitores, m\u00e1quina fotogr\u00e1fica, r\u00e1dio e controles remotos. Os itens lotaram o \u00f4nibus da institui\u00e7\u00e3o em apenas duas horas, das 7h e \u00e0s 9h.<\/p>\n<div class=\"olho\">Entidade j\u00e1 capacitou 12 mil jovens, trabalho realizado por 12 funcion\u00e1rios e seis volunt\u00e1rios colaboradores<\/div>\n<p>O coordenador da ONG, Vilmar Simion, contou que todo o material recebido ser\u00e1 utilizado para capacitar e profissionalizar os jovens da regi\u00e3o de Valpara\u00edso, Novo Gama, C\u00e9u Azul, Cidade Ocidental e Luzi\u00e2nia, no Entorno do Distrito Federal. Durante os cursos, rapazes e mo\u00e7as aprendem, na pr\u00e1tica, a recuperar os computadores, que levam para suas casas e tamb\u00e9m s\u00e3o doados para programas de inclus\u00e3o digital organizados por prefeituras, tele centros, escolas e bibliotecas.<\/p>\n<p><strong>Inclus\u00e3o digital<\/strong><br \/>\nO programa de inclus\u00e3o digital da Esta\u00e7\u00e3o existe h\u00e1 15 anos e se sustenta com a venda dos 17 tipos de res\u00edduos decorrentes do material eletr\u00f4nico que recebe em doa\u00e7\u00e3o. At\u00e9 hoje, a entidade j\u00e1 capacitou 12 mil jovens, trabalho realizado por 12 funcion\u00e1rios e seis volunt\u00e1rios colaboradores. Eles s\u00e3o respons\u00e1veis pelos cursos de inform\u00e1tica b\u00e1sica, manuten\u00e7\u00e3o de computadores, rob\u00f3tica e eletr\u00f4nica.<\/p>\n<p>Quem quiser doar o material eletr\u00f4nico que n\u00e3o usa mais \u00e9 s\u00f3 ligar para a ONG no n\u00famero (61) 3559-1111 ou buscar os postos de coletas, descritos no site<a href=\"http:\/\/www.doeseucomputador.org.br\" target=\"_blank\"> www.doeseucomputador.org.br<\/a>.<\/p>\n<p><em>(Por Luciene de Assis, do Minist\u00e9rio do Meio Ambiente)<\/em><\/p>\n<p>Fonte: EcoD<\/p>\n<\/div>\n","protected":false},"excerpt":{"rendered":"<p>Res\u00edduos recolhidos contribuir\u00e1 para capacita\u00e7\u00e3o dos jovens Foto: Paulo de Ara\u00fajo\/MMA Uma bela manh\u00e3 de<\/p>\n","protected":false},"author":2,"featured_media":0,"comment_status":"open","ping_status":"open","sticky":false,"template":"","format":"standard","meta":[],"categories":[],"tags":[],"uagb_featured_image_src":{"full":false,"thumbnail":false,"medium":false,"medium_large":false,"large":false,"1536x1536":false,"2048x2048":false,"cream-magazine-thumbnail-2":false,"cream-magazine-thumbnail-3":false,"cream-magazine-thumbnail-4":false},"uagb_author_info":{"display_name":"","author_link":"https:\/\/espacoecologico.com.br\/arquivo\/author\/"},"uagb_comment_info":0,"uagb_excerpt":"Res\u00edduos recolhidos contribuir\u00e1 para capacita\u00e7\u00e3o dos jovens Foto: Paulo de Ara\u00fajo\/MMA Uma bela manh\u00e3 de","_links":{"self":[{"href":"https:\/\/espacoecologico.com.br\/arquivo\/wp-json\/wp\/v2\/posts\/22373"}],"collection":[{"href":"https:\/\/espacoecologico.com.br\/arquivo\/wp-json\/wp\/v2\/posts"}],"about":[{"href":"https:\/\/espacoecologico.com.br\/arquivo\/wp-json\/wp\/v2\/types\/post"}],"author":[{"embeddable":true,"href":"https:\/\/espacoecologico.com.br\/arquivo\/wp-json\/wp\/v2\/users\/2"}],"replies":[{"embeddable":true,"href":"https:\/\/espacoecologico.com.br\/arquivo\/wp-json\/wp\/v2\/comments?post=22373"}],"version-history":[{"count":0,"href":"https:\/\/espacoecologico.com.br\/arquivo\/wp-json\/wp\/v2\/posts\/22373\/revisions"}],"wp:attachment":[{"href":"https:\/\/espacoecologico.com.br\/arquivo\/wp-json\/wp\/v2\/media?parent=22373"}],"wp:term":[{"taxonomy":"category","embeddable":true,"href":"https:\/\/espacoecologico.com.br\/arquivo\/wp-json\/wp\/v2\/categories?post=22373"},{"taxonomy":"post_tag","embeddable":true,"href":"https:\/\/espacoecologico.com.br\/arquivo\/wp-json\/wp\/v2\/tags?post=22373"}],"curies":[{"name":"wp","href":"https:\/\/api.w.org\/{rel}","templated":true}]}}