{"id":22358,"date":"2015-06-06T17:00:44","date_gmt":"2015-06-06T17:00:44","guid":{"rendered":"https:\/\/espacoecologico.com.br\/arquivo\/?p=22358"},"modified":"2015-06-05T23:42:48","modified_gmt":"2015-06-05T23:42:48","slug":"maceio-tem-80-das-praias-poluidas-mpf-investiga-despejo-de-esgoto","status":"publish","type":"post","link":"https:\/\/espacoecologico.com.br\/arquivo\/maceio-tem-80-das-praias-poluidas-mpf-investiga-despejo-de-esgoto\/","title":{"rendered":"Macei\u00f3 tem 80% das praias polu\u00eddas; MPF investiga despejo de esgoto"},"content":{"rendered":"<p><a href=\"https:\/\/espacoecologico.com.br\/arquivo\/wp-content\/uploads\/2015\/06\/praia_maceio.jpg\"><img loading=\"lazy\" class=\"alignleft size-medium wp-image-22359\" src=\"https:\/\/espacoecologico.com.br\/arquivo\/wp-content\/uploads\/2015\/06\/praia_maceio-300x192.jpg\" alt=\"\" width=\"300\" height=\"192\" srcset=\"https:\/\/espacoecologico.com.br\/arquivo\/wp-content\/uploads\/2015\/06\/praia_maceio-300x192.jpg 300w, https:\/\/espacoecologico.com.br\/arquivo\/wp-content\/uploads\/2015\/06\/praia_maceio.jpg 415w\" sizes=\"(max-width: 300px) 100vw, 300px\" \/><\/a>O verde esmeralda e o azul anil que tornam exuberante o mar de Macei\u00f3\u00a0escondem o despejo de esgoto nas galerias de \u00e1guas pluviais que chegam \u00e0s praias da capital de <a href=\"http:\/\/noticias.uol.com.br\/alagoas\"><strong>Alagoas<\/strong><\/a>. Segundo a an\u00e1lise de balneabilidade das praias alagoanas, 80% das praias de Macei\u00f3 est\u00e3o impr\u00f3prias para banho.<\/p>\n<p>O alto n\u00famero de praias polu\u00eddas em Macei\u00f3 chamou a aten\u00e7\u00e3o do MPF (Minist\u00e9rio P\u00fablico Federal) nesta semana. A procuradora do meio ambiente, Raquel Teixeira, disse que est\u00e1 investigando o caso e dever\u00e1 ajuizar uma a\u00e7\u00e3o civil p\u00fablica nos pr\u00f3ximos dias.<\/p>\n<p>O laudo divulgado pelo IMA (Instituto de Meio Ambiente) no \u00faltimo dia 29 de maio mostra que, dos 20 pontos analisados em Macei\u00f3, 16 est\u00e3o impr\u00f3prios para banho \u2013 sendo que oito trechos ultrapassam a escala m\u00e1xima de 16.000 NMP (N\u00famero Mais Prov\u00e1vel) por 100 mL de coliformes fecais. Segundo a resolu\u00e7\u00e3o 357\/2005, do Conama (Conselho Nacional do Meio Ambiente), para uma praia ser considerada pr\u00f3pria para banho o \u00edndice de coliformes fecais no material coletado deve ser inferior a 1.000 NMP\/ 100 mL.<\/p>\n<p>A \u00e1rea analisada vai da praia do Pontal da Barra, litoral Sul, at\u00e9 \u00e0 praia de Ipi\u00f3ca, no litoral norte.<\/p>\n<h3><strong>Polui\u00e7\u00e3o desaponta turistas<\/strong><\/h3>\n<p>A famosa praia de Paju\u00e7ara, conhecida pelos passeios de jangada \u00e0s piscinas naturais, tem \u00edndice de coliformes fecais maior que 16.000 NMP\/100 mL.<\/p>\n<p>As &#8220;l\u00ednguas sujas&#8221;, como s\u00e3o chamadas as manchas na areia da praia causadas pelo esgoto, causam aspecto desagrad\u00e1vel e os turistas reclamam. O casal Alan Ferreira, 38, e Maria Laura Silva, 35, do Distrito Federal, escolheu um hotel \u00e0 beira-mar na Paju\u00e7ara, pr\u00f3ximo \u00e0 balan\u00e7a de peixe, para curtir a praia a hora que quisessem sem precisar sair de carro. Por\u00e9m, eles disseram ter se decepcionado com a polui\u00e7\u00e3o das praias.<\/p>\n<p>&#8220;Quer\u00edamos sair do hotel e dar um mergulho na praia, mas nessa situa\u00e7\u00e3o \u00e9 imposs\u00edvel. Entrar no mar com esse esgoto \u00e9 pegar doen\u00e7a na certa. Tomamos um susto ao chegar na praia e ver essa sujeira&#8221;, disse Maria Laura. &#8220;Estamos com impress\u00e3o horr\u00edvel das praias, muito sujas e descuidadas apesar de bonitas. Vamos fazer um roteiro fora de Macei\u00f3 para podermos aproveitar o mar, pois onde moramos n\u00e3o temos esse privil\u00e9gio&#8221;, disse Ferreira.<\/p>\n<p>Outro trecho polu\u00eddo fica no final da Paju\u00e7ara e in\u00edcio da Praia de Ponta Verde, \u00e1rea tur\u00edstica badalada da cidade, onde aos domingos o tr\u00e2nsito de ve\u00edculos \u00e9 fechado para que banhistas possam circular livremente pela avenida Silvio Carlos Vianna.\u00a0 No trecho ficam localizadas as barracas de praias mais luxosas da cidade. O \u00edndice de coliformes fecais est\u00e1 em 5.400\u00a0 NMP\/ 100 mL. J\u00e1 no trecho pr\u00f3ximo ao Farol da Ponta Verde, o \u00edndice \u00e9 maior que 16.000 NMP\/ 100 mL.<\/p>\n<h3>Justificativas<\/h3>\n<p>A Casal (Companhia de Saneamento de Alagoas) disse que apenas 35% da cidade de Macei\u00f3 possui esgotamento sanit\u00e1rio e o material a ser descartado \u00e9 levado para o emiss\u00e1rio submarino, localizado na praia do Sobral. A Casal nega que o emiss\u00e1rio seja causador de polui\u00e7\u00e3o nas praias.<\/p>\n<p>&#8220;O material que passa pela tubula\u00e7\u00e3o a\u00e9rea \u00e9 jogado em outra tubula\u00e7\u00e3o submarina a mais de 3 mil metros da costa, onde se dispersa com a influ\u00eancia das correntes marinhas&#8221;, explicou o vice-presidente de Gest\u00e3o Operacional, Francisco Beltr\u00e3o.<\/p>\n<p>A companhia atribuiu a polui\u00e7\u00e3o gerada pelo riacho Salgadinho na praia da avenida e das praias que possuem l\u00ednguas sujas como responsabilidade da prefeitura. &#8220;Algumas dessas redes recebem contribui\u00e7\u00f5es de \u00e1gua de rebaixamento advinda de obras de constru\u00e7\u00e3o de pr\u00e9dios e tamb\u00e9m de liga\u00e7\u00f5es clandestinas de esgoto&#8221;, disse a companhia.<\/p>\n<p>A prefeitura de Macei\u00f3 informou nesta sexta-feira (5) que o munic\u00edpio est\u00e1 formatando o Plano Municipal de Saneamento B\u00e1sico, que deve ser apresentado at\u00e9 o final deste ano.<\/p>\n<p>Sobre a polui\u00e7\u00e3o do Salgadinho, o munic\u00edpio disse que est\u00e1 realizando um estudo para verificar a viabilidade de implanta\u00e7\u00e3o de uma t\u00e9cnica de despolui\u00e7\u00e3o das \u00e1guas com uso de plantas filtrantes na foz do riacho. Para as praias da capital, a prefeitura est\u00e1 &#8220;dando encaminhamento a uma parceria com a iniciativa privada para melhorar os \u00edndices de balneabilidade&#8221;. &#8220;A previs\u00e3o \u00e9 que as a\u00e7\u00f5es paliativas nos pontos onde existem &#8216;l\u00ednguas sujas&#8217; sejam efetivadas j\u00e1 no pr\u00f3ximo ver\u00e3o&#8221;.<\/p>\n<p>Quanto \u00e0 fiscaliza\u00e7\u00e3o do esgoto clandestino, a Secretaria Municipal de Prote\u00e7\u00e3o ao Meio Ambiente disse que intensificou o trabalho &#8220;autuando, punindo e cobrando provid\u00eancias dos respons\u00e1veis pelo problema&#8221;.<\/p>\n","protected":false},"excerpt":{"rendered":"<p>O verde esmeralda e o azul anil que tornam exuberante o mar de Macei\u00f3\u00a0escondem o<\/p>\n","protected":false},"author":2,"featured_media":22359,"comment_status":"open","ping_status":"open","sticky":false,"template":"","format":"standard","meta":[],"categories":[],"tags":[],"uagb_featured_image_src":{"full":["https:\/\/espacoecologico.com.br\/arquivo\/wp-content\/uploads\/2015\/06\/praia_maceio.jpg",415,265,false],"thumbnail":["https:\/\/espacoecologico.com.br\/arquivo\/wp-content\/uploads\/2015\/06\/praia_maceio-150x150.jpg",150,150,true],"medium":["https:\/\/espacoecologico.com.br\/arquivo\/wp-content\/uploads\/2015\/06\/praia_maceio-300x192.jpg",300,192,true],"medium_large":["https:\/\/espacoecologico.com.br\/arquivo\/wp-content\/uploads\/2015\/06\/praia_maceio.jpg",415,265,false],"large":["https:\/\/espacoecologico.com.br\/arquivo\/wp-content\/uploads\/2015\/06\/praia_maceio.jpg",415,265,false],"1536x1536":["https:\/\/espacoecologico.com.br\/arquivo\/wp-content\/uploads\/2015\/06\/praia_maceio.jpg",415,265,false],"2048x2048":["https:\/\/espacoecologico.com.br\/arquivo\/wp-content\/uploads\/2015\/06\/praia_maceio.jpg",415,265,false],"cream-magazine-thumbnail-2":["https:\/\/espacoecologico.com.br\/arquivo\/wp-content\/uploads\/2015\/06\/praia_maceio.jpg",415,265,false],"cream-magazine-thumbnail-3":["https:\/\/espacoecologico.com.br\/arquivo\/wp-content\/uploads\/2015\/06\/praia_maceio.jpg",415,265,false],"cream-magazine-thumbnail-4":["https:\/\/espacoecologico.com.br\/arquivo\/wp-content\/uploads\/2015\/06\/praia_maceio.jpg",415,265,false]},"uagb_author_info":{"display_name":"","author_link":"https:\/\/espacoecologico.com.br\/arquivo\/author\/"},"uagb_comment_info":0,"uagb_excerpt":"O verde esmeralda e o azul anil que tornam exuberante o mar de Macei\u00f3\u00a0escondem o","_links":{"self":[{"href":"https:\/\/espacoecologico.com.br\/arquivo\/wp-json\/wp\/v2\/posts\/22358"}],"collection":[{"href":"https:\/\/espacoecologico.com.br\/arquivo\/wp-json\/wp\/v2\/posts"}],"about":[{"href":"https:\/\/espacoecologico.com.br\/arquivo\/wp-json\/wp\/v2\/types\/post"}],"author":[{"embeddable":true,"href":"https:\/\/espacoecologico.com.br\/arquivo\/wp-json\/wp\/v2\/users\/2"}],"replies":[{"embeddable":true,"href":"https:\/\/espacoecologico.com.br\/arquivo\/wp-json\/wp\/v2\/comments?post=22358"}],"version-history":[{"count":0,"href":"https:\/\/espacoecologico.com.br\/arquivo\/wp-json\/wp\/v2\/posts\/22358\/revisions"}],"wp:featuredmedia":[{"embeddable":true,"href":"https:\/\/espacoecologico.com.br\/arquivo\/wp-json\/wp\/v2\/media\/22359"}],"wp:attachment":[{"href":"https:\/\/espacoecologico.com.br\/arquivo\/wp-json\/wp\/v2\/media?parent=22358"}],"wp:term":[{"taxonomy":"category","embeddable":true,"href":"https:\/\/espacoecologico.com.br\/arquivo\/wp-json\/wp\/v2\/categories?post=22358"},{"taxonomy":"post_tag","embeddable":true,"href":"https:\/\/espacoecologico.com.br\/arquivo\/wp-json\/wp\/v2\/tags?post=22358"}],"curies":[{"name":"wp","href":"https:\/\/api.w.org\/{rel}","templated":true}]}}