{"id":22355,"date":"2015-06-06T12:00:42","date_gmt":"2015-06-06T12:00:42","guid":{"rendered":"https:\/\/espacoecologico.com.br\/arquivo\/?p=22355"},"modified":"2015-06-05T23:27:32","modified_gmt":"2015-06-05T23:27:32","slug":"chuvas-tipicas-do-litoral-e-agreste-alcancam-sertao-mas-acudes-seguem-secos","status":"publish","type":"post","link":"https:\/\/espacoecologico.com.br\/arquivo\/chuvas-tipicas-do-litoral-e-agreste-alcancam-sertao-mas-acudes-seguem-secos\/","title":{"rendered":"Chuvas t\u00edpicas do Litoral e Agreste alcan\u00e7am Sert\u00e3o, mas a\u00e7udes seguem secos"},"content":{"rendered":"<p><a href=\"https:\/\/espacoecologico.com.br\/arquivo\/wp-content\/uploads\/2015\/06\/chuva_pb.jpg\"><img loading=\"lazy\" class=\"alignleft size-medium wp-image-22356\" src=\"https:\/\/espacoecologico.com.br\/arquivo\/wp-content\/uploads\/2015\/06\/chuva_pb-300x192.jpg\" alt=\"\" width=\"300\" height=\"192\" srcset=\"https:\/\/espacoecologico.com.br\/arquivo\/wp-content\/uploads\/2015\/06\/chuva_pb-300x192.jpg 300w, https:\/\/espacoecologico.com.br\/arquivo\/wp-content\/uploads\/2015\/06\/chuva_pb.jpg 415w\" sizes=\"(max-width: 300px) 100vw, 300px\" \/><\/a>A chuva registrada em algumas cidades do Sert\u00e3o da Para\u00edba nesse feriado de Corpus Christi (quinta-4), trouxe alegria ao sertanejo num momento de expectativas pessimistas e amea\u00e7as de amplia\u00e7\u00e3o do racionamento j\u00e1 praticado na regi\u00e3o. Mas, de acordo com o meteorologista da Ag\u00eancia de Gest\u00e3o das \u00c1guas (Aesa), Alexandre Magno, as precipita\u00e7\u00f5es foram de baixa intensidade e fracas no Sert\u00e3o e Cariri e mais intensas no Litoral.<\/p>\n<p>As cidades mais beneficiadas com chuvas nesses primeiros cinco dias de junho foram Rio Tinto, com 78 mil\u00edmetros; Mamanguape, com 75 mil\u00edmetros e Jo\u00e3o Pessoa, com 72 mil\u00edmetros, no Litoral. J\u00e1 no Agreste choveu 56 mil\u00edmetros em Serraria; em Ara\u00e7agi, 55 mil\u00edmetros; e em Cruz do Esp\u00edrito Santo, 49,9 mil\u00edmetros.<\/p>\n<p>No Sert\u00e3o, os munic\u00edpios agraciados com chuvas foram Itaporanga, com 27,9 mil\u00edmetros; Aparecida, com 16 mil\u00edmetros; Imaculada com 11,1 mil\u00edmetros e Cajazeiras 10,5 mil\u00edmetros.<\/p>\n<p>Na an\u00e1lise de Alexandre Magno, as chuvas em algumas localidades do Sert\u00e3o s\u00e3o extens\u00f5es das chuvas do Litoral e Agreste. &#8220;S\u00e3o precipita\u00e7\u00f5es pequenas e t\u00edpicas do setor leste, ou seja, do Litoral e Agreste, e se estenderam at\u00e9 o Cariri, Curimata\u00fa e Sert\u00e3o&#8221;.<\/p>\n<p>A <strong><a href=\"http:\/\/portalcorreio.uol.com.br\/noticias\/cidades\/tempo\/2015\/06\/05\/NWS,260141,4,64,NOTICIAS,2190-FIM-SEMANA-SER-CHUVA-TEMPERATURA-20O-PARAIBA.aspx\" target=\"_blank\">previs\u00e3o<\/a><\/strong> \u00e9 de que ocorra continuidade dessas precipita\u00e7\u00f5es durante o fim de semana, conforme a previs\u00e3o do meteorologista.<\/p>\n<p><strong>A\u00e7udes sem altera\u00e7\u00e3o<\/strong><\/p>\n<p>O meteorologista da Aesa informou ainda que nas regi\u00f5es do Sert\u00e3o, Cariri e Curimata\u00fa n\u00e3o h\u00e1 expectativa de nenhuma mudan\u00e7a em rela\u00e7\u00e3o ao n\u00edvel dos reservat\u00f3rios que abastecem as cidades, ou seja, a situa\u00e7\u00e3o h\u00eddrica do estado continua se agravando.<\/p>\n<p>H\u00e1 uma expectativa, no entanto, para os a\u00e7udes situados no Litoral que podem ter algum acr\u00e9scimo, mas essa an\u00e1lise s\u00f3 poder\u00e1 ser feita nesta pr\u00f3xima segunda-feira (8) quando os medidores ter\u00e3o condi\u00e7\u00f5es de mostrar os resultados provocados pelas precipita\u00e7\u00f5es.<\/p>\n<p>A situa\u00e7\u00e3o h\u00eddrica da Para\u00edba revela um quadro preocupante com <a href=\"http:\/\/portalcorreio.uol.com.br\/noticias\/cidades\/tempo\/2015\/05\/18\/NWS,259202,4,64,NOTICIAS,2190-GOVERNO-FEDERAL-RECONHECE-EMERGENCIA-CIDADES-AFETADAS-PELA-SECA.aspx\" target=\"_blank\"><strong>197 munic\u00edpios em estado de emerg\u00eancia<\/strong><\/a> por causa da falta de \u00e1gua. Isso representa 88% das cidades paraibanas afetadas pela escassez de recursos h\u00eddricos para o abastecimento da popula\u00e7\u00e3o.<\/p>\n<p>O<a href=\"http:\/\/portalcorreio.uol.com.br\/noticias\/servicos\/geral\/2015\/05\/21\/NWS,259392,43,417,NOTICIAS,2190-RACIONAMENTO-AUMENTAR-OUTRAS-LOCALIDADES-PARAIBANAS.aspx\" target=\"_blank\"><strong> racionamento<\/strong><\/a> j\u00e1 foi implantado em pelo menos 33 munic\u00edpios do estado e oito cidades da regi\u00e3o polarizada por Campina Grande tiveram o tempo de racionamento ampliado para 60 horas a partir deste s\u00e1bado (6).<\/p>\n<p>Essas cidades que estavam sem \u00e1gua nas torneiras a partir das 17h dos s\u00e1bados at\u00e9 as 5h das segundas-feiras passaram a sofrer com o desabastecimento at\u00e9 as 5h das ter\u00e7as-feiras.<\/p>\n","protected":false},"excerpt":{"rendered":"<p>A chuva registrada em algumas cidades do Sert\u00e3o da Para\u00edba nesse feriado de Corpus Christi<\/p>\n","protected":false},"author":2,"featured_media":22356,"comment_status":"open","ping_status":"open","sticky":false,"template":"","format":"standard","meta":[],"categories":[],"tags":[],"uagb_featured_image_src":{"full":["https:\/\/espacoecologico.com.br\/arquivo\/wp-content\/uploads\/2015\/06\/chuva_pb.jpg",415,265,false],"thumbnail":["https:\/\/espacoecologico.com.br\/arquivo\/wp-content\/uploads\/2015\/06\/chuva_pb-150x150.jpg",150,150,true],"medium":["https:\/\/espacoecologico.com.br\/arquivo\/wp-content\/uploads\/2015\/06\/chuva_pb-300x192.jpg",300,192,true],"medium_large":["https:\/\/espacoecologico.com.br\/arquivo\/wp-content\/uploads\/2015\/06\/chuva_pb.jpg",415,265,false],"large":["https:\/\/espacoecologico.com.br\/arquivo\/wp-content\/uploads\/2015\/06\/chuva_pb.jpg",415,265,false],"1536x1536":["https:\/\/espacoecologico.com.br\/arquivo\/wp-content\/uploads\/2015\/06\/chuva_pb.jpg",415,265,false],"2048x2048":["https:\/\/espacoecologico.com.br\/arquivo\/wp-content\/uploads\/2015\/06\/chuva_pb.jpg",415,265,false],"cream-magazine-thumbnail-2":["https:\/\/espacoecologico.com.br\/arquivo\/wp-content\/uploads\/2015\/06\/chuva_pb.jpg",415,265,false],"cream-magazine-thumbnail-3":["https:\/\/espacoecologico.com.br\/arquivo\/wp-content\/uploads\/2015\/06\/chuva_pb.jpg",415,265,false],"cream-magazine-thumbnail-4":["https:\/\/espacoecologico.com.br\/arquivo\/wp-content\/uploads\/2015\/06\/chuva_pb.jpg",415,265,false]},"uagb_author_info":{"display_name":"","author_link":"https:\/\/espacoecologico.com.br\/arquivo\/author\/"},"uagb_comment_info":0,"uagb_excerpt":"A chuva registrada em algumas cidades do Sert\u00e3o da Para\u00edba nesse feriado de Corpus Christi","_links":{"self":[{"href":"https:\/\/espacoecologico.com.br\/arquivo\/wp-json\/wp\/v2\/posts\/22355"}],"collection":[{"href":"https:\/\/espacoecologico.com.br\/arquivo\/wp-json\/wp\/v2\/posts"}],"about":[{"href":"https:\/\/espacoecologico.com.br\/arquivo\/wp-json\/wp\/v2\/types\/post"}],"author":[{"embeddable":true,"href":"https:\/\/espacoecologico.com.br\/arquivo\/wp-json\/wp\/v2\/users\/2"}],"replies":[{"embeddable":true,"href":"https:\/\/espacoecologico.com.br\/arquivo\/wp-json\/wp\/v2\/comments?post=22355"}],"version-history":[{"count":0,"href":"https:\/\/espacoecologico.com.br\/arquivo\/wp-json\/wp\/v2\/posts\/22355\/revisions"}],"wp:featuredmedia":[{"embeddable":true,"href":"https:\/\/espacoecologico.com.br\/arquivo\/wp-json\/wp\/v2\/media\/22356"}],"wp:attachment":[{"href":"https:\/\/espacoecologico.com.br\/arquivo\/wp-json\/wp\/v2\/media?parent=22355"}],"wp:term":[{"taxonomy":"category","embeddable":true,"href":"https:\/\/espacoecologico.com.br\/arquivo\/wp-json\/wp\/v2\/categories?post=22355"},{"taxonomy":"post_tag","embeddable":true,"href":"https:\/\/espacoecologico.com.br\/arquivo\/wp-json\/wp\/v2\/tags?post=22355"}],"curies":[{"name":"wp","href":"https:\/\/api.w.org\/{rel}","templated":true}]}}