{"id":22353,"date":"2015-06-06T15:00:03","date_gmt":"2015-06-06T15:00:03","guid":{"rendered":"https:\/\/espacoecologico.com.br\/arquivo\/?p=22353"},"modified":"2015-06-05T23:19:18","modified_gmt":"2015-06-05T23:19:18","slug":"apenas-cinco-estados-atingem-meta-de-vacinacao-contra-gripe","status":"publish","type":"post","link":"https:\/\/espacoecologico.com.br\/arquivo\/apenas-cinco-estados-atingem-meta-de-vacinacao-contra-gripe\/","title":{"rendered":"Apenas cinco estados atingem meta de vacina\u00e7\u00e3o contra gripe"},"content":{"rendered":"<p><a href=\"https:\/\/espacoecologico.com.br\/arquivo\/wp-content\/uploads\/2015\/05\/vacinacao.jpg\"><img loading=\"lazy\" class=\"alignleft size-medium wp-image-21286\" src=\"https:\/\/espacoecologico.com.br\/arquivo\/wp-content\/uploads\/2015\/05\/vacinacao-300x192.jpg\" alt=\"\" width=\"300\" height=\"192\" srcset=\"https:\/\/espacoecologico.com.br\/arquivo\/wp-content\/uploads\/2015\/05\/vacinacao-300x192.jpg 300w, https:\/\/espacoecologico.com.br\/arquivo\/wp-content\/uploads\/2015\/05\/vacinacao.jpg 415w\" sizes=\"(max-width: 300px) 100vw, 300px\" \/><\/a>Balan\u00e7o do <a class=\"news no_blog\" href=\"http:\/\/extra.globo.com\/noticias\/brasil\/ministerio-da-saude\/\" rel=\"follow\">Minist\u00e9rio da Sa\u00fade<\/a> revela que 21 estados e o Distrito Federal n\u00e3o cumpriram a meta de vacina\u00e7\u00e3o contra a gripe prevista na campanha deste ano. O governo recomenda que a vacina\u00e7\u00e3o continue em estados e munic\u00edpios que n\u00e3o atingiram o p\u00fablico-alvo priorit\u00e1rio. Os cinco estados que cumpriram a meta s\u00e3o: Amap\u00e1 (89,4%), Paran\u00e1 (83,5%), Santa Catarina (82,2%) Esp\u00edrito Santo (81,8%) e Amazonas (81.4%). Acampanha<\/p>\n<p>A campanha teve in\u00edcio em 4 de maio e tinha previs\u00e3o de encerramento no dia 22 de maio. Mas como n\u00e3o havia atingido a meta, o governo prorrogou at\u00e9 5 junho. O minist\u00e9rio informou que n\u00e3o far\u00e1 nova prorroga\u00e7\u00e3o.<\/p>\n<p>Segundo o minist\u00e9rio, 35,9 milh\u00f5es de pessoas foram vacinadas, o que corresponde a 73% do p\u00fablico-alvo. A meta era vacinar, pelo menos, 80% do p\u00fablico priorit\u00e1rio, considerado com mais riscos de desenvolver complica\u00e7\u00f5es causadas pela doen\u00e7a.<\/p>\n<p>O \u00fanico grupo que atingiu a meta at\u00e9 o momento \u00e9 o das mulheres com 45 dias ap\u00f3s o parto, com 92% de mulheres vacinadas. O segundo grupo com maior cobertura \u00e9 o dos idosos, 76%; seguido por trabalhadores da sa\u00fade, com 72% vacinados; crian\u00e7as de seis meses a menores de cinco, 69,6%; gestantes, 63,4%; e os ind\u00edgenas, com 62,9% do grupo vacinados .<\/p>\n<p>\u2014 Se forem esgotadas todas as possibilidades de vacina\u00e7\u00e3o dos grupos priorit\u00e1rios cada munic\u00edpio define o p\u00fablico que ser\u00e1 inclu\u00eddo na campanha \u2014 explicou a coordenadora do Programa Nacional de Imuniza\u00e7\u00f5es do Minist\u00e9rio da Sa\u00fade, Carla Domingues.<\/p>\n<p>A vacina disponibilizada em 2015 protege contra os tr\u00eas subtipos do v\u00edrus da gripe determinados pela OMS para este ano (A\/H1N1; A\/H3N2 e influenza B). O custo para aquisi\u00e7\u00e3o das vacinas neste ano foi de R$ 487,6 milh\u00f5es por meio de uma Parceria para o Desenvolvimento Produtivo entre o Instituto Butantan, que produziu as doses e um laborat\u00f3rio privado.<\/p>\n","protected":false},"excerpt":{"rendered":"<p>Balan\u00e7o do Minist\u00e9rio da Sa\u00fade revela que 21 estados e o Distrito Federal n\u00e3o cumpriram<\/p>\n","protected":false},"author":2,"featured_media":21286,"comment_status":"open","ping_status":"open","sticky":false,"template":"","format":"standard","meta":[],"categories":[],"tags":[],"uagb_featured_image_src":{"full":["https:\/\/espacoecologico.com.br\/arquivo\/wp-content\/uploads\/2015\/05\/vacinacao.jpg",415,265,false],"thumbnail":["https:\/\/espacoecologico.com.br\/arquivo\/wp-content\/uploads\/2015\/05\/vacinacao-150x150.jpg",150,150,true],"medium":["https:\/\/espacoecologico.com.br\/arquivo\/wp-content\/uploads\/2015\/05\/vacinacao-300x192.jpg",300,192,true],"medium_large":["https:\/\/espacoecologico.com.br\/arquivo\/wp-content\/uploads\/2015\/05\/vacinacao.jpg",415,265,false],"large":["https:\/\/espacoecologico.com.br\/arquivo\/wp-content\/uploads\/2015\/05\/vacinacao.jpg",415,265,false],"1536x1536":["https:\/\/espacoecologico.com.br\/arquivo\/wp-content\/uploads\/2015\/05\/vacinacao.jpg",415,265,false],"2048x2048":["https:\/\/espacoecologico.com.br\/arquivo\/wp-content\/uploads\/2015\/05\/vacinacao.jpg",415,265,false],"cream-magazine-thumbnail-2":["https:\/\/espacoecologico.com.br\/arquivo\/wp-content\/uploads\/2015\/05\/vacinacao.jpg",415,265,false],"cream-magazine-thumbnail-3":["https:\/\/espacoecologico.com.br\/arquivo\/wp-content\/uploads\/2015\/05\/vacinacao.jpg",415,265,false],"cream-magazine-thumbnail-4":["https:\/\/espacoecologico.com.br\/arquivo\/wp-content\/uploads\/2015\/05\/vacinacao.jpg",415,265,false]},"uagb_author_info":{"display_name":"","author_link":"https:\/\/espacoecologico.com.br\/arquivo\/author\/"},"uagb_comment_info":0,"uagb_excerpt":"Balan\u00e7o do Minist\u00e9rio da Sa\u00fade revela que 21 estados e o Distrito Federal n\u00e3o cumpriram","_links":{"self":[{"href":"https:\/\/espacoecologico.com.br\/arquivo\/wp-json\/wp\/v2\/posts\/22353"}],"collection":[{"href":"https:\/\/espacoecologico.com.br\/arquivo\/wp-json\/wp\/v2\/posts"}],"about":[{"href":"https:\/\/espacoecologico.com.br\/arquivo\/wp-json\/wp\/v2\/types\/post"}],"author":[{"embeddable":true,"href":"https:\/\/espacoecologico.com.br\/arquivo\/wp-json\/wp\/v2\/users\/2"}],"replies":[{"embeddable":true,"href":"https:\/\/espacoecologico.com.br\/arquivo\/wp-json\/wp\/v2\/comments?post=22353"}],"version-history":[{"count":0,"href":"https:\/\/espacoecologico.com.br\/arquivo\/wp-json\/wp\/v2\/posts\/22353\/revisions"}],"wp:featuredmedia":[{"embeddable":true,"href":"https:\/\/espacoecologico.com.br\/arquivo\/wp-json\/wp\/v2\/media\/21286"}],"wp:attachment":[{"href":"https:\/\/espacoecologico.com.br\/arquivo\/wp-json\/wp\/v2\/media?parent=22353"}],"wp:term":[{"taxonomy":"category","embeddable":true,"href":"https:\/\/espacoecologico.com.br\/arquivo\/wp-json\/wp\/v2\/categories?post=22353"},{"taxonomy":"post_tag","embeddable":true,"href":"https:\/\/espacoecologico.com.br\/arquivo\/wp-json\/wp\/v2\/tags?post=22353"}],"curies":[{"name":"wp","href":"https:\/\/api.w.org\/{rel}","templated":true}]}}