{"id":22347,"date":"2015-06-06T13:00:34","date_gmt":"2015-06-06T13:00:34","guid":{"rendered":"https:\/\/espacoecologico.com.br\/arquivo\/?p=22347"},"modified":"2015-06-05T23:09:47","modified_gmt":"2015-06-05T23:09:47","slug":"florianopolis-pretende-bater-recorde-de-cidade-que-mais-recicla-oleo-de-cozinha","status":"publish","type":"post","link":"https:\/\/espacoecologico.com.br\/arquivo\/florianopolis-pretende-bater-recorde-de-cidade-que-mais-recicla-oleo-de-cozinha\/","title":{"rendered":"Florian\u00f3polis pretende bater recorde de cidade que mais recicla \u00f3leo de cozinha"},"content":{"rendered":"<div id=\"texto\">\n<p><a href=\"https:\/\/espacoecologico.com.br\/arquivo\/wp-content\/uploads\/2015\/06\/oleo_cozinha.jpg\"><img loading=\"lazy\" class=\"alignleft size-medium wp-image-22348\" src=\"https:\/\/espacoecologico.com.br\/arquivo\/wp-content\/uploads\/2015\/06\/oleo_cozinha-300x192.jpg\" alt=\"\" width=\"300\" height=\"192\" srcset=\"https:\/\/espacoecologico.com.br\/arquivo\/wp-content\/uploads\/2015\/06\/oleo_cozinha-300x192.jpg 300w, https:\/\/espacoecologico.com.br\/arquivo\/wp-content\/uploads\/2015\/06\/oleo_cozinha.jpg 415w\" sizes=\"(max-width: 300px) 100vw, 300px\" \/><\/a>O t\u00edtulo de cidade que mais coleta e recicla \u00f3leo vegetal no mundo \u00e9 de Florian\u00f3polis desde 2012. Gra\u00e7as ao trabalho do programa Re\u00d3leo, a capital catarinense entrou para o Guinness Book, famoso livro dos recordes, ap\u00f3s coletar 18.670 litros do res\u00edduo em um \u00fanico m\u00eas.<\/p>\n<p>O Re\u00d3leo, da Associa\u00e7\u00e3o Comercial e Industrial de Florianopolis (ACIF), quer superar a marca j\u00e1 registrada e chegar a 20 mil litros coletados. Para tanto, a campanha de arrecada\u00e7\u00e3o come\u00e7ou no dia primeiro de junho e vai at\u00e9 30 de junho.<\/p>\n<p>A iniciativa pretende movimentar toda a comunidade &#8211; moradores, propriet\u00e1rios de bares, restaurantes, hot\u00e9is, escolas entre outros -, para que deixem de descartar o \u00f3leo usado na pia ou jog\u00e1-lo direto no solo.<\/p>\n<p>Para participar da campanha e tamb\u00e9m colaborar com o meio ambiente, basta armazenar o res\u00edduo em garrafas PET e entregar em um dos cerca de 200 pontos de entrega volunt\u00e1ria (PEV&#8217;s) do programa espalhados por Florian\u00f3polis. Todo o \u00f3leo coletado seguir\u00e1 para a empresa Ambiental Santos, parceira do programa, onde ser\u00e1 reciclado. Segundo o diretor do Programa Re\u00d3leo, Luiz Falc\u00e3o, a ideia da campanha \u00e9, al\u00e9m do novo recorde, criar em cada pessoa o h\u00e1bito de descartar corretamente o \u00f3leo usado. \u201c\u00c9 dar continuidade ao ciclo da sustentabilidade, mobilizando e conscientizando crian\u00e7as e adultos\u201d, explica.<\/p>\n<p>Para atingir o objetivo, o Re\u00d3leo ir\u00e1 promover uma s\u00e9rie de atividades pela cidade e uma gincana de arrecada\u00e7\u00e3o entre as escolas p\u00fablicas e particulares j\u00e1 inscritas no programa. Por meio da gincana, as escolas receber\u00e3o produtos de limpeza conforme a quantidade de \u00f3leo arrecadada e a que mais contribuir para a campanha de quebra do recorde, receber\u00e1 uma verba de tr\u00eas mil reais para a\u00e7\u00f5es relacionadas com educa\u00e7\u00e3o ambiental.<\/p>\n<p>A listagem de PEV&#8217;s e os endere\u00e7os para entrega do \u00f3leo podem ser acessados\u00a0<a href=\"http:\/\/www.acif.org.br\/reoleo\/pontos-de-entrega\" target=\"_blank\">aqui<\/a>.<\/p>\n<p><strong>Programa\u00e7\u00e3o Campanha 2015:<\/strong><\/p>\n<p>29\/05 e 12\/06 &#8211; Caminhada da ACIF pela cidade para sensibiliza\u00e7\u00e3o da popula\u00e7\u00e3o e dos estabelecimentos comerciais sobre a import\u00e2ncia de descartar corretamente o \u00f3leo de cozinha usado;<\/p>\n<p>01\/06 &#8211; das 15h \u00e0s 16h, no audit\u00f3rio da reitoria da UFSC &#8211; Abertura da Campanha na Semana Ambiental da UFSC &#8211; apresenta\u00e7\u00e3o de palestra sobre o Re\u00f3leo, com o Diretor Luiz Ant\u00f4nio Falc\u00e3o de Moura;<\/p>\n<p>05\/06 &#8211; \u00e0s 15h, no Parque de Coqueiros &#8211; Blitz na Semana de Conscientiza\u00e7\u00e3o Ambiental da FLORAM &#8211; posto de coleta de \u00f3leo vegetal.<\/p>\n<p>08\/06 &#8211; no NEI Ingleses &#8211; Palestra Reciclar \u00e9 Educar<\/p>\n<\/div>\n","protected":false},"excerpt":{"rendered":"<p>O t\u00edtulo de cidade que mais coleta e recicla \u00f3leo vegetal no mundo \u00e9 de<\/p>\n","protected":false},"author":2,"featured_media":22348,"comment_status":"open","ping_status":"open","sticky":false,"template":"","format":"standard","meta":[],"categories":[],"tags":[],"uagb_featured_image_src":{"full":["https:\/\/espacoecologico.com.br\/arquivo\/wp-content\/uploads\/2015\/06\/oleo_cozinha.jpg",415,265,false],"thumbnail":["https:\/\/espacoecologico.com.br\/arquivo\/wp-content\/uploads\/2015\/06\/oleo_cozinha-150x150.jpg",150,150,true],"medium":["https:\/\/espacoecologico.com.br\/arquivo\/wp-content\/uploads\/2015\/06\/oleo_cozinha-300x192.jpg",300,192,true],"medium_large":["https:\/\/espacoecologico.com.br\/arquivo\/wp-content\/uploads\/2015\/06\/oleo_cozinha.jpg",415,265,false],"large":["https:\/\/espacoecologico.com.br\/arquivo\/wp-content\/uploads\/2015\/06\/oleo_cozinha.jpg",415,265,false],"1536x1536":["https:\/\/espacoecologico.com.br\/arquivo\/wp-content\/uploads\/2015\/06\/oleo_cozinha.jpg",415,265,false],"2048x2048":["https:\/\/espacoecologico.com.br\/arquivo\/wp-content\/uploads\/2015\/06\/oleo_cozinha.jpg",415,265,false],"cream-magazine-thumbnail-2":["https:\/\/espacoecologico.com.br\/arquivo\/wp-content\/uploads\/2015\/06\/oleo_cozinha.jpg",415,265,false],"cream-magazine-thumbnail-3":["https:\/\/espacoecologico.com.br\/arquivo\/wp-content\/uploads\/2015\/06\/oleo_cozinha.jpg",415,265,false],"cream-magazine-thumbnail-4":["https:\/\/espacoecologico.com.br\/arquivo\/wp-content\/uploads\/2015\/06\/oleo_cozinha.jpg",415,265,false]},"uagb_author_info":{"display_name":"","author_link":"https:\/\/espacoecologico.com.br\/arquivo\/author\/"},"uagb_comment_info":0,"uagb_excerpt":"O t\u00edtulo de cidade que mais coleta e recicla \u00f3leo vegetal no mundo \u00e9 de","_links":{"self":[{"href":"https:\/\/espacoecologico.com.br\/arquivo\/wp-json\/wp\/v2\/posts\/22347"}],"collection":[{"href":"https:\/\/espacoecologico.com.br\/arquivo\/wp-json\/wp\/v2\/posts"}],"about":[{"href":"https:\/\/espacoecologico.com.br\/arquivo\/wp-json\/wp\/v2\/types\/post"}],"author":[{"embeddable":true,"href":"https:\/\/espacoecologico.com.br\/arquivo\/wp-json\/wp\/v2\/users\/2"}],"replies":[{"embeddable":true,"href":"https:\/\/espacoecologico.com.br\/arquivo\/wp-json\/wp\/v2\/comments?post=22347"}],"version-history":[{"count":0,"href":"https:\/\/espacoecologico.com.br\/arquivo\/wp-json\/wp\/v2\/posts\/22347\/revisions"}],"wp:featuredmedia":[{"embeddable":true,"href":"https:\/\/espacoecologico.com.br\/arquivo\/wp-json\/wp\/v2\/media\/22348"}],"wp:attachment":[{"href":"https:\/\/espacoecologico.com.br\/arquivo\/wp-json\/wp\/v2\/media?parent=22347"}],"wp:term":[{"taxonomy":"category","embeddable":true,"href":"https:\/\/espacoecologico.com.br\/arquivo\/wp-json\/wp\/v2\/categories?post=22347"},{"taxonomy":"post_tag","embeddable":true,"href":"https:\/\/espacoecologico.com.br\/arquivo\/wp-json\/wp\/v2\/tags?post=22347"}],"curies":[{"name":"wp","href":"https:\/\/api.w.org\/{rel}","templated":true}]}}