{"id":22340,"date":"2015-06-06T16:00:58","date_gmt":"2015-06-06T16:00:58","guid":{"rendered":"https:\/\/espacoecologico.com.br\/arquivo\/?p=22340"},"modified":"2015-06-05T23:28:59","modified_gmt":"2015-06-05T23:28:59","slug":"peixes-tropicais-procuram-o-artico-para-fugir-do-aquecimento-global","status":"publish","type":"post","link":"https:\/\/espacoecologico.com.br\/arquivo\/peixes-tropicais-procuram-o-artico-para-fugir-do-aquecimento-global\/","title":{"rendered":"Peixes tropicais procuram o \u00c1rtico para fugir do aquecimento global"},"content":{"rendered":"<p><a href=\"https:\/\/espacoecologico.com.br\/arquivo\/wp-content\/uploads\/2015\/06\/peixes_tropicais.jpg\"><img loading=\"lazy\" class=\"alignleft size-medium wp-image-22341\" src=\"https:\/\/espacoecologico.com.br\/arquivo\/wp-content\/uploads\/2015\/06\/peixes_tropicais-300x192.jpg\" alt=\"\" width=\"300\" height=\"192\" srcset=\"https:\/\/espacoecologico.com.br\/arquivo\/wp-content\/uploads\/2015\/06\/peixes_tropicais-300x192.jpg 300w, https:\/\/espacoecologico.com.br\/arquivo\/wp-content\/uploads\/2015\/06\/peixes_tropicais.jpg 415w\" sizes=\"(max-width: 300px) 100vw, 300px\" \/><\/a>O imenso mar deserto em regi\u00f5es como a costa brasileira compromete a exist\u00eancia da ind\u00fastria da pesca, vital para o setor econ\u00f4mico e para a dieta da popula\u00e7\u00e3o. Um estudo publicado esta semana na revista \u201cScience\u201d mostra que o aquecimento global, provocado pela a\u00e7\u00e3o humana, est\u00e1 impulsionando a migra\u00e7\u00e3o de esp\u00e9cies marinhas dos oceanos tropicais para o \u00c1rtico. Pesquisadores entrevistados pelo GLOBO avaliam que o Dia Mundial do Meio Ambiente, comemorado hoje, deve servir como reflex\u00e3o sobre os efeitos do excesso de calor nos oceanos, que atrapalham a produ\u00e7\u00e3o de oxig\u00eanio necess\u00e1rio para a vida.<\/p>\n<p>\u2014 Quanto mais quente \u00e9 a \u00e1gua, menor \u00e9 a quantidade de oxig\u00eanio dispon\u00edvel. Isso explica porque a pesca nos tr\u00f3picos \u00e9 menos produtiva do que em regi\u00f5es frias \u2014 explica Cl\u00e1udio Gon\u00e7alves Tiago, pesquisador do Centro de Biologia Marinha da USP. \u2014 O estudo mostra como o bacalhau, uma esp\u00e9cie de caranguejo e duas de peixes, todas importantes economicamente para uma s\u00e9rie de pa\u00edses, est\u00e3o precisando ir para outras regi\u00f5es, ou viver em \u00e1reas mais profundas, para conseguir manter o metabolismo.<\/p>\n<p>Autor principal do estudo, Hans-Otto P\u00f6rtner avalia que as esp\u00e9cies tropicais rec\u00e9m-chegadas no \u00c1rtico podem abalar o equil\u00edbrio do ecossistema. As esp\u00e9cies mais vulner\u00e1veis, inclusive, sofreriam com a amea\u00e7a de extin\u00e7\u00e3o.<\/p>\n<p>\u2014 A \u00e1gua no \u00c1rtico \u00e9 extremamente fria, mas tamb\u00e9m muito rica em oxig\u00eanio \u2014 observa. \u2014 Com a evolu\u00e7\u00e3o, os animais que vivem ali se adaptaram a estas condi\u00e7\u00f5es e ter\u00e3o menos chance de sobreviver quando esta regi\u00e3o for mais atingida pelo aquecimento global. As esp\u00e9cies que migram de regi\u00f5es quentes, e que precisam de menos oxig\u00eanio, v\u00e3o atingir fortemente as nativas \u2014 explica.<\/p>\n<p><strong>\u2018BACALHAU EST\u00c1 VIRANDO REFUGIADO CLIM\u00c1TICO\u2019<\/strong><\/p>\n<p>Especialista em vida marinha do Instituto Oswaldo Cruz, Salvatore Siciliano admite que as consequ\u00eancias da nova distribui\u00e7\u00e3o das esp\u00e9cies marinhas no planeta ainda s\u00e3o misteriosas.<span id=\"x21_362588375\">\u00a0 <\/span><img loading=\"lazy\" src=\"http:\/\/ads.globo.com\/RealMedia\/ads\/adstream_lx.ads\/ogcoglobo8\/sociedade\/sustentabilidade\/materia\/L45\/L45\/362588375\/x21\/ocg\/5447-1_midiaapoio_150602_projetocnc_OGlobo_ROS_Ret_1109\/cnc_ret_03-06.html\/735a37677246526558757341424d7674?_RM_EMPTY_&amp;RM_Exclude=GLOBONETWORK&amp;_RM_HTML_PUB_=ogcoglobo8\/sociedade\/sustentabilidade\/materia\/L45&amp;_RM_HTML_POSNET_=x21&amp;uuid=86171168059257177722864495657272533810&amp;aam=aam=0007&amp;aam=0008&amp;aam=0010&amp;aam=0004&amp;aam10=0007&amp;aam10=0004&amp;3rd=0002&amp;aam=0010-01&amp;aam=0007-10&amp;aam=0007-01&amp;aam=0004-10&amp;aam=0007-02&amp;aam=0002-n&amp;aam=0003-n&amp;aam=0007-n&amp;aam=0006-n&amp;aam=0008-n&amp;aam=0013-n&amp;aam=0004-n&amp;aam=0011-n&amp;aam=d001&amp;aam=d0002&amp;aam=d007&amp;aam=d005&amp;aam=d006&amp;aam=0019-n&amp;aam=0007_f&amp;aam=0019-n&amp;aam=0004-20&amp;aam=0012-n&amp;aam=0018-n&amp;aam=d008&amp;aam=0010-264&amp;aam=0010-283&amp;aam=0010-262&amp;aam=0010-266&amp;aam=0010-275&amp;aam=0010-267&amp;aam=0010-263&amp;aam=0010-287&amp;aam=p009&amp;aam=p010&amp;aam=0020-n\" alt=\"\" width=\"1\" height=\"1\" \/><img loading=\"lazy\" src=\"http:\/\/ads.globo.com\/RealMedia\/ads\/adstream_lx.ads\/ogcoglobo8\/sociedade\/sustentabilidade\/materia\/L45\/1427535993\/x21\/ocg\/adnetwork_globo_rein\/teste_x21.html\/735a37677246526558757341424d7674?_RM_EMPTY_&amp;entidade=Instituto%20Oswaldo%20Cruz-Daniel%20Botelho-Meio%20Ambiente-Painel%20Intergovernamental%20de%20Mudancas%20Climaticas-Joao%20Lara%20Mesquita-Marcelo%20Szpilman-Celsius-Claudio%20Goncalves%20Tiago-Salvatore%20Siciliano-Hans-Otto%20Portner-Neca%20Marcovaldi-Centro%20de%20Biologia%20Marinha%20da%20USP-Aquario%20Marinho%20do%20Rio-vida%20marinha-biodiversidade-ecossistema-sustentabilidade&amp;idArtigo=16355214&amp;gender=2&amp;age=5&amp;education=2&amp;interest=150&amp;interest=137&amp;interest=129&amp;interest=128&amp;interest=131&amp;interest=104&amp;interest=124&amp;interest=108&amp;interest=3&amp;interest=61&amp;interest=62&amp;interest=64&amp;interest=11&amp;interest=68&amp;interest=8&amp;interest=1&amp;interest=116&amp;interest=10&amp;interest=19&amp;interest=117&amp;interest=120&amp;interest=27&amp;interest=71&amp;interest=73&amp;interest=72&amp;interest=102&amp;interest=103&amp;interest=130&amp;interest=140&amp;interest=95&amp;interest=96&amp;interest=97&amp;interest=101&amp;interest=18&amp;interest=13&amp;interest=202&amp;interest=12&amp;interest=15&amp;interest=14&amp;interest=122&amp;interest=17&amp;interest=157&amp;interest=188&amp;interest=32&amp;interest=156&amp;interest=93&amp;interest=90&amp;interest=91&amp;interest=86&amp;interest=183&amp;interest=186&amp;product=10&amp;product=4&amp;product=19&amp;product=59&amp;product=45&amp;product=97&amp;product=15&amp;product=145&amp;product=7&amp;product=407&amp;product=65&amp;income=1&amp;marital=2&amp;cluster=45\" alt=\"\" width=\"1\" height=\"1\" \/><\/p>\n<p>\u2014 \u00c9 uma loteria. N\u00e3o sabemos se os polos conseguir\u00e3o receber estas esp\u00e9cies \u2014 alerta. \u2014 O bacalhau est\u00e1 virando um refugiado clim\u00e1tico. Se n\u00e3o procurar outro ambiente, corre o risco de desaparecer \u2014 diz.<\/p>\n<p>Coautor do \u00faltimo relat\u00f3rio do Painel Intergovernamental de Mudan\u00e7as Clim\u00e1ticas, divulgado no ano passado, P\u00f6rtner ressalta que muitas esp\u00e9cies marinhas s\u00f3 ter\u00e3o chance de sobreviver se migrarem para regi\u00f5es onde o aumento da temperatura global n\u00e3o ultrapasse a marca de 1,5 grau Celsius \u2014 sendo que a meta discutida pela comunidade internacional, e por muitos considerada ut\u00f3pica, j\u00e1 prev\u00ea o crescimento de 2 graus Celsius.<\/p>\n<p>Diante de um cen\u00e1rio que poderia parecer desanimador, pessoas como o bi\u00f3logo marinho Marcelo Szpilman n\u00e3o abrem m\u00e3o de preservar o litoral brasileiro. Apaixonado por tubar\u00f5es, Szpilman promete transform\u00e1-los na principal atra\u00e7\u00e3o do Aqu\u00e1rio Marinho do Rio. No front da defesa das esp\u00e9cies, a ocean\u00f3grafa Neca Marcovaldi salvou 20 milh\u00f5es de tartarugas, e o fot\u00f3grafo Daniel Botelho registra opera\u00e7\u00f5es de guerra contra os pescadores de baleias. No campo da pesquisa, o navegador Jo\u00e3o Lara Mesquita visita e registra o estado dos parques marinhos do pa\u00eds.<\/p>\n","protected":false},"excerpt":{"rendered":"<p>O imenso mar deserto em regi\u00f5es como a costa brasileira compromete a exist\u00eancia da ind\u00fastria<\/p>\n","protected":false},"author":2,"featured_media":22341,"comment_status":"open","ping_status":"open","sticky":false,"template":"","format":"standard","meta":[],"categories":[],"tags":[],"uagb_featured_image_src":{"full":["https:\/\/espacoecologico.com.br\/arquivo\/wp-content\/uploads\/2015\/06\/peixes_tropicais.jpg",415,265,false],"thumbnail":["https:\/\/espacoecologico.com.br\/arquivo\/wp-content\/uploads\/2015\/06\/peixes_tropicais-150x150.jpg",150,150,true],"medium":["https:\/\/espacoecologico.com.br\/arquivo\/wp-content\/uploads\/2015\/06\/peixes_tropicais-300x192.jpg",300,192,true],"medium_large":["https:\/\/espacoecologico.com.br\/arquivo\/wp-content\/uploads\/2015\/06\/peixes_tropicais.jpg",415,265,false],"large":["https:\/\/espacoecologico.com.br\/arquivo\/wp-content\/uploads\/2015\/06\/peixes_tropicais.jpg",415,265,false],"1536x1536":["https:\/\/espacoecologico.com.br\/arquivo\/wp-content\/uploads\/2015\/06\/peixes_tropicais.jpg",415,265,false],"2048x2048":["https:\/\/espacoecologico.com.br\/arquivo\/wp-content\/uploads\/2015\/06\/peixes_tropicais.jpg",415,265,false],"cream-magazine-thumbnail-2":["https:\/\/espacoecologico.com.br\/arquivo\/wp-content\/uploads\/2015\/06\/peixes_tropicais.jpg",415,265,false],"cream-magazine-thumbnail-3":["https:\/\/espacoecologico.com.br\/arquivo\/wp-content\/uploads\/2015\/06\/peixes_tropicais.jpg",415,265,false],"cream-magazine-thumbnail-4":["https:\/\/espacoecologico.com.br\/arquivo\/wp-content\/uploads\/2015\/06\/peixes_tropicais.jpg",415,265,false]},"uagb_author_info":{"display_name":"","author_link":"https:\/\/espacoecologico.com.br\/arquivo\/author\/"},"uagb_comment_info":0,"uagb_excerpt":"O imenso mar deserto em regi\u00f5es como a costa brasileira compromete a exist\u00eancia da ind\u00fastria","_links":{"self":[{"href":"https:\/\/espacoecologico.com.br\/arquivo\/wp-json\/wp\/v2\/posts\/22340"}],"collection":[{"href":"https:\/\/espacoecologico.com.br\/arquivo\/wp-json\/wp\/v2\/posts"}],"about":[{"href":"https:\/\/espacoecologico.com.br\/arquivo\/wp-json\/wp\/v2\/types\/post"}],"author":[{"embeddable":true,"href":"https:\/\/espacoecologico.com.br\/arquivo\/wp-json\/wp\/v2\/users\/2"}],"replies":[{"embeddable":true,"href":"https:\/\/espacoecologico.com.br\/arquivo\/wp-json\/wp\/v2\/comments?post=22340"}],"version-history":[{"count":0,"href":"https:\/\/espacoecologico.com.br\/arquivo\/wp-json\/wp\/v2\/posts\/22340\/revisions"}],"wp:featuredmedia":[{"embeddable":true,"href":"https:\/\/espacoecologico.com.br\/arquivo\/wp-json\/wp\/v2\/media\/22341"}],"wp:attachment":[{"href":"https:\/\/espacoecologico.com.br\/arquivo\/wp-json\/wp\/v2\/media?parent=22340"}],"wp:term":[{"taxonomy":"category","embeddable":true,"href":"https:\/\/espacoecologico.com.br\/arquivo\/wp-json\/wp\/v2\/categories?post=22340"},{"taxonomy":"post_tag","embeddable":true,"href":"https:\/\/espacoecologico.com.br\/arquivo\/wp-json\/wp\/v2\/tags?post=22340"}],"curies":[{"name":"wp","href":"https:\/\/api.w.org\/{rel}","templated":true}]}}