{"id":18536,"date":"2015-03-31T10:00:16","date_gmt":"2015-03-31T10:00:16","guid":{"rendered":"https:\/\/espacoecologico.com.br\/arquivo\/?p=18536"},"modified":"2015-03-30T23:23:05","modified_gmt":"2015-03-30T23:23:05","slug":"florianopolis-proibe-o-uso-de-veiculos-de-tracao-animal","status":"publish","type":"post","link":"https:\/\/espacoecologico.com.br\/arquivo\/florianopolis-proibe-o-uso-de-veiculos-de-tracao-animal\/","title":{"rendered":"Florian\u00f3polis pro\u00edbe o uso de ve\u00edculos de tra\u00e7\u00e3o animal na capital catarinense"},"content":{"rendered":"<div id=\"texto\">\n<p><a href=\"https:\/\/espacoecologico.com.br\/arquivo\/wp-content\/uploads\/2015\/03\/animal_tracao.jpg\"><img loading=\"lazy\" class=\"alignleft size-medium wp-image-18537\" src=\"https:\/\/espacoecologico.com.br\/arquivo\/wp-content\/uploads\/2015\/03\/animal_tracao-300x192.jpg\" alt=\"\" width=\"300\" height=\"192\" srcset=\"https:\/\/espacoecologico.com.br\/arquivo\/wp-content\/uploads\/2015\/03\/animal_tracao-300x192.jpg 300w, https:\/\/espacoecologico.com.br\/arquivo\/wp-content\/uploads\/2015\/03\/animal_tracao.jpg 415w\" sizes=\"(max-width: 300px) 100vw, 300px\" \/><\/a>A c\u00e2mara municipal de Florian\u00f3polis aprovou o projeto de lei 1.352\/2014 que pro\u00edbe a circula\u00e7\u00e3o de ve\u00edculos de tra\u00e7\u00e3o animal na capital catarinense. A vota\u00e7\u00e3o foi realizada na \u00faltima semana e a aprova\u00e7\u00e3o ocorreu por unanimidade.<\/p>\n<p>No prazo de dois anos a cidade deve ter acabado totalmente com o uso de animais para carregar cargas e pessoas. At\u00e9 l\u00e1, a proibi\u00e7\u00e3o ser\u00e1 gradativa, com o munic\u00edpio se comprometendo a auxiliar na profissionaliza\u00e7\u00e3o de catadores de recicl\u00e1veis, os principais usu\u00e1rios de carro\u00e7as de tra\u00e7\u00e3o animal.<\/p>\n<p>Entre as a\u00e7\u00f5es que devem ser aplicadas pelo Executivo com os catadores est\u00e3o: cadastramento social, capacita\u00e7\u00e3o, forma\u00e7\u00e3o t\u00e9cnica, incuba\u00e7\u00e3o em cooperativas e empreendimentos sociais solid\u00e1rios que viabilizem o aumento na produtividade e profissionaliza\u00e7\u00e3o.<\/p>\n<p>Ap\u00f3s o prazo para a adequa\u00e7\u00e3o \u00e0s novas diretrizes, as pessoas que forem flagradas descumprindo a lei perder\u00e3o o ve\u00edculo e o animal, que ser\u00e1 encaminhado ao centro de zoonoses e depois a um alojamento espec\u00edfico e adequado \u00e0 esp\u00e9cie. O projeto ainda determina que os animais apreendidos sejam encaminhados \u00e0 doa\u00e7\u00e3o a organiza\u00e7\u00f5es que atuem na \u00e1rea de prote\u00e7\u00e3o aos animais.<\/p>\n<p>A lei, no entanto, permite algumas exce\u00e7\u00f5es. Conforme informado pela <a href=\"http:\/\/www.cmf.sc.gov.br\/noticias\/3ac34975-1a61-4ac4-975e-c0581691d06e\" target=\"_blank\">C\u00e2mara Municipal<\/a>, os animais ainda podem ser usados em locais privados, passeios tur\u00edsticos e rotas ou baias que sejam autorizadas pela Prefeitura.<\/p>\n<\/div>\n","protected":false},"excerpt":{"rendered":"<p>A c\u00e2mara municipal de Florian\u00f3polis aprovou o projeto de lei 1.352\/2014 que pro\u00edbe a circula\u00e7\u00e3o<\/p>\n","protected":false},"author":2,"featured_media":18537,"comment_status":"open","ping_status":"open","sticky":false,"template":"","format":"standard","meta":[],"categories":[],"tags":[],"uagb_featured_image_src":{"full":["https:\/\/espacoecologico.com.br\/arquivo\/wp-content\/uploads\/2015\/03\/animal_tracao.jpg",415,265,false],"thumbnail":["https:\/\/espacoecologico.com.br\/arquivo\/wp-content\/uploads\/2015\/03\/animal_tracao-150x150.jpg",150,150,true],"medium":["https:\/\/espacoecologico.com.br\/arquivo\/wp-content\/uploads\/2015\/03\/animal_tracao-300x192.jpg",300,192,true],"medium_large":["https:\/\/espacoecologico.com.br\/arquivo\/wp-content\/uploads\/2015\/03\/animal_tracao.jpg",415,265,false],"large":["https:\/\/espacoecologico.com.br\/arquivo\/wp-content\/uploads\/2015\/03\/animal_tracao.jpg",415,265,false],"1536x1536":["https:\/\/espacoecologico.com.br\/arquivo\/wp-content\/uploads\/2015\/03\/animal_tracao.jpg",415,265,false],"2048x2048":["https:\/\/espacoecologico.com.br\/arquivo\/wp-content\/uploads\/2015\/03\/animal_tracao.jpg",415,265,false],"cream-magazine-thumbnail-2":["https:\/\/espacoecologico.com.br\/arquivo\/wp-content\/uploads\/2015\/03\/animal_tracao.jpg",415,265,false],"cream-magazine-thumbnail-3":["https:\/\/espacoecologico.com.br\/arquivo\/wp-content\/uploads\/2015\/03\/animal_tracao.jpg",415,265,false],"cream-magazine-thumbnail-4":["https:\/\/espacoecologico.com.br\/arquivo\/wp-content\/uploads\/2015\/03\/animal_tracao.jpg",415,265,false]},"uagb_author_info":{"display_name":"","author_link":"https:\/\/espacoecologico.com.br\/arquivo\/author\/"},"uagb_comment_info":0,"uagb_excerpt":"A c\u00e2mara municipal de Florian\u00f3polis aprovou o projeto de lei 1.352\/2014 que pro\u00edbe a circula\u00e7\u00e3o","_links":{"self":[{"href":"https:\/\/espacoecologico.com.br\/arquivo\/wp-json\/wp\/v2\/posts\/18536"}],"collection":[{"href":"https:\/\/espacoecologico.com.br\/arquivo\/wp-json\/wp\/v2\/posts"}],"about":[{"href":"https:\/\/espacoecologico.com.br\/arquivo\/wp-json\/wp\/v2\/types\/post"}],"author":[{"embeddable":true,"href":"https:\/\/espacoecologico.com.br\/arquivo\/wp-json\/wp\/v2\/users\/2"}],"replies":[{"embeddable":true,"href":"https:\/\/espacoecologico.com.br\/arquivo\/wp-json\/wp\/v2\/comments?post=18536"}],"version-history":[{"count":0,"href":"https:\/\/espacoecologico.com.br\/arquivo\/wp-json\/wp\/v2\/posts\/18536\/revisions"}],"wp:featuredmedia":[{"embeddable":true,"href":"https:\/\/espacoecologico.com.br\/arquivo\/wp-json\/wp\/v2\/media\/18537"}],"wp:attachment":[{"href":"https:\/\/espacoecologico.com.br\/arquivo\/wp-json\/wp\/v2\/media?parent=18536"}],"wp:term":[{"taxonomy":"category","embeddable":true,"href":"https:\/\/espacoecologico.com.br\/arquivo\/wp-json\/wp\/v2\/categories?post=18536"},{"taxonomy":"post_tag","embeddable":true,"href":"https:\/\/espacoecologico.com.br\/arquivo\/wp-json\/wp\/v2\/tags?post=18536"}],"curies":[{"name":"wp","href":"https:\/\/api.w.org\/{rel}","templated":true}]}}