{"id":18532,"date":"2015-03-30T15:12:26","date_gmt":"2015-03-30T15:12:26","guid":{"rendered":"https:\/\/espacoecologico.com.br\/arquivo\/?p=18532"},"modified":"2015-03-30T15:12:26","modified_gmt":"2015-03-30T15:12:26","slug":"quando-se-une-edificacao-e-paisagismo-o-verde-deixa-de-pertencer-apenas-ao-jardim","status":"publish","type":"post","link":"https:\/\/espacoecologico.com.br\/arquivo\/quando-se-une-edificacao-e-paisagismo-o-verde-deixa-de-pertencer-apenas-ao-jardim\/","title":{"rendered":"Quando se une edifica\u00e7\u00e3o e paisagismo, o verde deixa de pertencer apenas ao jardim"},"content":{"rendered":"<p><a href=\"https:\/\/espacoecologico.com.br\/arquivo\/wp-content\/uploads\/2015\/03\/verde_total.jpg\"><img loading=\"lazy\" class=\"alignleft size-medium wp-image-18533\" src=\"https:\/\/espacoecologico.com.br\/arquivo\/wp-content\/uploads\/2015\/03\/verde_total-300x192.jpg\" alt=\"\" width=\"300\" height=\"192\" srcset=\"https:\/\/espacoecologico.com.br\/arquivo\/wp-content\/uploads\/2015\/03\/verde_total-300x192.jpg 300w, https:\/\/espacoecologico.com.br\/arquivo\/wp-content\/uploads\/2015\/03\/verde_total.jpg 415w\" sizes=\"(max-width: 300px) 100vw, 300px\" \/><\/a>Temos visto diversos exemplos de arquiteturas que buscam integrar de maneira mais efetiva edifica\u00e7\u00e3o e paisagismo. Telhados verdes e jardins verticais tem se tornado populares e mesmo n\u00e3o sendo sistemas propriamente novos, est\u00e3o sendo mais praticados do que nunca.<\/p>\n<p>O projeto da <strong>Resid\u00eancia unifamiliar 1406<\/strong>\u00a0desenvolvido pelo est\u00fadio catal\u00e3o\u00a0<a href=\"http:\/\/www.on-a.es\/\"><strong>on-a arquitectura<\/strong><\/a>\u00a0tem como premissa mesclar o design da arquitetura contempor\u00e2nea com as caracter\u00edsticas naturais atrav\u00e9s de \u201ctapete\u201d vegetal que vai do jardim no t\u00e9rreo \u00e0 cobertura da casa criando a sensa\u00e7\u00e3o de um piso \u00fanico.<\/p>\n<p>A casa que lembra a letra \u201cC\u201d foi implantada de modo que otimizasse a circula\u00e7\u00e3o de ar no ambiente interno tornando sua temperatura confort\u00e1vel sem a necessidade de equipamentos de climatiza\u00e7\u00e3o. Al\u00e9m disso, seus fechamentos envidra\u00e7ados s\u00e3o sombreados e tornam os espa\u00e7os internos e externos ainda mais integrados sem comprometer o conforto ambiental.<\/p>\n<p>Localizada em uma plan\u00edcie na cidade de Tona em Barcelona, na Espanha, a casa conta com um fluxo repleto de vistas privilegiadas que come\u00e7am na entrada do terreno e terminam de frente para o rio Tona Castelo.<\/p>\n<p>A \u00e1rea edificada \u00e9 de cerca de 140 m\u00b2 em um uso racional e adequado do lote, sem excessos.<\/p>\n","protected":false},"excerpt":{"rendered":"<p>Temos visto diversos exemplos de arquiteturas que buscam integrar de maneira mais efetiva edifica\u00e7\u00e3o e<\/p>\n","protected":false},"author":2,"featured_media":18533,"comment_status":"open","ping_status":"open","sticky":false,"template":"","format":"standard","meta":[],"categories":[],"tags":[],"uagb_featured_image_src":{"full":["https:\/\/espacoecologico.com.br\/arquivo\/wp-content\/uploads\/2015\/03\/verde_total.jpg",415,265,false],"thumbnail":["https:\/\/espacoecologico.com.br\/arquivo\/wp-content\/uploads\/2015\/03\/verde_total-150x150.jpg",150,150,true],"medium":["https:\/\/espacoecologico.com.br\/arquivo\/wp-content\/uploads\/2015\/03\/verde_total-300x192.jpg",300,192,true],"medium_large":["https:\/\/espacoecologico.com.br\/arquivo\/wp-content\/uploads\/2015\/03\/verde_total.jpg",415,265,false],"large":["https:\/\/espacoecologico.com.br\/arquivo\/wp-content\/uploads\/2015\/03\/verde_total.jpg",415,265,false],"1536x1536":["https:\/\/espacoecologico.com.br\/arquivo\/wp-content\/uploads\/2015\/03\/verde_total.jpg",415,265,false],"2048x2048":["https:\/\/espacoecologico.com.br\/arquivo\/wp-content\/uploads\/2015\/03\/verde_total.jpg",415,265,false],"cream-magazine-thumbnail-2":["https:\/\/espacoecologico.com.br\/arquivo\/wp-content\/uploads\/2015\/03\/verde_total.jpg",415,265,false],"cream-magazine-thumbnail-3":["https:\/\/espacoecologico.com.br\/arquivo\/wp-content\/uploads\/2015\/03\/verde_total.jpg",415,265,false],"cream-magazine-thumbnail-4":["https:\/\/espacoecologico.com.br\/arquivo\/wp-content\/uploads\/2015\/03\/verde_total.jpg",415,265,false]},"uagb_author_info":{"display_name":"","author_link":"https:\/\/espacoecologico.com.br\/arquivo\/author\/"},"uagb_comment_info":0,"uagb_excerpt":"Temos visto diversos exemplos de arquiteturas que buscam integrar de maneira mais efetiva edifica\u00e7\u00e3o e","_links":{"self":[{"href":"https:\/\/espacoecologico.com.br\/arquivo\/wp-json\/wp\/v2\/posts\/18532"}],"collection":[{"href":"https:\/\/espacoecologico.com.br\/arquivo\/wp-json\/wp\/v2\/posts"}],"about":[{"href":"https:\/\/espacoecologico.com.br\/arquivo\/wp-json\/wp\/v2\/types\/post"}],"author":[{"embeddable":true,"href":"https:\/\/espacoecologico.com.br\/arquivo\/wp-json\/wp\/v2\/users\/2"}],"replies":[{"embeddable":true,"href":"https:\/\/espacoecologico.com.br\/arquivo\/wp-json\/wp\/v2\/comments?post=18532"}],"version-history":[{"count":0,"href":"https:\/\/espacoecologico.com.br\/arquivo\/wp-json\/wp\/v2\/posts\/18532\/revisions"}],"wp:featuredmedia":[{"embeddable":true,"href":"https:\/\/espacoecologico.com.br\/arquivo\/wp-json\/wp\/v2\/media\/18533"}],"wp:attachment":[{"href":"https:\/\/espacoecologico.com.br\/arquivo\/wp-json\/wp\/v2\/media?parent=18532"}],"wp:term":[{"taxonomy":"category","embeddable":true,"href":"https:\/\/espacoecologico.com.br\/arquivo\/wp-json\/wp\/v2\/categories?post=18532"},{"taxonomy":"post_tag","embeddable":true,"href":"https:\/\/espacoecologico.com.br\/arquivo\/wp-json\/wp\/v2\/tags?post=18532"}],"curies":[{"name":"wp","href":"https:\/\/api.w.org\/{rel}","templated":true}]}}