{"id":18521,"date":"2015-03-30T14:54:10","date_gmt":"2015-03-30T14:54:10","guid":{"rendered":"https:\/\/espacoecologico.com.br\/arquivo\/?p=18521"},"modified":"2015-03-30T14:54:10","modified_gmt":"2015-03-30T14:54:10","slug":"caverna-de-altamira-esta-sob-ameaca-alertam-especialistas-em-carta-a-unesco","status":"publish","type":"post","link":"https:\/\/espacoecologico.com.br\/arquivo\/caverna-de-altamira-esta-sob-ameaca-alertam-especialistas-em-carta-a-unesco\/","title":{"rendered":"Caverna de Altamira est\u00e1 sob amea\u00e7a, alertam especialistas em carta \u00e0 Unesco"},"content":{"rendered":"<p><a href=\"https:\/\/espacoecologico.com.br\/arquivo\/wp-content\/uploads\/2015\/03\/caverna.jpg\"><img loading=\"lazy\" class=\"alignleft size-medium wp-image-18522\" src=\"https:\/\/espacoecologico.com.br\/arquivo\/wp-content\/uploads\/2015\/03\/caverna-300x192.jpg\" alt=\"\" width=\"300\" height=\"192\" srcset=\"https:\/\/espacoecologico.com.br\/arquivo\/wp-content\/uploads\/2015\/03\/caverna-300x192.jpg 300w, https:\/\/espacoecologico.com.br\/arquivo\/wp-content\/uploads\/2015\/03\/caverna.jpg 415w\" sizes=\"(max-width: 300px) 100vw, 300px\" \/><\/a>Um total de 17 acad\u00eamicos e 70 pesquisadores da Universidade de Madri assinaram uma carta aberta \u00e0 Unesco argumentando que o acesso p\u00fablico para a caverna de Altamira \u201cp\u00f5e em perigo um legado fr\u00e1gil de grande import\u00e2ncia para a compreens\u00e3o da sociedade Paleol\u00edtica\u201d. O alerta vem apenas um ano depois que um dos locais hist\u00f3ricos mais importantes da Espanha foi reaberto ao p\u00fablico.<\/p>\n<p>Uma pesquisa sugeriu que o acesso estritamente limitado do p\u00fablico n\u00e3o prejudicaria a caverna, o que levou \u00e0 decis\u00e3o do Minist\u00e9rio da Cultura espanhol de reabrir. Mas isso foi um erro, na opini\u00e3o de peritos de Madri.<\/p>\n<p>\u201cA a\u00e7\u00e3o tomada pelo Minist\u00e9rio da Cultura espanhol \u00e9 uma clara amea\u00e7a \u00e0 sua conserva\u00e7\u00e3o\u201d, diz a carta. \u201cAcreditamos que a Unesco e outras organiza\u00e7\u00f5es internacionais dedicadas \u00e0 preserva\u00e7\u00e3o do patrim\u00f4nio cultural devem tomar nota dos perigos que as decis\u00f5es pol\u00edticas representam para a conserva\u00e7\u00e3o de Altamira.\u201d<\/p>\n<p>Especialistas acreditam que os desenhos &#8211; entre os mais antigos j\u00e1 encontrados &#8211; representam alguns dos exemplos mais bem preservados do per\u00edodo Paleol\u00edtico superior, que come\u00e7ou h\u00e1 cerca de 50 mil anos atr\u00e1s. A descoberta em 1879 \u00e9 creditada a um arque\u00f3logo amador, embora tenha sido relatado que na verdade foi sua filha mais nova que encontrou os desenhos de animais selvagens e de m\u00e3os humanas enquanto estava brincando. Com t\u00e9cnicas de data\u00e7\u00e3o, cientistas estimam que algumas das obras t\u00eam mais de 36 mil anos.<\/p>\n<p>Ao longo dos anos, o acesso do p\u00fablico ao local sempre foi controverso. Nos anos de 1960 e 1970, os especialistas repetidamente alertaram que grandes grupos de turistas danificaram as pinturas, at\u00e9 mesmo pela respira\u00e7\u00e3o, e o acesso do p\u00fablico terminou em 1977. Cinco anos depois, com controles r\u00edgidos, o que levou a uma lista de espera de tr\u00eas anos, e em 2001 uma r\u00e9plica da gruta foi constru\u00edda por aqueles que n\u00e3o queriam esperar tanto.<\/p>\n<p>Em 2002, turistas foram novamente impedidos de visitar Altamira, mas uma pesquisa por especialistas em 2011 concluiu que qualquer dano aos desenhos causados pelo acesso \u00e0 caverna j\u00e1 havia ocorrido. O Minist\u00e9rio da Cultura criou um sistema de loteria, o que permitiu que pequenos grupos visitassem o local por um pouco mais de meia hora a uma hora.<\/p>\n<p>Agora a diretoria de curadores da caverna deve decidir se essa decis\u00e3o foi equivocada. Em declara\u00e7\u00f5es ao jornal espanhol \u201cEl Pa\u00eds\u201d, no ano passado, o diretor de longa data da caverna, Jos\u00e9 Antonio Lasheras, disse: \u201cA miss\u00e3o da gest\u00e3o \u00e9 regular a conserva\u00e7\u00e3o e o uso adequado das cavernas, e pode ser que o que j\u00e1 foi considerado apropriado n\u00e3o \u00e9 mais assim, e vice-versa. Propus fechar a caverna em 2002 e assumir a responsabilidade pelo atual regime de visita p\u00fablica\u201d.<\/p>\n<div>\n<\/div>\n","protected":false},"excerpt":{"rendered":"<p>Um total de 17 acad\u00eamicos e 70 pesquisadores da Universidade de Madri assinaram uma carta<\/p>\n","protected":false},"author":2,"featured_media":18522,"comment_status":"open","ping_status":"open","sticky":false,"template":"","format":"standard","meta":[],"categories":[],"tags":[],"uagb_featured_image_src":{"full":["https:\/\/espacoecologico.com.br\/arquivo\/wp-content\/uploads\/2015\/03\/caverna.jpg",415,265,false],"thumbnail":["https:\/\/espacoecologico.com.br\/arquivo\/wp-content\/uploads\/2015\/03\/caverna-150x150.jpg",150,150,true],"medium":["https:\/\/espacoecologico.com.br\/arquivo\/wp-content\/uploads\/2015\/03\/caverna-300x192.jpg",300,192,true],"medium_large":["https:\/\/espacoecologico.com.br\/arquivo\/wp-content\/uploads\/2015\/03\/caverna.jpg",415,265,false],"large":["https:\/\/espacoecologico.com.br\/arquivo\/wp-content\/uploads\/2015\/03\/caverna.jpg",415,265,false],"1536x1536":["https:\/\/espacoecologico.com.br\/arquivo\/wp-content\/uploads\/2015\/03\/caverna.jpg",415,265,false],"2048x2048":["https:\/\/espacoecologico.com.br\/arquivo\/wp-content\/uploads\/2015\/03\/caverna.jpg",415,265,false],"cream-magazine-thumbnail-2":["https:\/\/espacoecologico.com.br\/arquivo\/wp-content\/uploads\/2015\/03\/caverna.jpg",415,265,false],"cream-magazine-thumbnail-3":["https:\/\/espacoecologico.com.br\/arquivo\/wp-content\/uploads\/2015\/03\/caverna.jpg",415,265,false],"cream-magazine-thumbnail-4":["https:\/\/espacoecologico.com.br\/arquivo\/wp-content\/uploads\/2015\/03\/caverna.jpg",415,265,false]},"uagb_author_info":{"display_name":"","author_link":"https:\/\/espacoecologico.com.br\/arquivo\/author\/"},"uagb_comment_info":0,"uagb_excerpt":"Um total de 17 acad\u00eamicos e 70 pesquisadores da Universidade de Madri assinaram uma carta","_links":{"self":[{"href":"https:\/\/espacoecologico.com.br\/arquivo\/wp-json\/wp\/v2\/posts\/18521"}],"collection":[{"href":"https:\/\/espacoecologico.com.br\/arquivo\/wp-json\/wp\/v2\/posts"}],"about":[{"href":"https:\/\/espacoecologico.com.br\/arquivo\/wp-json\/wp\/v2\/types\/post"}],"author":[{"embeddable":true,"href":"https:\/\/espacoecologico.com.br\/arquivo\/wp-json\/wp\/v2\/users\/2"}],"replies":[{"embeddable":true,"href":"https:\/\/espacoecologico.com.br\/arquivo\/wp-json\/wp\/v2\/comments?post=18521"}],"version-history":[{"count":0,"href":"https:\/\/espacoecologico.com.br\/arquivo\/wp-json\/wp\/v2\/posts\/18521\/revisions"}],"wp:featuredmedia":[{"embeddable":true,"href":"https:\/\/espacoecologico.com.br\/arquivo\/wp-json\/wp\/v2\/media\/18522"}],"wp:attachment":[{"href":"https:\/\/espacoecologico.com.br\/arquivo\/wp-json\/wp\/v2\/media?parent=18521"}],"wp:term":[{"taxonomy":"category","embeddable":true,"href":"https:\/\/espacoecologico.com.br\/arquivo\/wp-json\/wp\/v2\/categories?post=18521"},{"taxonomy":"post_tag","embeddable":true,"href":"https:\/\/espacoecologico.com.br\/arquivo\/wp-json\/wp\/v2\/tags?post=18521"}],"curies":[{"name":"wp","href":"https:\/\/api.w.org\/{rel}","templated":true}]}}