{"id":18517,"date":"2015-03-30T17:00:17","date_gmt":"2015-03-30T17:00:17","guid":{"rendered":"https:\/\/espacoecologico.com.br\/arquivo\/?p=18517"},"modified":"2015-03-30T14:40:32","modified_gmt":"2015-03-30T14:40:32","slug":"acostumado-a-navegar-com-pouca-agua-amyr-klink-da-dicas-para-economizar","status":"publish","type":"post","link":"https:\/\/espacoecologico.com.br\/arquivo\/acostumado-a-navegar-com-pouca-agua-amyr-klink-da-dicas-para-economizar\/","title":{"rendered":"Acostumado a navegar com pouca \u00e1gua, Amyr Klink d\u00e1 dicas para economizar"},"content":{"rendered":"<p><a href=\"https:\/\/espacoecologico.com.br\/arquivo\/wp-content\/uploads\/2015\/03\/navegador.jpg\"><img loading=\"lazy\" class=\"alignleft size-medium wp-image-18518\" src=\"https:\/\/espacoecologico.com.br\/arquivo\/wp-content\/uploads\/2015\/03\/navegador-300x192.jpg\" alt=\"\" width=\"300\" height=\"192\" srcset=\"https:\/\/espacoecologico.com.br\/arquivo\/wp-content\/uploads\/2015\/03\/navegador-300x192.jpg 300w, https:\/\/espacoecologico.com.br\/arquivo\/wp-content\/uploads\/2015\/03\/navegador.jpg 415w\" sizes=\"(max-width: 300px) 100vw, 300px\" \/><\/a>Caixa pl\u00e1stica, mangueira, bomba manual e \u00e1gua estocada. Com estes materiais o navegador Amyr Klink montou um chuveiro improvisado no fundo do seu escrit\u00f3rio, em Moema, zona sul da capital paulista, e conseguiu tomar banho em dias de falta de \u00e1gua na parte mais alta do bairro. &#8220;Antes de voc\u00ea chegar, eu estava instalando umas bombinhas aqui&#8221;, contou ele quando a reportagem do <strong>UOL <\/strong>visitou o local. \u00c9 assim, aproveitando-se de toda a expertise que tem, que ele pretende transformar o espa\u00e7o em um ambiente livre do desperd\u00edcio.<\/p>\n<p>Na sua primeira experi\u00eancia longa no mar, em 1984, quando realizou a travessia solit\u00e1ria a remo no Atl\u00e2ntico Sul, uma fa\u00e7anha que durou tr\u00eas meses e meio, Klink conta que usou apenas 2,7 litros de \u00e1gua por dia, um consumo muito abaixo do <a href=\"http:\/\/noticias.uol.com.br\/cotidiano\/ultimas-noticias\/2015\/02\/05\/rio-e-o-estado-que-mais-consome-agua-o-dobro-do-recomendado-pela-onu.htm\">recomendado pela ONU (Organiza\u00e7\u00e3o das Na\u00e7\u00f5es Unidas), que \u00e9 de 110 litros di\u00e1rios por pessoa.<\/a><\/p>\n<p>Anos depois, j\u00e1 a bordo do Paratii 2, durante sua segunda circunavega\u00e7\u00e3o pela Ant\u00e1rtida (entre 2003 e 2004), o gasto m\u00e9dio da embarca\u00e7\u00e3o aumentou para 10 litros por pessoa, &#8220;incluindo banho e cozinha&#8221;. Mas, diz ele, n\u00e3o houve &#8220;perrengue&#8221; por falta de \u00e1gua. Ao contr\u00e1rio, havia muito conforto e bem-estar para navegar as 13,3 mil milhas (ou 21,4 mil quil\u00f4metros) durante 76 dias, sem escalas.<\/p>\n<p>Em entrevista ao <strong>UOL<\/strong>, Klink deu dicas de como viver confortavelmente com pouca \u00e1gua e de mecanismos que podem ser instalados nas resid\u00eancias para ajudar a economizar.<\/p>\n<p><strong>UOL: Nas suas viagens, o senhor costumava gastar quanto de \u00e1gua por dia?<\/strong><\/p>\n<p><strong>Amyr Klink:<\/strong> Na minha primeira experi\u00eancia longa no mar, de tr\u00eas meses e meio, eu tive um consumo m\u00e9dio de 2,7 litros por dia. A m\u00e9dia brasileira \u00e9 de 170 a 200 litros por dia, e isso \u00e9 muita coisa. Depois eu fiz barcos mais sofisticados, como o Paratii 2. Eu fiz uma volta ao mundo com ele com conforto, com tecnologia, por uma rota muito dif\u00edcil, e tivemos [Amyr e a tripula\u00e7\u00e3o] um consumo de \u00e1gua com menos de 10 litros por pessoa por dia, incluindo banho e cozinha. Ent\u00e3o \u00e9 poss\u00edvel a gente se tornar mais eficiente.<\/p>\n<p><strong>UOL: Como voc\u00eas faziam isso?<\/strong><\/p>\n<p><strong>AK: <\/strong>Se policiando. \u00c9 poss\u00edvel tomar um banho bastante confort\u00e1vel com cinco litros de \u00e1gua. O problema \u00e9 que a gente n\u00e3o tem as solu\u00e7\u00f5es prontas. Esse, talvez, deveria ser o papel do governo, n\u00e3o de efetivamente trazer a solu\u00e7\u00e3o pronta, mas de regular, orientar, educar. Por exemplo, por que os fabricantes n\u00e3o t\u00eam torneiras mais inteligentes, torneiras de baixa press\u00e3o? Eu n\u00e3o quero baixa press\u00e3o na \u00e1gua que eu pago para ter. Eu quero ter a possibilidade de baixar a press\u00e3o na torneira. Eu n\u00e3o quero uma torneira que tem comando manual, porque se eu aciono uma torneira \u00e9 porque eu quero a \u00e1gua na m\u00e3o. O comando da \u00e1gua na torneira deveria ser no p\u00e9, como \u00e9 no barco. E n\u00e3o precisa ter caixa d&#8217;\u00e1gua. No barco, voc\u00ea n\u00e3o tem caixa d&#8217;\u00e1gua, nem tem \u00e1gua descendo por gravidade para a torneira, porque isso \u00e9 um estimulo ao desperd\u00edcio.<\/p>\n<p><strong>UOL: Onde fica a caixa d&#8217;\u00e1gua no barco?<\/strong><\/p>\n<p><strong>AK: <\/strong>Por uma quest\u00e3o de estabilidade, a caixa d&#8217;\u00e1gua fica no fundo, ent\u00e3o para ter \u00e1gua na bancada de cozinha do barco, por exemplo, \u00e9 preciso bombear [a \u00e1gua] para cima. Existe um comando de p\u00e9. Voc\u00ea encosta o p\u00e9 na alavanquinha e vem a quantidade exata de \u00e1gua que voc\u00ea quer, na press\u00e3o que voc\u00ea precisa. Para lavar lou\u00e7a, por exemplo, \u00e0s vezes voc\u00ea quer um jato forte para tirar um detrito e \u00e0s vezes voc\u00ea quer um jato fininho s\u00f3 para poder umedecer o sab\u00e3o.<\/p>\n<p><strong>UOL: Esses equipamentos s\u00e3o caros? D\u00e1 para adaptar para casa?<\/strong><\/p>\n<p><strong>AK: <\/strong>Importado, pagando os tributos criminosos que os brasileiros s\u00e3o obrigados a pagar, custa entre R$ 400 e R$ 500. Eu n\u00e3o considero caro. Se voc\u00ea comprar uma torneira de uma marca conhecida, por exemplo, que tem um produto extremamente mal desenhado, uma torneira que deveria ser inox 316l, mas \u00e9 de lat\u00e3o cromado ou pl\u00e1stico cromado, custa cerca de R$ 600.<\/p>\n<p>Al\u00e9m disso, no barco temos uma descarga com sistema a v\u00e1cuo que usa 450 ml, enquanto as descargas comuns consomem quase 15 litros a cada uso. Ela n\u00e3o d\u00e1 cheiro, mas \u00e9 um equipamento mais sofisticado. Um amigo encontrou outra solu\u00e7\u00e3o. Ele colocou um urinol no banheiro, daqueles que t\u00eam em rodovi\u00e1rias. Consome muito menos \u00e1gua e n\u00e3o d\u00e1 uma descarga toda vez que algu\u00e9m urinar.<\/p>\n<p><strong>UOL: Mas, eles s\u00e3o f\u00e1ceis de instalar?<\/strong><\/p>\n<p><strong>AK: <\/strong>\u00c9 muito f\u00e1cil instalar. Pode colocar embaixo da pia, usar em um reservat\u00f3rio em cada \u00e1rea de utiliza\u00e7\u00e3o da casa. Pode separar as \u00e1guas, reutilizar. As alternativas existem, o problema \u00e9 que como as pessoas nunca tinham passado por isso [uma crise h\u00eddrica], pelo menos n\u00e3o em tempos recentes, achavam que o recurso era infinito, mas ele n\u00e3o \u00e9. Ent\u00e3o, o que teremos que fazer como contribuintes, como consumidores? Teremos que repensar a maneira de utilizar.<\/p>\n<p><strong>UOL: O senhor poderia citar um h\u00e1bito simples da vida no barco, que poderia ser facilmente adaptado para a realidade das pessoas em casa?<\/strong><\/p>\n<p><strong>AK: <\/strong>Vou dar um exemplo: eu n\u00e3o sabia lavar a lou\u00e7a. A gente simplesmente deixa a torneira aberta e vai lavando [a lou\u00e7a]. Os restaurantes n\u00e3o t\u00eam ideia de como se lava lou\u00e7a. A primeira coisa que se aprende em um acampamento ingl\u00eas \u00e9 como lavar a lou\u00e7a. Voc\u00ea usa a mesma \u00e1gua para molha todos os utens\u00edlios, depois voc\u00ea usa outra \u00e1gua com sab\u00e3o e enx\u00e1gua. \u00c9 uma t\u00e9cnica diferente. Eu aprendi na Ant\u00e1rtida com um grupo de ingleses e fiquei chocado. Eu levei uma bronca de um deles, quando terminei minha primeira invernagem, eles ficaram chocados quando me viram lavando lou\u00e7a. E l\u00e1 a gente precisa derreter a neve. Tudo bem que o que n\u00e3o falta \u00e9 neve para derreter, mas isso custa combust\u00edvel, energia.<\/p>\n<p><strong>UOL:\u00a0<a href=\"http:\/\/noticias.uol.com.br\/meio-ambiente\/ultimas-noticias\/redacao\/2014\/09\/26\/amyr-klink-a-agua-e-muito-barata-aumenta-para-ver-o-que-acontece.htm\">Na nossa \u00faltima entrevista<\/a>, o senhor havia dito que aumentar o valor da \u00e1gua contribuiria para acabar com o desperd\u00edcio. J\u00e1 est\u00e1 em vigor lei que prev\u00ea<a href=\"http:\/\/noticias.uol.com.br\/ultimas-noticias\/agencia-estado\/2015\/02\/10\/mesmo-com-multa-22-gastam-mais-agua-da-sabesp-em-janeiro.htm\"> multa\u00a0de 50% na conta para quem gastar mais de 20% do que a m\u00e9dia entre fevereiro de 2013 e janeiro de 2014<\/a><\/strong> e\u00a0<strong><a href=\"http:\/\/noticias.uol.com.br\/ultimas-noticias\/agencia-estado\/2015\/02\/10\/mesmo-com-multa-22-gastam-mais-agua-da-sabesp-em-janeiro.htm\">de R$ 1.000 para quem for pego lavando cal\u00e7adas e carros<\/a>. Em sua opini\u00e3o, isso resolve?<\/strong><\/p>\n<p><strong>AK: <\/strong>N\u00e3o h\u00e1 d\u00favidas que colocar um pre\u00e7o maior [na \u00e1gua] faz as pessoas usarem com parcim\u00f4nia. Eu prefiro uma \u00e1gua mais cara e ter \u00e1gua do que ter uma \u00e1gua subsidiada e n\u00e3o ter. Acho que todo mundo prefere. Mas, isso \u00e9 um ato paliativo. O que resolveria era ter uma pol\u00edtica estrat\u00e9gica, ou seja, pensar no futuro e no quanto uma cidade deve crescer. Quando a gente olha para os pa\u00edses que tem uma urbaniza\u00e7\u00e3o, digamos, amig\u00e1vel, a cidade tem um limite para crescer.<\/p>\n<p><strong>UOL: Qual a sua opini\u00e3o sobre a maneira como governo de S\u00e3o Paulo vem enfrentando a crise h\u00eddrica?<\/strong><\/p>\n<p><strong>AK: <\/strong>Estou muito decepcionado com o governador, que conhe\u00e7o h\u00e1 anos e considero competente, que \u00e9 o Geraldo Alckmin [PSDB]. A desfa\u00e7atez com que ele foge de admitir que h\u00e1 um problema \u00e9 impressionante. A solu\u00e7\u00e3o do problema come\u00e7a quando voc\u00ea assume que tem um. Estou surpreso que n\u00e3o haja grandes movimentos de protesto, porque qualquer protesto violento seria perfeitamente justific\u00e1vel. N\u00f3s n\u00e3o temos gestores pensando estrategicamente, somos v\u00edtimas dessa vis\u00e3o pol\u00edtica de curto prazo e de interesses escusos que \u00e9 incapaz de antecipar problemas para daqui 10 anos, 20 anos. O que vai acontecer em S\u00e3o Paulo quando as minhas filhas tiverem maduras? Vai ser um caos.<\/p>\n<p><strong>UOL: O senhor est\u00e1 sofrendo com falta de \u00e1gua em casa?<\/strong><\/p>\n<p><strong>AK: <\/strong>N\u00f3s tivemos uns dias sem \u00e1gua e eu vim tomar banho aqui [no escrit\u00f3rio]. Curiosamente, aqui \u00e9 mais baixo do que a minha casa, que \u00e9 perto daqui. Eu juntei o filete de \u00e1gua que saia da torneira em caixas pl\u00e1sticas, coloquei uma bomba manual e tomei um banho maravilhoso. A \u00e1gua ainda estava morna, porque a caixa \u00e9 preta e esquenta com o sol. Quero trazer os equipamentos do barco para c\u00e1, bombas supereficientes e manuais. Eu sinto falta de propor esse tipo de desafio para as pessoas.<\/p>\n<p><strong>UOL: Voc\u00ea acha que as pessoas v\u00e3o adquirir um novo h\u00e1bito com essa crise?<\/strong><\/p>\n<p><strong>AK: <\/strong>Eu deveria achar, mas n\u00f3s passamos por uma crise de energia el\u00e9trica em anos anteriores\u00a0e na \u00e9poca todo mundo come\u00e7ou economizar. Mas, parece que hoje todo mundo esqueceu. Os h\u00e1bitos mudaram apenas durante algum tempo. Por isso, acho importante aumentar o pre\u00e7o dos recursos para nos lembrar da import\u00e2ncia que eles t\u00eam. Mas, \u00e9 preciso cobrar que o servi\u00e7o, mais caro, seja tamb\u00e9m mais efetivo.<\/p>\n<p>(Procurado, o governo de S\u00e3o Paulo n\u00e3o se manifestou sobre as declara\u00e7\u00f5es do navegador.)<\/p>\n","protected":false},"excerpt":{"rendered":"<p>Caixa pl\u00e1stica, mangueira, bomba manual e \u00e1gua estocada. Com estes materiais o navegador Amyr Klink<\/p>\n","protected":false},"author":2,"featured_media":18518,"comment_status":"open","ping_status":"open","sticky":false,"template":"","format":"standard","meta":[],"categories":[],"tags":[],"uagb_featured_image_src":{"full":["https:\/\/espacoecologico.com.br\/arquivo\/wp-content\/uploads\/2015\/03\/navegador.jpg",415,265,false],"thumbnail":["https:\/\/espacoecologico.com.br\/arquivo\/wp-content\/uploads\/2015\/03\/navegador-150x150.jpg",150,150,true],"medium":["https:\/\/espacoecologico.com.br\/arquivo\/wp-content\/uploads\/2015\/03\/navegador-300x192.jpg",300,192,true],"medium_large":["https:\/\/espacoecologico.com.br\/arquivo\/wp-content\/uploads\/2015\/03\/navegador.jpg",415,265,false],"large":["https:\/\/espacoecologico.com.br\/arquivo\/wp-content\/uploads\/2015\/03\/navegador.jpg",415,265,false],"1536x1536":["https:\/\/espacoecologico.com.br\/arquivo\/wp-content\/uploads\/2015\/03\/navegador.jpg",415,265,false],"2048x2048":["https:\/\/espacoecologico.com.br\/arquivo\/wp-content\/uploads\/2015\/03\/navegador.jpg",415,265,false],"cream-magazine-thumbnail-2":["https:\/\/espacoecologico.com.br\/arquivo\/wp-content\/uploads\/2015\/03\/navegador.jpg",415,265,false],"cream-magazine-thumbnail-3":["https:\/\/espacoecologico.com.br\/arquivo\/wp-content\/uploads\/2015\/03\/navegador.jpg",415,265,false],"cream-magazine-thumbnail-4":["https:\/\/espacoecologico.com.br\/arquivo\/wp-content\/uploads\/2015\/03\/navegador.jpg",415,265,false]},"uagb_author_info":{"display_name":"","author_link":"https:\/\/espacoecologico.com.br\/arquivo\/author\/"},"uagb_comment_info":0,"uagb_excerpt":"Caixa pl\u00e1stica, mangueira, bomba manual e \u00e1gua estocada. Com estes materiais o navegador Amyr Klink","_links":{"self":[{"href":"https:\/\/espacoecologico.com.br\/arquivo\/wp-json\/wp\/v2\/posts\/18517"}],"collection":[{"href":"https:\/\/espacoecologico.com.br\/arquivo\/wp-json\/wp\/v2\/posts"}],"about":[{"href":"https:\/\/espacoecologico.com.br\/arquivo\/wp-json\/wp\/v2\/types\/post"}],"author":[{"embeddable":true,"href":"https:\/\/espacoecologico.com.br\/arquivo\/wp-json\/wp\/v2\/users\/2"}],"replies":[{"embeddable":true,"href":"https:\/\/espacoecologico.com.br\/arquivo\/wp-json\/wp\/v2\/comments?post=18517"}],"version-history":[{"count":0,"href":"https:\/\/espacoecologico.com.br\/arquivo\/wp-json\/wp\/v2\/posts\/18517\/revisions"}],"wp:featuredmedia":[{"embeddable":true,"href":"https:\/\/espacoecologico.com.br\/arquivo\/wp-json\/wp\/v2\/media\/18518"}],"wp:attachment":[{"href":"https:\/\/espacoecologico.com.br\/arquivo\/wp-json\/wp\/v2\/media?parent=18517"}],"wp:term":[{"taxonomy":"category","embeddable":true,"href":"https:\/\/espacoecologico.com.br\/arquivo\/wp-json\/wp\/v2\/categories?post=18517"},{"taxonomy":"post_tag","embeddable":true,"href":"https:\/\/espacoecologico.com.br\/arquivo\/wp-json\/wp\/v2\/tags?post=18517"}],"curies":[{"name":"wp","href":"https:\/\/api.w.org\/{rel}","templated":true}]}}