{"id":18513,"date":"2015-03-30T16:00:48","date_gmt":"2015-03-30T16:00:48","guid":{"rendered":"https:\/\/espacoecologico.com.br\/arquivo\/?p=18513"},"modified":"2015-03-30T14:17:19","modified_gmt":"2015-03-30T14:17:19","slug":"projeto-tamar-comemora-35-anos-com-soltura-de-tartaruga-em-vitoria","status":"publish","type":"post","link":"https:\/\/espacoecologico.com.br\/arquivo\/projeto-tamar-comemora-35-anos-com-soltura-de-tartaruga-em-vitoria\/","title":{"rendered":"Projeto Tamar comemora 35 anos com soltura de tartaruga em Vit\u00f3ria"},"content":{"rendered":"<p><a href=\"https:\/\/espacoecologico.com.br\/arquivo\/wp-content\/uploads\/2015\/03\/projeto_tamar.jpg\"><img loading=\"lazy\" class=\"alignleft size-medium wp-image-18514\" src=\"https:\/\/espacoecologico.com.br\/arquivo\/wp-content\/uploads\/2015\/03\/projeto_tamar-300x192.jpg\" alt=\"\" width=\"300\" height=\"192\" srcset=\"https:\/\/espacoecologico.com.br\/arquivo\/wp-content\/uploads\/2015\/03\/projeto_tamar-300x192.jpg 300w, https:\/\/espacoecologico.com.br\/arquivo\/wp-content\/uploads\/2015\/03\/projeto_tamar.jpg 415w\" sizes=\"(max-width: 300px) 100vw, 300px\" \/><\/a>Uma tartaruga verde reabilitada foi levada de volta ao mar, em <a class=\"premium-tip\" href=\"http:\/\/g1.globo.com\/es\/espirito-santo\/cidade\/vitoria.html\">Vit\u00f3ria<\/a>, neste domingo (29). A a\u00e7\u00e3o fez parte da comemora\u00e7\u00e3o dos 35 anos do <a class=\"premium-tip\" href=\"http:\/\/g1.globo.com\/topico\/projeto-tamar.html\">Projeto Tamar<\/a>, que conta com um Centro de Visita\u00e7\u00e3o na Pra\u00e7a do Papa. As crian\u00e7as acompanharam de perto, ansiosos, a soltura do animal. Adultos tamb\u00e9m queriam ver de perto e tocar a tartaruga verde.<\/p>\n<p>Para celebrar os 35 anos do projeto, foram realizadas diversas apresenta\u00e7\u00f5es culturais, musicais, e v\u00e1rias atividades de sensibiliza\u00e7\u00e3o e educa\u00e7\u00e3o ambiental nas diversas bases do projeto. \u201cAlcan\u00e7amos resultados importantes nesses anos, pois nasceu uma nova gera\u00e7\u00e3o de tartarugas marinhas no pa\u00eds, que, aos poucos, vai reconquistando as praias\u201d, disse o coordenador nacional e um dos fundadores do Tamar, Guy Marcovaldi.<\/p>\n<div class=\"foto componente_materia midia-largura-300\"><img loading=\"lazy\" title=\"Soltura de tartaruga contou com a presen\u00e7a de crian\u00e7as e adultos no esp\u00edrito santo (Foto: Vitor Jubini\/A Gazeta)\" src=\"http:\/\/s2.glbimg.com\/FHANdjuXWByUq8NXmSG2ZbUHUV8=\/300x225\/s.glbimg.com\/jo\/g1\/f\/original\/2015\/03\/30\/tartaroga3-3793132.jpg\" alt=\"Soltura de tartaruga contou com a presen\u00e7a de crian\u00e7as e adultos no esp\u00edrito santo (Foto: Vitor Jubini\/A Gazeta)\" width=\"300\" height=\"225\" \/><strong>Soltura de tartaruga contou com a presen\u00e7a de<br \/>\ncrian\u00e7as e adultos (Foto: Vitor Jubini\/A Gazeta)<\/strong><\/div>\n<p>Desde a sua funda\u00e7\u00e3o, o projeto j\u00e1 levou cerca de 20 milh\u00f5es de filhotes ao mar. O Projeto Tamar \u00e9 uma coopera\u00e7\u00e3o entre o Centro Tamar\/Instituto Chico Mendes de Conserva\u00e7\u00e3o da Biodiversidade (<a class=\"premium-tip\" href=\"http:\/\/g1.globo.com\/topico\/icmbio\/\">ICMBio<\/a>) e a Funda\u00e7\u00e3o Pr\u00f3-Tamar.<\/p>\n<p>O projeto trabalha na pesquisa, prote\u00e7\u00e3o e manejo das cinco esp\u00e9cies de tartarugas marinhas que ocorrem no Brasil, todas amea\u00e7adas de extin\u00e7\u00e3o.<\/p>\n<p>Nos centros de visita\u00e7\u00e3o s\u00e3o apresentadas informa\u00e7\u00f5es sobre a biologia desses animais, amea\u00e7as a sua sobreviv\u00eancia e a import\u00e2ncia de proteg\u00ea-los. Mais de 15 milh\u00f5es de pessoas j\u00e1 visitaram o Tamar, presente em 25 comunidades costeiras no pa\u00eds.<\/p>\n","protected":false},"excerpt":{"rendered":"<p>Uma tartaruga verde reabilitada foi levada de volta ao mar, em Vit\u00f3ria, neste domingo (29).<\/p>\n","protected":false},"author":2,"featured_media":18514,"comment_status":"open","ping_status":"open","sticky":false,"template":"","format":"standard","meta":[],"categories":[],"tags":[],"uagb_featured_image_src":{"full":["https:\/\/espacoecologico.com.br\/arquivo\/wp-content\/uploads\/2015\/03\/projeto_tamar.jpg",415,265,false],"thumbnail":["https:\/\/espacoecologico.com.br\/arquivo\/wp-content\/uploads\/2015\/03\/projeto_tamar-150x150.jpg",150,150,true],"medium":["https:\/\/espacoecologico.com.br\/arquivo\/wp-content\/uploads\/2015\/03\/projeto_tamar-300x192.jpg",300,192,true],"medium_large":["https:\/\/espacoecologico.com.br\/arquivo\/wp-content\/uploads\/2015\/03\/projeto_tamar.jpg",415,265,false],"large":["https:\/\/espacoecologico.com.br\/arquivo\/wp-content\/uploads\/2015\/03\/projeto_tamar.jpg",415,265,false],"1536x1536":["https:\/\/espacoecologico.com.br\/arquivo\/wp-content\/uploads\/2015\/03\/projeto_tamar.jpg",415,265,false],"2048x2048":["https:\/\/espacoecologico.com.br\/arquivo\/wp-content\/uploads\/2015\/03\/projeto_tamar.jpg",415,265,false],"cream-magazine-thumbnail-2":["https:\/\/espacoecologico.com.br\/arquivo\/wp-content\/uploads\/2015\/03\/projeto_tamar.jpg",415,265,false],"cream-magazine-thumbnail-3":["https:\/\/espacoecologico.com.br\/arquivo\/wp-content\/uploads\/2015\/03\/projeto_tamar.jpg",415,265,false],"cream-magazine-thumbnail-4":["https:\/\/espacoecologico.com.br\/arquivo\/wp-content\/uploads\/2015\/03\/projeto_tamar.jpg",415,265,false]},"uagb_author_info":{"display_name":"","author_link":"https:\/\/espacoecologico.com.br\/arquivo\/author\/"},"uagb_comment_info":0,"uagb_excerpt":"Uma tartaruga verde reabilitada foi levada de volta ao mar, em Vit\u00f3ria, neste domingo (29).","_links":{"self":[{"href":"https:\/\/espacoecologico.com.br\/arquivo\/wp-json\/wp\/v2\/posts\/18513"}],"collection":[{"href":"https:\/\/espacoecologico.com.br\/arquivo\/wp-json\/wp\/v2\/posts"}],"about":[{"href":"https:\/\/espacoecologico.com.br\/arquivo\/wp-json\/wp\/v2\/types\/post"}],"author":[{"embeddable":true,"href":"https:\/\/espacoecologico.com.br\/arquivo\/wp-json\/wp\/v2\/users\/2"}],"replies":[{"embeddable":true,"href":"https:\/\/espacoecologico.com.br\/arquivo\/wp-json\/wp\/v2\/comments?post=18513"}],"version-history":[{"count":0,"href":"https:\/\/espacoecologico.com.br\/arquivo\/wp-json\/wp\/v2\/posts\/18513\/revisions"}],"wp:featuredmedia":[{"embeddable":true,"href":"https:\/\/espacoecologico.com.br\/arquivo\/wp-json\/wp\/v2\/media\/18514"}],"wp:attachment":[{"href":"https:\/\/espacoecologico.com.br\/arquivo\/wp-json\/wp\/v2\/media?parent=18513"}],"wp:term":[{"taxonomy":"category","embeddable":true,"href":"https:\/\/espacoecologico.com.br\/arquivo\/wp-json\/wp\/v2\/categories?post=18513"},{"taxonomy":"post_tag","embeddable":true,"href":"https:\/\/espacoecologico.com.br\/arquivo\/wp-json\/wp\/v2\/tags?post=18513"}],"curies":[{"name":"wp","href":"https:\/\/api.w.org\/{rel}","templated":true}]}}