{"id":18509,"date":"2015-03-30T15:00:05","date_gmt":"2015-03-30T15:00:05","guid":{"rendered":"https:\/\/espacoecologico.com.br\/arquivo\/?p=18509"},"modified":"2015-03-30T14:08:43","modified_gmt":"2015-03-30T14:08:43","slug":"brasil-fica-na-20a-posicao-em-ranking-internacional-de-perda-de-agua","status":"publish","type":"post","link":"https:\/\/espacoecologico.com.br\/arquivo\/brasil-fica-na-20a-posicao-em-ranking-internacional-de-perda-de-agua\/","title":{"rendered":"Brasil fica na 20\u00aa posi\u00e7\u00e3o em ranking internacional de perda de \u00e1gua"},"content":{"rendered":"<div id=\"materia-letra\" class=\"materia-conteudo entry-content\">\n<div>\n<p><a href=\"https:\/\/espacoecologico.com.br\/arquivo\/wp-content\/uploads\/2015\/03\/torneita_agua.jpg\"><img loading=\"lazy\" class=\"alignleft size-medium wp-image-18510\" src=\"https:\/\/espacoecologico.com.br\/arquivo\/wp-content\/uploads\/2015\/03\/torneita_agua-300x192.jpg\" alt=\"\" width=\"300\" height=\"192\" srcset=\"https:\/\/espacoecologico.com.br\/arquivo\/wp-content\/uploads\/2015\/03\/torneita_agua-300x192.jpg 300w, https:\/\/espacoecologico.com.br\/arquivo\/wp-content\/uploads\/2015\/03\/torneita_agua.jpg 415w\" sizes=\"(max-width: 300px) 100vw, 300px\" \/><\/a>Quando o assunto \u00e9 perda de \u00e1gua tratada, o Brasil ocupa a 20\u00aa posi\u00e7\u00e3o em um ranking com 43 pa\u00edses. O levantamento foi feito pelo IBNET (International Benchmarking Network for Water and Sanitation Utilities), com dados de 2011. De acordo com o estudo, o Brasil perde 39% de sua \u00e1gua tratada. As perdas antes que a \u00e1gua chegue ao consumidor final incluem casos como vazamentos e liga\u00e7\u00f5es clandestinas.<\/p>\n<div class=\"foto componente_materia midia-largura-300\"><img loading=\"lazy\" title=\"Perda de \u00e1gua por pa\u00eds (Foto: Editoria de Arte\/G1)\" src=\"http:\/\/s2.glbimg.com\/_kiCySfzAzT6cCMifcRjTclBXrA=\/s.glbimg.com\/jo\/g1\/f\/original\/2015\/03\/20\/perda_de_agua_por_pais_300.jpg\" alt=\"Perda de \u00e1gua por pa\u00eds (Foto: Editoria de Arte\/G1)\" width=\"300\" height=\"844\" \/><\/div>\n<p>Na lista, o Brasil fica atr\u00e1s de pa\u00edses como Vietn\u00e3 (que perde 31%), M\u00e9xico (24%), R\u00fassia (23%) e China (22%). O que mais perde \u00e1gua tratada na lista \u00e9 Fiji, um pa\u00eds insular da Oceania que desperdi\u00e7a 83% da \u00e1gua que trata. J\u00e1 entre os com menor \u00edndice de perda est\u00e3o Estados Unidos (13%) e Austr\u00e1lia (7%).<\/p>\n<p>O dado do IBNET em rela\u00e7\u00e3o ao Brasil em 2011 \u00e9 semelhante ao verificado no mesmo ano pelo Sistema Nacional de Informa\u00e7\u00f5es sobre Saneamento (SNIS), ligado ao Minist\u00e9rio das Cidades. Segundo o \u00f3rg\u00e3o, o \u00edndice de perda em 2011 era de 38,8%.<\/p>\n<p>O dado mais atualizado do SNIS sobre as perdas de \u00e1gua tratada no Brasil \u00e9 de 2013. Naquele ano, 37% da \u00e1gua tratada no pa\u00eds foi perdida.<\/p>\n<p>O n\u00famero representa 5,8 trilh\u00f5es de litros de \u00e1gua. Isso seria suficiente para abastecer a cidade de S\u00e3o Paulo por sete anos e meio. O c\u00e1lculo foi feito pelo <strong>G1<\/strong> levando em conta apenas a \u00e1gua utilizada para consumo humando, considerando que, em 2013, a m\u00e9dia de consumo no estado era de 188 litros di\u00e1rios por habitante, segundo o SNIS. J\u00e1 o Instituto Trata Brasil <a href=\"http:\/\/g1.globo.com\/economia\/crise-da-agua\/noticia\/2015\/03\/perda-por-agua-desperdicada-chega-r-8-bilhoes-ao-ano-aponta-estudo.html\">estima em 39,1% do total produzido <\/a>a perda de \u00e1gua tratada.<\/p>\n<p>A quantidade de \u00e1gua desperdi\u00e7ada inclui perdas com vazamentos em adutoras, redes, ramais, conex\u00f5es, reservat\u00f3rios e outras unidades operacionais do sistema. Esses vazamentos s\u00e3o verificados principalmente em tubula\u00e7\u00f5es da rede de distribui\u00e7\u00e3o, provocados especialmente pelo excesso de press\u00e3o em regi\u00f5es com grande varia\u00e7\u00e3o de relevo.<\/p>\n<p>Tamb\u00e9m est\u00e3o inclusas nos 37% as perdas chamadas pelo SNIS de \u201cn\u00e3o f\u00edsicas\u201d, que \u00e9 a \u00e1gua que foi efetivamente utilizada por\u00e9m n\u00e3o foi medida e deixou de gerar faturamento \u00e0s empresas prestadoras do servi\u00e7o. Isso compreende situa\u00e7\u00f5es como erros de medi\u00e7\u00e3o (hidr\u00f4metros inoperantes, com submedi\u00e7\u00e3o, erros de leitura, fraudes), liga\u00e7\u00f5es clandestinas, \u201cgatos\u201d e falhas no cadastro comercial.<\/p>\n<p>Os estados do Sudeste e do Centro-Oeste est\u00e3o abaixo da m\u00e9dia nacional de perda de \u00e1gua tratada, com \u00edndice de 33,4%. A regi\u00e3o que tem esse tipo de desperd\u00edcio mais acentuado \u00e9 a Norte (50,8%), seguida por Nordeste (45%) e Sul (35,1%). Entre as capitais, a varia\u00e7\u00e3o no \u00edndice de perdas \u00e9 ampla, com a menor em Goi\u00e2nia, com 21,3%, e a maior em Macap\u00e1, 73,6%.<\/p>\n<div class=\"foto componente_materia midia-largura-300\"><img loading=\"lazy\" title=\"Selo perda de \u00e1gua (Foto: G1)\" src=\"http:\/\/s2.glbimg.com\/ZcuVHlaxBFbe94f3w0GlvF1SKD4=\/s.glbimg.com\/jo\/g1\/f\/original\/2015\/03\/23\/perda_de_agua.jpg\" alt=\"Selo perda de \u00e1gua (Foto: G1)\" width=\"300\" height=\"230\" \/><\/div>\n<p><strong>Os \u2018ralos\u2019 das perdas no Brasil<\/strong><br \/>\nSegundo Rog\u00e9rio Aparecido Machado, professor de Qu\u00edmica e Gest\u00e3o Ambiental da Universidade Presbiteriana Mackenzie, os vazamentos e as liga\u00e7\u00f5es clandestinas de \u00e1gua realmente s\u00e3o respons\u00e1veis por uma grande parte da perda de \u00e1gua tratada. Por\u00e9m o especialista tamb\u00e9m atenta para a \u00e1gua tratada que \u00e9 lan\u00e7ada em rios polu\u00eddos.<\/p>\n<p>A gente perde muita \u00e1gua n\u00e3o s\u00f3 por vazamento, como tamb\u00e9m nessas liga\u00e7\u00f5es clandestinas as quais n\u00e3o t\u00eam controle algum. Mas h\u00e1 outra coisa: n\u00f3s perdemos muita \u00e1gua porque tratamos nas esta\u00e7\u00f5es de tratamento de esgoto e a maioria delas n\u00e3o retornam a \u00e1gua para os mananciais\u201d, aponta Machado.<\/p>\n<div class=\"grafico-cma componente_materia\">\n<div class=\"titulo-grafico\">\u00cdndice de perdas desde 2009<\/div>\n<div class=\"subtitulo-grafico\">Veja os valores em % por ano<\/div>\n<div class=\"chart-placeholder line\" data-highcharts-chart=\"0\" data-chart=\"{&quot;chart&quot;:{&quot;width&quot;:300,&quot;marginRight&quot;:20,&quot;type&quot;:&quot;line&quot;},&quot;colors&quot;:[&quot;#a80000&quot;,&quot;#a80000&quot;,&quot;#a80000&quot;,&quot;#a80000&quot;,&quot;#a80000&quot;,&quot;#a80000&quot;,&quot;#a80000&quot;,&quot;#a80000&quot;,&quot;#a80000&quot;,&quot;#a80000&quot;,&quot;#a80000&quot;,&quot;#a80000&quot;,&quot;#a80000&quot;,&quot;#a80000&quot;,&quot;#a80000&quot;,&quot;#a80000&quot;,&quot;#a80000&quot;,&quot;#a80000&quot;,&quot;#a80000&quot;,&quot;#0080ff&quot;,&quot;#a80000&quot;,&quot;#a80000&quot;,&quot;#a80000&quot;,&quot;#a80000&quot;,&quot;#a80000&quot;,&quot;#a80000&quot;,&quot;#a80000&quot;,&quot;#a80000&quot;,&quot;#a80000&quot;,&quot;#a80000&quot;,&quot;#a80000&quot;,&quot;#a80000&quot;,&quot;#a80000&quot;,&quot;#a80000&quot;,&quot;#a80000&quot;,&quot;#a80000&quot;,&quot;#a80000&quot;,&quot;#a80000&quot;,&quot;#a80000&quot;,&quot;#a80000&quot;,&quot;#a80000&quot;,&quot;#a80000&quot;,&quot;#a80000&quot;],&quot;plotOptions&quot;:{&quot;column&quot;:{&quot;dataLabels&quot;:{&quot;enabled&quot;:true,&quot;style&quot;:{&quot;color&quot;:&quot;#666&quot;,&quot;font&quot;:&quot;bold 12px Arial, helvetica, sans-serif&quot;}},&quot;colorByPoint&quot;:true},&quot;bar&quot;:{&quot;dataLabels&quot;:{&quot;enabled&quot;:true,&quot;overflow&quot;:&quot;none&quot;,&quot;crop&quot;:false,&quot;style&quot;:{&quot;color&quot;:&quot;#666&quot;,&quot;font&quot;:&quot;bold 12px Arial, helvetica, sans-serif&quot;}},&quot;colorByPoint&quot;:true},&quot;line&quot;:{&quot;marker&quot;:{&quot;enabled&quot;:false}},&quot;series&quot;:{&quot;lineWidth&quot;:3,&quot;dataLabels&quot;:{&quot;enabled&quot;:true,&quot;style&quot;:{&quot;font&quot;:&quot;bold 12px Arial, helvetica, sans-serif&quot;}}}},&quot;credits&quot;:{&quot;enabled&quot;:false},&quot;data&quot;:{&quot;csv&quot;:&quot;Ano, \u00edndice de perda em %\n2009, 41.6\n2010, 38.8\n2011, 38.8\n2012, 36.9\n2013, 37&quot;},&quot;title&quot;:{&quot;text&quot;:null},&quot;xAxis&quot;:{&quot;tickLength&quot;:0,&quot;labels&quot;:{&quot;style&quot;:{&quot;color&quot;:&quot;#999&quot;,&quot;font&quot;:&quot;normal 11px Arial, helvetica, sans-serif&quot;}},&quot;title&quot;:{&quot;text&quot;:null},&quot;gridLineColor&quot;:&quot;#eee&quot;},&quot;yAxis&quot;:{&quot;labels&quot;:{&quot;style&quot;:{&quot;color&quot;:&quot;#999&quot;,&quot;font&quot;:&quot;normal 11px Arial, helvetica, sans-serif&quot;}},&quot;title&quot;:{&quot;text&quot;:null},&quot;gridLineColor&quot;:&quot;#eee&quot;},&quot;legend&quot;:{&quot;itemStyle&quot;:{&quot;color&quot;:&quot;#666&quot;,&quot;font&quot;:&quot;bold 11px Arial, helvetica, sans-serif&quot;}}}\"><\/p>\n<div id=\"highcharts-0\" class=\"highcharts-container\">41,638,838,836,937\u00edndice de perda em %2010201236373839404142<\/div>\n<\/div>\n<div class=\"legenda-grafico\">Fonte: SNIS<\/div>\n<\/div>\n<p>\u201cA \u00e1gua vai acabar parando em rios polu\u00eddos. Se desperdi\u00e7a esse tratamento pois se devolve para o rio sujo na maioria das vezes.\u201d Em S\u00e3o Paulo, o professor cita como exemplo a \u00e1gua tratada que \u00e9 lan\u00e7ada no Ribeir\u00e3o dos Meninos, em S\u00e3o Caetano do Sul. \u201cVai para o Tamanduate\u00ed e Tiet\u00ea\u201d, descreve.<\/p>\n<p>Machado reconhece que lan\u00e7ar \u00e1gua tratada em locais polu\u00eddos como o Tiet\u00ea e o Pinheiros, em S\u00e3o Paulo, ajudam a n\u00e3o agravar a situa\u00e7\u00e3o desses rios. Por\u00e9m, ele afirma que a a\u00e7\u00e3o, al\u00e9m de desperdi\u00e7ar a \u00e1gua tratada, n\u00e3o \u00e9 suficiente para a limpeza dessas \u00e1guas contaminadas. \u201cVoc\u00ea diminui a quantidade de polui\u00e7\u00e3o desses rios, n\u00e3o tenha d\u00favida. S\u00f3 que seria muito mais inteligente retornar essa \u00e1gua a um rio que v\u00e1 cair para uma represa.\u201d<\/p>\n<p>Para Malu Ribeiro, coordenadora da Rede das \u00c1guas da Funda\u00e7\u00e3o SOS Mata Atl\u00e2ntica, lan\u00e7ar esgoto em \u00e1reas de mananciais \u00e9 uma medida \u201cperversa\u201d. \u201c\u00c9 o caso da Billings, em S\u00e3o Paulo, por exemplo. Isso \u00e9 um desperd\u00edcio muito maior do que o que se perde nos canos, ou o que a gente perde em casa lavando ch\u00e3o. Lan\u00e7ar esgoto sem tratamento em qualquer corpo d\u2019\u00e1gua \u00e9 crime. Mas, no Brasil, tem lei que pega e lei que n\u00e3o pega\u201d, afirma ela.<\/p>\n<p>Malu tamb\u00e9m atenta para casos de ocupa\u00e7\u00f5es habitacionais irregulares pr\u00f3ximas a \u00e1reas de represa, que acabam poluindo a \u00e1gua que poderia ser utilizada para consumo humano. \u201cEstima-se que a gente tenha 2,5 milh\u00f5es de pessoas morando nessas situa\u00e7\u00f5es em \u00e1reas de manancial na regi\u00e3o metropolitana [de S\u00e3o Paulo]. Essas pessoas est\u00e3o expostas a risco de sa\u00fade p\u00fablica, desprovidas do acesso a \u00e1gua tratada, alguns t\u00eam \u2018gato\u2019 de \u00e1gua\u201d, aponta. \u201cEsse perfil de ocupa\u00e7\u00e3o do solo sem planejamento dificulta a quest\u00e3o do saneamento.\u201d<\/p>\n<p>\u201cA gente tem que fazer moradia popular, mas em local adequado\u201d, defende Malu. \u201cColocar essas pessoas em \u00e1rea de manancial \u00e9 fazer o que foi feito de 1960 at\u00e9 o final dos anos 80. \u00c9 um crime.\u201d<\/p>\n<div class=\"frase-materia componente_materia\">\n<ul>\n<li>\u201cA gente perde muita \u00e1gua por vazamento e\u00a0 liga\u00e7\u00f5es clandestinas. Mas h\u00e1 esta\u00e7\u00f5es de tratamento de esgoto que n\u00e3o retornam a \u00e1gua para mananciais, e a \u00e1gua acaba em rios polu\u00eddos.&#8221;<\/li>\n<\/ul>\n<div class=\"autor\">Rog\u00e9rio Machado, professor de Qu\u00edmica e Gest\u00e3o Ambiental<\/div>\n<\/div>\n<p>Malu afirma que redes de saneamento muito antigas em capitais como Rio de Janeiro e S\u00e3o Paulo tamb\u00e9m contribuem para a manuten\u00e7\u00e3o de um alto \u00edndice de perda de \u00e1gua tratada. \u201cEssas capitais t\u00eam redes muito velhas\u201d, diz.<\/p>\n<p><strong>\u00c1gua n\u00e3o aproveitada<\/strong><br \/>\nMachado e Malu atentam para o mau aproveitamento da \u00e1gua da chuva no Brasil. \u201cTem tudo feito, mas na hora de aproveitar a \u00e1gua, n\u00e3o consegue. Existe tubula\u00e7\u00e3o na rua que \u00e9 s\u00f3 para pegar \u00e1gua da chuva. Essa \u00e1gua deveria estar pensada para n\u00e3o se sujar, para que no final da tubula\u00e7\u00e3o n\u00e3o estivesse misturada com esgoto e fosse para mananciais. Mas o problema \u00e9 que na tubula\u00e7\u00e3o por onde passa a \u00e1gua de chuva tem um monte de liga\u00e7\u00e3o de esgoto clandestino\u201d, diz Machado.<\/p>\n<p>Malu ressalta que a \u00e1gua da chuva em grandes centros urbanos j\u00e1 chega polu\u00edda por causa da pr\u00f3pria sujeira nas cidades. No entanto, ela n\u00e3o descarta o reuso dessa \u00e1gua.<\/p>\n<p>\u201c\u00c1gua de chuvas pode ser aproveitada mediante tratamentos, porque ela \u00e9 muito polu\u00edda. No Piscin\u00e3o do Pacaembu, em que a SOS Mata Atl\u00e2ntica faz an\u00e1lise de agua, ela \u00e9 muito polu\u00edda. Vem como todo tipo de contaminante. Mas pode ser essa \u2018\u00e1gua cinza\u2019 para lavar rua depois de feira livre, irrigar jardins, enfim, para usos menos nobres. S\u00f3 que n\u00e3o existe norma hoje. N\u00f3s precisamos criar uma orienta\u00e7\u00e3o t\u00e9cnica.\u201d<\/p>\n<p>Para Malu, o mau uso da \u00e1gua no Brasil reflete um fator cultural. \u201cA gente vive no Brasil com uma falsa ideia de abund\u00e2ncia de \u00e1gua\u201d, opina.<\/p>\n<p><strong>O que dizem as empresas<\/strong><br \/>\nO <strong>G1<\/strong> procurou o posicionamento de empresas respons\u00e1veis pelo abastecimento de \u00e1gua das regi\u00f5es metropolitanas de S\u00e3o Paulo, Rio de Janeiro e Minas Gerais.<\/p>\n<div class=\"frase-materia componente_materia\">\n<div class=\"frase\">A gente vive no Brasil com uma falsa ideia de abund\u00e2ncia de \u00e1gua&#8221;<\/div>\n<div class=\"autor\">Malu Ribeiro, da SOS Mata Atl\u00e2ntica<\/div>\n<\/div>\n<p>Em S\u00e3o Paulo, a Sabesp diz que em 2014 aumentou em 31% das vistorias de perdas de \u00e1gua com fraudes. No ano, o volume desviado por fraudes foi de 2,6 bilh\u00f5es de litros de \u00e1gua pot\u00e1vel, suficientes para abastecer 260 mil pessoas por um m\u00eas inteiro. O aumento no n\u00famero de fraudes detectadas foi de 13% em rela\u00e7\u00e3o a 2013, e o valor cobrado dos fraudadores foi de R$ 17,4 milh\u00f5es. \u201cO volume recuperado foi de 2,6 bilh\u00f5es de litros, o que corresponde a dois dias de produ\u00e7\u00e3o do Sistema Cantareira atualmente\u201d, diz a Sabesp.<\/p>\n<p>No Rio de Janeiro, a Cedae informou que o \u00edndice de perdas com vazamentos e liga\u00e7\u00f5es clandestinas \u00e9 de 30% de toda a \u00e1gua tratada. A empresa afirma que esse n\u00famero vem reduzindo ano a ano, por\u00e9m n\u00e3o possui dados fechados dos \u00faltimos meses.<\/p>\n<p>Em Minas, a Copasa divulgou em seu site que adotou um programa para reduzir o \u00edndice de perdas na Regi\u00e3o Metropolitana de Belo Horizonte, que atualmente chega a 40%. \u201cUma das principais a\u00e7\u00f5es foi o lan\u00e7amento do programa Ca\u00e7aGotas, que conta com 40 equipes de campo, cada uma com dois integrantes, especializadas no combate ao vazamento\u201d, diz a empresa. \u201cAs principais causas das perdas s\u00e3o os vazamentos no percurso entre a distribui\u00e7\u00e3o e o consumidor e as liga\u00e7\u00f5es clandestinas, conhecidas como \u2018gatos\u2019. A meta da Copasa \u00e9 reduzir o tempo de chegada das equipes aos locais de nove para quatro horas e, dessa forma, minimizar a gravidade das ocorr\u00eancias.\u201d<\/p>\n<\/div>\n<\/div>\n","protected":false},"excerpt":{"rendered":"<p>Quando o assunto \u00e9 perda de \u00e1gua tratada, o Brasil ocupa a 20\u00aa posi\u00e7\u00e3o em<\/p>\n","protected":false},"author":2,"featured_media":18510,"comment_status":"open","ping_status":"open","sticky":false,"template":"","format":"standard","meta":[],"categories":[],"tags":[],"uagb_featured_image_src":{"full":["https:\/\/espacoecologico.com.br\/arquivo\/wp-content\/uploads\/2015\/03\/torneita_agua.jpg",415,265,false],"thumbnail":["https:\/\/espacoecologico.com.br\/arquivo\/wp-content\/uploads\/2015\/03\/torneita_agua-150x150.jpg",150,150,true],"medium":["https:\/\/espacoecologico.com.br\/arquivo\/wp-content\/uploads\/2015\/03\/torneita_agua-300x192.jpg",300,192,true],"medium_large":["https:\/\/espacoecologico.com.br\/arquivo\/wp-content\/uploads\/2015\/03\/torneita_agua.jpg",415,265,false],"large":["https:\/\/espacoecologico.com.br\/arquivo\/wp-content\/uploads\/2015\/03\/torneita_agua.jpg",415,265,false],"1536x1536":["https:\/\/espacoecologico.com.br\/arquivo\/wp-content\/uploads\/2015\/03\/torneita_agua.jpg",415,265,false],"2048x2048":["https:\/\/espacoecologico.com.br\/arquivo\/wp-content\/uploads\/2015\/03\/torneita_agua.jpg",415,265,false],"cream-magazine-thumbnail-2":["https:\/\/espacoecologico.com.br\/arquivo\/wp-content\/uploads\/2015\/03\/torneita_agua.jpg",415,265,false],"cream-magazine-thumbnail-3":["https:\/\/espacoecologico.com.br\/arquivo\/wp-content\/uploads\/2015\/03\/torneita_agua.jpg",415,265,false],"cream-magazine-thumbnail-4":["https:\/\/espacoecologico.com.br\/arquivo\/wp-content\/uploads\/2015\/03\/torneita_agua.jpg",415,265,false]},"uagb_author_info":{"display_name":"","author_link":"https:\/\/espacoecologico.com.br\/arquivo\/author\/"},"uagb_comment_info":0,"uagb_excerpt":"Quando o assunto \u00e9 perda de \u00e1gua tratada, o Brasil ocupa a 20\u00aa posi\u00e7\u00e3o em","_links":{"self":[{"href":"https:\/\/espacoecologico.com.br\/arquivo\/wp-json\/wp\/v2\/posts\/18509"}],"collection":[{"href":"https:\/\/espacoecologico.com.br\/arquivo\/wp-json\/wp\/v2\/posts"}],"about":[{"href":"https:\/\/espacoecologico.com.br\/arquivo\/wp-json\/wp\/v2\/types\/post"}],"author":[{"embeddable":true,"href":"https:\/\/espacoecologico.com.br\/arquivo\/wp-json\/wp\/v2\/users\/2"}],"replies":[{"embeddable":true,"href":"https:\/\/espacoecologico.com.br\/arquivo\/wp-json\/wp\/v2\/comments?post=18509"}],"version-history":[{"count":0,"href":"https:\/\/espacoecologico.com.br\/arquivo\/wp-json\/wp\/v2\/posts\/18509\/revisions"}],"wp:featuredmedia":[{"embeddable":true,"href":"https:\/\/espacoecologico.com.br\/arquivo\/wp-json\/wp\/v2\/media\/18510"}],"wp:attachment":[{"href":"https:\/\/espacoecologico.com.br\/arquivo\/wp-json\/wp\/v2\/media?parent=18509"}],"wp:term":[{"taxonomy":"category","embeddable":true,"href":"https:\/\/espacoecologico.com.br\/arquivo\/wp-json\/wp\/v2\/categories?post=18509"},{"taxonomy":"post_tag","embeddable":true,"href":"https:\/\/espacoecologico.com.br\/arquivo\/wp-json\/wp\/v2\/tags?post=18509"}],"curies":[{"name":"wp","href":"https:\/\/api.w.org\/{rel}","templated":true}]}}