{"id":18504,"date":"2015-03-30T14:00:40","date_gmt":"2015-03-30T14:00:40","guid":{"rendered":"https:\/\/espacoecologico.com.br\/arquivo\/?p=18504"},"modified":"2015-03-30T09:59:53","modified_gmt":"2015-03-30T09:59:53","slug":"ibama-apreende-mais-de-mil-animais-marinhos-em-cinco-estados-e-no-df","status":"publish","type":"post","link":"https:\/\/espacoecologico.com.br\/arquivo\/ibama-apreende-mais-de-mil-animais-marinhos-em-cinco-estados-e-no-df\/","title":{"rendered":"Ibama apreende mais de mil animais marinhos em cinco estados e no DF"},"content":{"rendered":"<p><a href=\"https:\/\/espacoecologico.com.br\/arquivo\/wp-content\/uploads\/2015\/03\/trafico_peixe.jpg\"><img loading=\"lazy\" class=\"alignleft size-medium wp-image-18506\" src=\"https:\/\/espacoecologico.com.br\/arquivo\/wp-content\/uploads\/2015\/03\/trafico_peixe-300x192.jpg\" alt=\"\" width=\"300\" height=\"192\" srcset=\"https:\/\/espacoecologico.com.br\/arquivo\/wp-content\/uploads\/2015\/03\/trafico_peixe-300x192.jpg 300w, https:\/\/espacoecologico.com.br\/arquivo\/wp-content\/uploads\/2015\/03\/trafico_peixe.jpg 415w\" sizes=\"(max-width: 300px) 100vw, 300px\" \/><\/a>O Ibama, Instituto Brasileiro do Meio Ambiente, acaba de fazer uma grande opera\u00e7\u00e3o em cinco estados e no Distrito Federal. O Fant\u00e1stico acompanhou e revela agora o caminho da venda ilegal de animais marinhos que vivem na costa brasileira.<\/p>\n<p>Em Cabo Frio, no litoral do Rio de Janeiro, foram apreendidos 100 peixes da esp\u00e9cie gramma brasiliensis. Um peixe que at\u00e9 o fim do ano passado estava na lista dos animais amea\u00e7ados de extin\u00e7\u00e3o, e que ainda tem a venda proibida.<\/p>\n<p>\u201cEssa captura indiscriminada acaba influindo na cadeia ecol\u00f3gica dessas esp\u00e9cies\u201d, diz o analista ambiental do Ibama, Vinicius de Oliveira.<\/p>\n<p>Lojas foram autuadas em todo o Brasil, e os agentes do Ibama recolheram 1.033 animais. Tudo come\u00e7ou no Aeroporto Internacional do Rio, no setor de cargas de uma das companhias a\u00e9reas.<\/p>\n<p>No total, 547 peixes ornamentais foram enviados da Bahia para l\u00e1, onde seriam retirados pela empresa carioca Ocean King Ltda. Um representante da empresa chegou a vir at\u00e9 o aeroporto, mas o voo atrasou e ele desistiu de esperar. A carga ficou abandonada e sem oxig\u00eanio, os peixes morreram.<\/p>\n<p>O Ibama foi chamado. A empresa que enviou os peixes e a que deveria ter recolhido a carga foram autuadas por maus tratos aos animais. A Ocean King foi fechada. N\u00f3s tentamos ouvir os donos por telefone, mas n\u00e3o achamos ningu\u00e9m. Segundo os agentes do Ibama, o remetente ainda usou informa\u00e7\u00e3o falsa na nota fiscal. A nota dizia que um dos peixes transportados era o antennarius striatus, esp\u00e9cie permitida para comercializa\u00e7\u00e3o, mas o peixe enviado ao Rio de Janeiro era outro, o antennarius multiocellatus, conhecido como peixe sapo, que tem venda proibida.<\/p>\n<p>Foi rastreando as encomendas da empresa baiana, a Aquailha, que o Ibama chegou \u00e0s lojas que acabaram fechadas na opera\u00e7\u00e3o. Os peixes sa\u00edam da Ilha de Itaparica, perto de Salvador, uma regi\u00e3o cercada por recifes. Valdimir Souza, dono da Aquailha, \u00e9 conhecido dos pescadores de Itaparica.<\/p>\n<p>Os agentes vieram at\u00e9 uma loja de Valdimir em Salvador, na cidade baixa. Uma loja que vende peixes ornamentais, mas que n\u00e3o existe nos cadastros do Ibama. A loja \u00e9 um dep\u00f3sito onde os peixes ficam em aqu\u00e1rios muito sujos. Valdimir j\u00e1 tinha sido autuado em junho do ano passado.<\/p>\n<p>Porque voc\u00ea estava com esp\u00e9cimes que n\u00e3o podiam ser vendidas?<br \/>\nValdimir: Exato.<\/p>\n<p>\u201cEssa esp\u00e9cie aqui, por exemplo, chega a custar em torno de R$ 300 a R$ 400 reais em pet shops, tanto no Rio como em S\u00e3o Paulo\u201d, explica o coordenador da opera\u00e7\u00e3o, Leonardo Tom\u00e1s.<\/p>\n<p>Pela remessa dos peixes que morreram no aeroporto do Rio, os agentes do Ibama aplicaram a Valdimir uma multa de mais de R$ 900 mil e embargaram a empresa Aquailha.<\/p>\n<p>A internet tamb\u00e9m \u00e9 usada no com\u00e9rcio ilegal de peixes. Em S\u00e3o Paulo um fiscal do Ibama se diz interessado em peixes anunciados em um site.<\/p>\n<p>Fiscal: Eu vi o an\u00fancio de voc\u00eas no site, eu queria dar uma olhadinha nos peixes.<br \/>\nVoz: Pode ir l\u00e1 que ele t\u00e1 l\u00e1.<\/p>\n<p>O Ibama tinha recebido den\u00fancias de irregularidades naquela empresa. Nossos rep\u00f3rteres entram com os fiscais no dep\u00f3sito de peixes.<\/p>\n<p>Fiscal: Como \u00e9 seu nome?<br \/>\nJorge: Jorge.<br \/>\nFiscal: Tudo bem, Jorge? Vamos dar uma olhada no que voc\u00ea tem a\u00ed, esse com\u00e9rcio que voc\u00ea faz pela internet.<\/p>\n<p>Os fiscais encontraram peixes que n\u00e3o podem ser comercializados, como o gramma brasiliensis.<\/p>\n<p>Jorge diz que o comprou de uma pessoa que se desfez de um aqu\u00e1rio.<\/p>\n<p>Jorge: Esse gramma veio de um desmonte, n\u00e3o sei te afirmar, mas provavelmente \u00e9 um brasiliensis.<br \/>\nFiscal: O que voc\u00ea tem de ilegal aqui?<br \/>\nJorge: Ilegal? Ele. A estrela. O ouri\u00e7o.<\/p>\n<p>O jornalista Arthur Guimar\u00e3es se apresenta como produtor da TV Globo e pede uma entrevista:<\/p>\n<p>Arthur: Posso te fazer umas perguntas espec\u00edficas?<br \/>\nJorge de Assun\u00e7\u00e3o, vendedor de peixes: Pode.<\/p>\n<p>E pergunta se ele compra peixes de Valdimir, o fornecedor da Bahia.<br \/>\nJorge: No in\u00edcio, eu comprei.<br \/>\nArthur: A estrela vem de onde?<br \/>\nJorge: Fornecedor. Passa uma vez por m\u00eas e vende pra gente.<br \/>\nArthur: Com nota?<br \/>\nJorge: N\u00e3o.<\/p>\n<p>Os fiscais do Ibama decidem levar os bichos proibidos.<\/p>\n<p>Fiscal: Voc\u00ea vai acondicionar esses peixes pra que a gente possa levar.<\/p>\n<p>Nesse momento o comerciante come\u00e7a a reagir com viol\u00eancia.<\/p>\n<p>Jorge: Agora eu estou ficando nervoso. Eu n\u00e3o quero ser preso, eu estou ficando nervoso. Estou perdendo a paci\u00eancia, j\u00e1 estou nervoso.<\/p>\n<p>Ele grita para a equipe de reportagem.<\/p>\n<p>Jorge: Fora da minha casa. Eu tenho direito, fora da minha casa.<\/p>\n<p>A equipe sai, mas o cinegrafista \u00e9 agredido no corredor da sa\u00edda.<\/p>\n<p>Jorge amea\u00e7a: &#8220;Eu vou fazer uma merda, agora que eu vou querer ser preso! Sai daqui. Sai daqui&#8221;.<\/p>\n<p>J\u00e1 na rua, as agress\u00f5es continuam. O filho do comerciante d\u00e1 mais um tapa na lente da c\u00e2mera e o pr\u00f3prio fiscal do Ibama tenta acalmar o dono da empresa.<\/p>\n<p>Fiscal: Jorge, isso \u00e9 agress\u00e3o, Jorge! Para com isso! Voc\u00ea est\u00e1 agredindo. Mas \u00e9 l\u00f3gico, voc\u00ea que veio agredir ele no lado de c\u00e1, Jorge.<\/p>\n<p>Saldo da confus\u00e3o: 23 peixes, entre eles o grama brasileiro, estrelas do mar e ouri\u00e7os resgatados pelo Ibama, al\u00e9m de uma multa de cerca de R$ 11 mil. Eles ter\u00e3o o mesmo destino dos bichos apreendidos nos outros estados.<\/p>\n<p>Em uma embarca\u00e7\u00e3o da Capit\u00e2nia dos Portos, a equipe do Fant\u00e1stico acompanha a soltura dos peixes. Dos aqu\u00e1rios eles v\u00e3o agora para uma regi\u00e3o de recifes na Ba\u00eda de Todos os Santos. Est\u00e3o voltando pra casa, uma \u00e1rea bem maior para explorar.<\/p>\n","protected":false},"excerpt":{"rendered":"<p>O Ibama, Instituto Brasileiro do Meio Ambiente, acaba de fazer uma grande opera\u00e7\u00e3o em cinco<\/p>\n","protected":false},"author":2,"featured_media":18506,"comment_status":"open","ping_status":"open","sticky":false,"template":"","format":"standard","meta":[],"categories":[],"tags":[],"uagb_featured_image_src":{"full":["https:\/\/espacoecologico.com.br\/arquivo\/wp-content\/uploads\/2015\/03\/trafico_peixe.jpg",415,265,false],"thumbnail":["https:\/\/espacoecologico.com.br\/arquivo\/wp-content\/uploads\/2015\/03\/trafico_peixe-150x150.jpg",150,150,true],"medium":["https:\/\/espacoecologico.com.br\/arquivo\/wp-content\/uploads\/2015\/03\/trafico_peixe-300x192.jpg",300,192,true],"medium_large":["https:\/\/espacoecologico.com.br\/arquivo\/wp-content\/uploads\/2015\/03\/trafico_peixe.jpg",415,265,false],"large":["https:\/\/espacoecologico.com.br\/arquivo\/wp-content\/uploads\/2015\/03\/trafico_peixe.jpg",415,265,false],"1536x1536":["https:\/\/espacoecologico.com.br\/arquivo\/wp-content\/uploads\/2015\/03\/trafico_peixe.jpg",415,265,false],"2048x2048":["https:\/\/espacoecologico.com.br\/arquivo\/wp-content\/uploads\/2015\/03\/trafico_peixe.jpg",415,265,false],"cream-magazine-thumbnail-2":["https:\/\/espacoecologico.com.br\/arquivo\/wp-content\/uploads\/2015\/03\/trafico_peixe.jpg",415,265,false],"cream-magazine-thumbnail-3":["https:\/\/espacoecologico.com.br\/arquivo\/wp-content\/uploads\/2015\/03\/trafico_peixe.jpg",415,265,false],"cream-magazine-thumbnail-4":["https:\/\/espacoecologico.com.br\/arquivo\/wp-content\/uploads\/2015\/03\/trafico_peixe.jpg",415,265,false]},"uagb_author_info":{"display_name":"","author_link":"https:\/\/espacoecologico.com.br\/arquivo\/author\/"},"uagb_comment_info":0,"uagb_excerpt":"O Ibama, Instituto Brasileiro do Meio Ambiente, acaba de fazer uma grande opera\u00e7\u00e3o em cinco","_links":{"self":[{"href":"https:\/\/espacoecologico.com.br\/arquivo\/wp-json\/wp\/v2\/posts\/18504"}],"collection":[{"href":"https:\/\/espacoecologico.com.br\/arquivo\/wp-json\/wp\/v2\/posts"}],"about":[{"href":"https:\/\/espacoecologico.com.br\/arquivo\/wp-json\/wp\/v2\/types\/post"}],"author":[{"embeddable":true,"href":"https:\/\/espacoecologico.com.br\/arquivo\/wp-json\/wp\/v2\/users\/2"}],"replies":[{"embeddable":true,"href":"https:\/\/espacoecologico.com.br\/arquivo\/wp-json\/wp\/v2\/comments?post=18504"}],"version-history":[{"count":0,"href":"https:\/\/espacoecologico.com.br\/arquivo\/wp-json\/wp\/v2\/posts\/18504\/revisions"}],"wp:featuredmedia":[{"embeddable":true,"href":"https:\/\/espacoecologico.com.br\/arquivo\/wp-json\/wp\/v2\/media\/18506"}],"wp:attachment":[{"href":"https:\/\/espacoecologico.com.br\/arquivo\/wp-json\/wp\/v2\/media?parent=18504"}],"wp:term":[{"taxonomy":"category","embeddable":true,"href":"https:\/\/espacoecologico.com.br\/arquivo\/wp-json\/wp\/v2\/categories?post=18504"},{"taxonomy":"post_tag","embeddable":true,"href":"https:\/\/espacoecologico.com.br\/arquivo\/wp-json\/wp\/v2\/tags?post=18504"}],"curies":[{"name":"wp","href":"https:\/\/api.w.org\/{rel}","templated":true}]}}